{"id":159960,"date":"2025-10-06T20:54:08","date_gmt":"2025-10-06T20:54:08","guid":{"rendered":"https:\/\/www.europesays.com\/es\/159960\/"},"modified":"2025-10-06T20:54:08","modified_gmt":"2025-10-06T20:54:08","slug":"adrian-luna-martinetti-dio-el-peso-y-peleara-ante-mark-vologdin-por-un-contrato-en-la-ufc","status":"publish","type":"post","link":"https:\/\/www.europesays.com\/es\/159960\/","title":{"rendered":"Adri\u00e1n Luna Martinetti dio el peso y pelear\u00e1 ante Mark Vologdin por un contrato en la UFC"},"content":{"rendered":"<p wf_formattings=\"a,b\" class=\"c-text\"><a href=\"https:\/\/www.primicias.ec\/noticias\/jugada\/adrian-andres-luna-historia-ufc-programa-desarrollo-ecuador\/\" title=\"De pelear en la calle al programa de desarrollo de UFC: La historia de los gemelos Luna Martinetti\" rel=\"nofollow noopener\" target=\"_blank\">El ecuatoriano Adri\u00e1n Luna Martinetti<\/a> dio el pesaje para combatir este martes 6 de octubre de 2025 ante el ruso Mark Vologdin por <b>un contrato en la UFC.<\/b><\/p>\n<p wf_formattings=\"a,b\" class=\"c-text\"><b>La balanza dio 136 libras luego del pesaje del tricolor <\/b>y con esto qued\u00f3 oficializada su presencia en el oct\u00e1gono por la categor\u00eda <a href=\"\">peso gallo <\/a>en el Dana White\u00b4s Contender Series (DWCS).<\/p>\n<p wf_formattings=\"a,b\" class=\"c-text\"><b>El deportista guayaquile\u00f1o tiene 29 a\u00f1os <\/b>y un r\u00e9cord profesional de <b>16 victorias y una sola derrota por decisi\u00f3n.<\/b><\/p>\n<p wf_formattings=\"a,b\" class=\"c-text\">Es as\u00ed como Luna tiene como objetivo<b> ser el cuarto ecuatoriano en la UFC, <\/b>de la que ya forma parte <a href=\"https:\/\/www.primicias.ec\/deportes\/mas-deportes\/marlon-chito-vera-ufc-aiemann-zahabi-pelea-102531\/\" title=\"&#039;Chito&#039; Vera se enfrentar\u00e1 a Aiemann Zahabi en su pr\u00f3xima pelea por la UFC\" rel=\"nofollow noopener\" target=\"_blank\">Marlon &#8216;Chito&#8217; Vera<\/a>, <b>Michael Morales<\/b> y Carlos Vera.<\/p>\n<blockquote class=\"twitter-tweet\" data-media-max-width=\"560\">\n<p lang=\"es\" dir=\"ltr\">\u00a1PESAJE LISTO! \ud83c\uddea\ud83c\udde8\u2705 El ecuatoriano Adri\u00e1n Luna Martinetti marca 136lbs y queda listo para su pelea ante Mark Vologdin (136lbs) en el Dana White Contender Series.<\/p>\n<p>Su combate es ma\u00f1ana donde puede ganar un contrato con UFC. V\u00eddeo <a href=\"https:\/\/twitter.com\/MMAJunkie?ref_src=twsrc%5Etfw\" rel=\"nofollow noopener\" target=\"_blank\">@MMAJunkie<\/a> <a href=\"https:\/\/t.co\/4yQIhXI2is\" rel=\"nofollow\">pic.twitter.com\/4yQIhXI2is<\/a><\/p>\n<p>\u2014 Ferz Paucar \ud83c\uddea\ud83c\udde8 (@FerzPaucar) <a href=\"https:\/\/twitter.com\/FerzPaucar\/status\/1975251030594969882?ref_src=twsrc%5Etfw\" rel=\"nofollow noopener\" target=\"_blank\">October 6, 2025<\/a><\/p><\/blockquote>\n<p><script async src=\"https:\/\/platform.twitter.com\/widgets.js\" charset=\"utf-8\"><\/script><\/p>\n","protected":false},"excerpt":{"rendered":"El ecuatoriano Adri\u00e1n Luna Martinetti dio el pesaje para combatir este martes 6 de octubre de 2025 ante&hellip;\n","protected":false},"author":2,"featured_media":159961,"comment_status":"","ping_status":"","sticky":false,"template":"","format":"standard","meta":{"footnotes":""},"categories":[276],"tags":[2722,168,13653,25,24,1935,15834,853,23,167,343],"class_list":{"0":"post-159960","1":"post","2":"type-post","3":"status-publish","4":"format-standard","5":"has-post-thumbnail","7":"category-ufc","8":"tag-adrian","9":"tag-deportes","10":"tag-dio","11":"tag-es","12":"tag-espana","13":"tag-luna","14":"tag-martinetti","15":"tag-peso","16":"tag-spain","17":"tag-sports","18":"tag-ufc"},"share_on_mastodon":{"url":"","error":""},"_links":{"self":[{"href":"https:\/\/www.europesays.com\/es\/wp-json\/wp\/v2\/posts\/159960","targetHints":{"allow":["GET"]}}],"collection":[{"href":"https:\/\/www.europesays.com\/es\/wp-json\/wp\/v2\/posts"}],"about":[{"href":"https:\/\/www.europesays.com\/es\/wp-json\/wp\/v2\/types\/post"}],"author":[{"embeddable":true,"href":"https:\/\/www.europesays.com\/es\/wp-json\/wp\/v2\/users\/2"}],"replies":[{"embeddable":true,"href":"https:\/\/www.europesays.com\/es\/wp-json\/wp\/v2\/comments?post=159960"}],"version-history":[{"count":0,"href":"https:\/\/www.europesays.com\/es\/wp-json\/wp\/v2\/posts\/159960\/revisions"}],"wp:featuredmedia":[{"embeddable":true,"href":"https:\/\/www.europesays.com\/es\/wp-json\/wp\/v2\/media\/159961"}],"wp:attachment":[{"href":"https:\/\/www.europesays.com\/es\/wp-json\/wp\/v2\/media?parent=159960"}],"wp:term":[{"taxonomy":"category","embeddable":true,"href":"https:\/\/www.europesays.com\/es\/wp-json\/wp\/v2\/categories?post=159960"},{"taxonomy":"post_tag","embeddable":true,"href":"https:\/\/www.europesays.com\/es\/wp-json\/wp\/v2\/tags?post=159960"}],"curies":[{"name":"wp","href":"https:\/\/api.w.org\/{rel}","templated":true}]}}