{"id":159962,"date":"2025-10-06T20:58:14","date_gmt":"2025-10-06T20:58:14","guid":{"rendered":"https:\/\/www.europesays.com\/es\/159962\/"},"modified":"2025-10-06T20:58:14","modified_gmt":"2025-10-06T20:58:14","slug":"cdmx-despegar-goza-un-boom-de-interes-hotelero-por-la-formula-1","status":"publish","type":"post","link":"https:\/\/www.europesays.com\/es\/159962\/","title":{"rendered":"CDMX: Despegar goza un boom de inter\u00e9s hotelero por la F\u00f3rmula 1"},"content":{"rendered":"<p><img fetchpriority=\"high\" decoding=\"async\" class=\"aligncenter size-full wp-image-264314\" src=\"https:\/\/www.europesays.com\/es\/wp-content\/uploads\/2025\/10\/gran-premio-F1-CDMX-e1759276392613.jpg\" alt=\"\" width=\"640\" height=\"358\" \/><\/p>\n<p>La capital mexicana se prepara para recibir la d\u00e9cima edici\u00f3n del Gran Premio de M\u00e9xico de F\u00f3rmula 1, que se llevar\u00e1 a cabo del 24 al 26 de octubre de 2025. Reconocido por la Federaci\u00f3n Internacional del Autom\u00f3vil (FIA) como el \u201cmejor evento del a\u00f1o\u201d por quinta ocasi\u00f3n, el evento promete reunir a m\u00e1s de 400 mil aficionados en el Aut\u00f3dromo Hermanos Rodr\u00edguez, consolid\u00e1ndose como una gran oportunidad para el turismo nacional.<\/p>\n<p>En este marco, Despegar registr\u00f3 un aumento del 65% en las b\u00fasquedas de hoteles en Ciudad de M\u00e9xico para las fechas del Gran Premio, lo que refleja el creciente inter\u00e9s de miles de viajeros en disfrutar no solo de la experiencia, sino tambi\u00e9n de la oferta tur\u00edstica que ofrece la capital.<\/p>\n<p>\u201cEl Gran Premio de M\u00e9xico es un motor de atracci\u00f3n tur\u00edstica que posiciona a la ciudad en el mapa mundial. En Despegar vemos un gran entusiasmo de los viajeros por explorar la gastronom\u00eda, la cultura y las tradiciones, y nos emociona ser la plataforma que los conecta con experiencias \u00fanicas dentro y fuera del circuito\u201d, afirma Santiago Elijovich, VP y Country Manager de Despegar en M\u00e9xico.<\/p>\n<p>Con los boletos ya agotados, la capital tambi\u00e9n ofrece experiencias como la transmisi\u00f3n de las carreras en diferentes puntos y restaurantes, al igual que actividades relacionadas con las festividades de D\u00eda de Muertos. Adem\u00e1s, se puede disfrutar de excursiones a sitios de inter\u00e9s, museos, centros comerciales, eventos culturales y parques al aire libre.<\/p>\n<p>As\u00ed, Ciudad de M\u00e9xico contin\u00faa fortaleciendo su posici\u00f3n como anfitri\u00f3n estrella de eventos deportivos, como la F\u00f3rmula 1, reforzando su atractivo para colocarse entre los destinos tur\u00edsticos de clase mundial donde el deporte, la cultura y la hospitalidad se fusionan.<\/p>\n<p>De acuerdo con la Secretar\u00eda del Gobierno de M\u00e9xico, en 2024 la carrera de F1 permiti\u00f3 una ocupaci\u00f3n hotelera del 79.2% y una derrama econ\u00f3mica por servicios tur\u00edsticos y alojamientos de aproximadamente 2 mil millones de pesos. Sumado a esto, el evento rompi\u00f3 el r\u00e9cord de asistencia por quinto a\u00f1o consecutivo, resultando en una recaudaci\u00f3n total de m\u00e1s de 19 mil millones de pesos entre venta de boletos, souvenirs, transmisi\u00f3n en medios masivos, transporte, consumo de alimentos, entre otros, seg\u00fan inform\u00f3 la Secretar\u00eda de Desarrollo Econ\u00f3mico (SEDECO).<\/p>\n<p>Como lo inform\u00f3 REPORTUR.mx, el empresario y padre del piloto mexicano Sergio \u201cCheco\u201d P\u00e9rez, Antonio P\u00e9rez Garibay, dio a conocer en 202 el proyecto que encabezaba para lograr, por fin, la realizaci\u00f3n del Gran Premio de F\u00f3rmula 1 en Canc\u00fan, lo que requer\u00eda una inversi\u00f3n de entre 400 y 600 millones de d\u00f3lares. (<a href=\"https:\/\/www.reportur.com\/estados-unidos\/2022\/07\/15\/cancun-empresarios-buscan-aval-de-amlo-para-traer-la-formula-1\/\" rel=\"nofollow noopener\" target=\"_blank\">Canc\u00fan: empresarios buscan aval de AMLO para traer la F\u00f3rmula 1<\/a>).<\/p>\n<p>\u00a0<\/p>\n","protected":false},"excerpt":{"rendered":"La capital mexicana se prepara para recibir la d\u00e9cima edici\u00f3n del Gran Premio de M\u00e9xico de F\u00f3rmula 1,&hellip;\n","protected":false},"author":2,"featured_media":159963,"comment_status":"","ping_status":"","sticky":false,"template":"","format":"standard","meta":{"footnotes":""},"categories":[270],"tags":[168,25,24,306,271,272,23,167],"class_list":{"0":"post-159962","1":"post","2":"type-post","3":"status-publish","4":"format-standard","5":"has-post-thumbnail","7":"category-formula-1","8":"tag-deportes","9":"tag-es","10":"tag-espana","11":"tag-f1","12":"tag-formula-1","13":"tag-formula1","14":"tag-spain","15":"tag-sports"},"share_on_mastodon":{"url":"","error":""},"_links":{"self":[{"href":"https:\/\/www.europesays.com\/es\/wp-json\/wp\/v2\/posts\/159962","targetHints":{"allow":["GET"]}}],"collection":[{"href":"https:\/\/www.europesays.com\/es\/wp-json\/wp\/v2\/posts"}],"about":[{"href":"https:\/\/www.europesays.com\/es\/wp-json\/wp\/v2\/types\/post"}],"author":[{"embeddable":true,"href":"https:\/\/www.europesays.com\/es\/wp-json\/wp\/v2\/users\/2"}],"replies":[{"embeddable":true,"href":"https:\/\/www.europesays.com\/es\/wp-json\/wp\/v2\/comments?post=159962"}],"version-history":[{"count":0,"href":"https:\/\/www.europesays.com\/es\/wp-json\/wp\/v2\/posts\/159962\/revisions"}],"wp:featuredmedia":[{"embeddable":true,"href":"https:\/\/www.europesays.com\/es\/wp-json\/wp\/v2\/media\/159963"}],"wp:attachment":[{"href":"https:\/\/www.europesays.com\/es\/wp-json\/wp\/v2\/media?parent=159962"}],"wp:term":[{"taxonomy":"category","embeddable":true,"href":"https:\/\/www.europesays.com\/es\/wp-json\/wp\/v2\/categories?post=159962"},{"taxonomy":"post_tag","embeddable":true,"href":"https:\/\/www.europesays.com\/es\/wp-json\/wp\/v2\/tags?post=159962"}],"curies":[{"name":"wp","href":"https:\/\/api.w.org\/{rel}","templated":true}]}}