{"id":159964,"date":"2025-10-06T20:59:16","date_gmt":"2025-10-06T20:59:16","guid":{"rendered":"https:\/\/www.europesays.com\/es\/159964\/"},"modified":"2025-10-06T20:59:16","modified_gmt":"2025-10-06T20:59:16","slug":"la-voz-del-pueblo-la-voz-del-pueblo-desde-1902-acompanando-la-historia-del-sudeste-bonaerense","status":"publish","type":"post","link":"https:\/\/www.europesays.com\/es\/159964\/","title":{"rendered":"La Voz del Pueblo | La Voz del Pueblo \u2013 Desde 1902, acompa\u00f1ando la historia del sudeste bonaerense"},"content":{"rendered":"<p><strong>Hurac\u00e1n <\/strong>se encuentra en un momento ambiguo, con buenos resultados en el <strong>Clausura <\/strong>de la ATB (habiendo ganado 7 de 8), pero con un presente inc\u00f3modo en el <strong>Provincial <\/strong>(solo gan\u00f3 1 de 7).<\/p>\n<p>Ads<\/p>\n<p>El pasado lunes logr\u00f3 imponerse en el cl\u00e1sico ante Costa Sud, en un duelo que comenz\u00f3 perdiendo en el cierre del primer parcial y se le hizo cuesta arriba e intenso, pero logr\u00f3 cerrarlo de forma favorable. El pasado viernes rompi\u00f3 su racha negativa en el Provincial ante Estudiantes de Olavarr\u00eda, lo que indicar\u00eda que el panorama comienza a aclararse para el Globo.<\/p>\n<p>Una de las piezas claves en Hurac\u00e1n en la doble competencia es <strong>Joaqu\u00edn Falcone<\/strong>. El perimetral fue el goleador del cl\u00e1sico con 32 puntos y, luego del festejo, dialog\u00f3 con este diario: \u201cLos cl\u00e1sicos siempre son partidos complicados, pero son lindos de jugar. Ellos son intensos, un equipo muy joven y cada vez est\u00e1n jugando mejor\u201d, analiz\u00f3 Falcone.<\/p>\n<p>Ads<\/p>\n<p>En tanto, al desarrollo del partido describi\u00f3: \u201cCreo que arrancamos eficaces al principio del primer cuarto y despu\u00e9s ellos empezaron a meter, cerraron mejor el primer cuarto y lo pudieron mantener en el segundo cuarto. Quer\u00edamos bajarle el goleo y creo que lo pudimos hacer despu\u00e9s del descanso\u201d.<\/p>\n<p>Hurac\u00e1n perdi\u00f3 un solo partido en este Clausura, sin embargo, eso no significa que le sea f\u00e1cil ganar. \u201cEs dif\u00edcil la liga local, es competitiva, eso est\u00e1 bueno y nos ayuda el Provincial que estamos jugando, el roce se nota, capaz estamos un poco cansados\u201d, indic\u00f3.<\/p>\n<p>Ads<\/p>\n<p>\u00a0<\/p>\n<p><img alt=\"joa\" layout=\"responsive\"   src=\"https:\/\/www.europesays.com\/es\/wp-content\/uploads\/2025\/10\/joa.jpg\" width=\"700\" height=\"600\" decoding=\"async\" data-nimg=\"future\" loading=\"lazy\" style=\"color:transparent\"\/><\/p>\n<p>\u00a0<\/p>\n<p><strong>Provincial<\/strong><\/p>\n<p>Al finalizar la primera rueda de la Liga Provincial de b\u00e1squet, Hurac\u00e1n logr\u00f3 imponerse ante Estudiantes de Olavarr\u00eda para ganar su primer partido en el torneo.<\/p>\n<p>Ads<\/p>\n<p>\u201cDesde el a\u00f1o pasado que nos presentamos para tomar experiencia y enfrentar a jugadores que viven del b\u00e1squet. El balance hasta ahora es positivo, m\u00e1s all\u00e1 de que solo ganamos un partido, nos hubiese gustado ganar m\u00e1s partidos, pero todos fueron muy ajustados y demostramos car\u00e1cter adentro de la cancha. Es una linda experiencia jugarlo y sacar alg\u00fan partido que otro\u201d, expres\u00f3 Falcone.<\/p>\n<p>Consultado sobre qu\u00e9 deber\u00edan afinar para definir los partidos parejos a su favor, contest\u00f3: \u201cCreo que nos estaba faltando entrar un poco m\u00e1s concentrados a los partidos porque siempre nuestro bache era al principio y despu\u00e9s al final lo recuper\u00e1bamos. Pero luego tener que remontar muchos puntos se nos complica tambi\u00e9n\u201d.<\/p>\n<p>El duelo de este viernes por el Provincial ser\u00e1 ante Alumni en Orense, una cancha que los jugadores del Globo conocen. \u201cDebemos ajustar la defensa, especialmente en los jugadores que ellos tienen de mucho goleo. Es una cancha complicada y a ellos siempre los beneficia. Debemos salir concentrados a intentar llevarlo de atr\u00e1s hacia adelante\u201d.<\/p>\n","protected":false},"excerpt":{"rendered":"Hurac\u00e1n se encuentra en un momento ambiguo, con buenos resultados en el Clausura de la ATB (habiendo ganado&hellip;\n","protected":false},"author":2,"featured_media":159965,"comment_status":"","ping_status":"","sticky":false,"template":"","format":"standard","meta":{"footnotes":""},"categories":[269],"tags":[299,298,4597,168,25,24,16210,47512,23,167],"class_list":{"0":"post-159964","1":"post","2":"type-post","3":"status-publish","4":"format-standard","5":"has-post-thumbnail","7":"category-baloncesto","8":"tag-baloncesto","9":"tag-basketball","10":"tag-basquet","11":"tag-deportes","12":"tag-es","13":"tag-espana","14":"tag-huracan","15":"tag-joaquin-falcone","16":"tag-spain","17":"tag-sports"},"share_on_mastodon":{"url":"","error":""},"_links":{"self":[{"href":"https:\/\/www.europesays.com\/es\/wp-json\/wp\/v2\/posts\/159964","targetHints":{"allow":["GET"]}}],"collection":[{"href":"https:\/\/www.europesays.com\/es\/wp-json\/wp\/v2\/posts"}],"about":[{"href":"https:\/\/www.europesays.com\/es\/wp-json\/wp\/v2\/types\/post"}],"author":[{"embeddable":true,"href":"https:\/\/www.europesays.com\/es\/wp-json\/wp\/v2\/users\/2"}],"replies":[{"embeddable":true,"href":"https:\/\/www.europesays.com\/es\/wp-json\/wp\/v2\/comments?post=159964"}],"version-history":[{"count":0,"href":"https:\/\/www.europesays.com\/es\/wp-json\/wp\/v2\/posts\/159964\/revisions"}],"wp:featuredmedia":[{"embeddable":true,"href":"https:\/\/www.europesays.com\/es\/wp-json\/wp\/v2\/media\/159965"}],"wp:attachment":[{"href":"https:\/\/www.europesays.com\/es\/wp-json\/wp\/v2\/media?parent=159964"}],"wp:term":[{"taxonomy":"category","embeddable":true,"href":"https:\/\/www.europesays.com\/es\/wp-json\/wp\/v2\/categories?post=159964"},{"taxonomy":"post_tag","embeddable":true,"href":"https:\/\/www.europesays.com\/es\/wp-json\/wp\/v2\/tags?post=159964"}],"curies":[{"name":"wp","href":"https:\/\/api.w.org\/{rel}","templated":true}]}}