{"id":159972,"date":"2025-10-06T21:09:09","date_gmt":"2025-10-06T21:09:09","guid":{"rendered":"https:\/\/www.europesays.com\/es\/159972\/"},"modified":"2025-10-06T21:09:09","modified_gmt":"2025-10-06T21:09:09","slug":"nicole-kidman-y-sus-hijas-ursula-corbero-penelope-cruz-charlotte-casiraghi-las-estrellas-acuden-en-masa-a-descubrir-el-chanel-de-matthieu-blazy","status":"publish","type":"post","link":"https:\/\/www.europesays.com\/es\/159972\/","title":{"rendered":"Nicole Kidman (y sus hijas), \u00darsula Corber\u00f3, Pen\u00e9lope Cruz, Charlotte Casiraghi&#8230; las estrellas acuden en masa a descubrir el Chanel de Matthieu Blazy"},"content":{"rendered":"<p>Una hora antes del desfile se difundi\u00f3 una noticia en las redes sociales: <a href=\"https:\/\/www.revistavanityfair.es\/articulos\/sensata-y-tranquila-nicole-kidman-reaparece-por-primera-vez-tras-la-noticia-de-su-divorcio\" rel=\"nofollow noopener\" target=\"_blank\">Nicole Kidman<\/a>, la inolvidable musa del anuncio de Chanel N\u00ba5 realizado por el cineasta <strong>Baz Luhrmann<\/strong> \u2014tan ic\u00f3nico fue que volvi\u00f3 a lucir <a href=\"https:\/\/www.vanityfair.fr\/galerie\/met-gala-2023-nicole-kidman-porte-linoubliable-robe-de-sa-publicite-pour-chanel\" rel=\"nofollow noopener\" target=\"_blank\">aquel vestido del cortometraje<\/a> en la Met Gala dedicada a <a href=\"https:\/\/www.revistavanityfair.es\/articulos\/karl-lagerfeld-piso-monaco-muebles-memphis-francesco-vezzoli-exposicion\" rel=\"nofollow noopener\" target=\"_blank\">Karl Lagerfeld<\/a>\u2014, se ha unido al clan Chanel en calidad de embajadora. En la imagen que acompa\u00f1aba al anuncio, la actriz ganadora de un \u00d3scar luc\u00eda un look que nos ofrec\u00eda un primer anticipo de la primera colecci\u00f3n de <a href=\"https:\/\/www.revistavanityfair.es\/articulos\/matthieu-blazy-nuevo-director-creativo-de-chanel\" rel=\"nofollow noopener\" target=\"_blank\">Matthieu Blazy<\/a>, compuesto por una camisa blanca bordada con el nombre de la firma, unos vaqueros y un bolso acolchado de la casa en color rojo cereza. <strong>Y, efectivamente, la estrella ha acudido (adem\u00e1s, acompa\u00f1ada de sus hijas Sunday y Faith) para disfrutar de la nueva colecci\u00f3n<\/strong>. Pero no ha sido la \u00fanica: <a href=\"https:\/\/www.revistavanityfair.es\/articulos\/ayo-edebiri-entrevista-actriz-the-bear-bottoms-jeremy-allen-white\" rel=\"nofollow noopener\" target=\"_blank\">Ayo Edebiri<\/a>, otra nueva embajadora, no se lo quiso perder, pero tampoco <a href=\"https:\/\/www.revistavanityfair.es\/articulos\/margot-robbie-comienza-su-fase-estilistica-mas-sexy-tras-ser-madre\" rel=\"nofollow noopener\" target=\"_blank\">Margot Robbie<\/a>, <a href=\"https:\/\/www.revistavanityfair.es\/articulos\/vanessa-kirby-pedro-pascal-sintonia-amistad-los-cuatro-fantasticos\" rel=\"nofollow noopener\" target=\"_blank\">Pedro Pascal<\/a> o <strong>Vanessa Paradis<\/strong> y <strong>Carole Bouquet<\/strong>, muy cercanas a Chanel desde hace mucho tiempo. Bouquet, eso s\u00ed, se ha presentado con un <a data-offer-url=\"https:\/\/www.instagram.com\/p\/DPep6IjAMxq\/#\" class=\"external-link\" data-event-click=\"{&quot;element&quot;:&quot;ExternalLink&quot;,&quot;outgoingURL&quot;:&quot;https:\/\/www.instagram.com\/p\/DPep6IjAMxq\/#&quot;}\" href=\"https:\/\/www.instagram.com\/p\/DPep6IjAMxq\/#\" rel=\"nofollow noopener\" target=\"_blank\">nuevo peinado que ha dado much\u00edsimo que hablar<\/a>. Y el <a href=\"https:\/\/www.revistavanityfair.es\/articulos\/muere-jackie-bezos-madre-jeff-bezos-amazon\" rel=\"nofollow noopener\" target=\"_blank\">matrimonio Bezos<\/a> se ha dejado ver una vez m\u00e1s.<\/p>\n<p>En primera fila tambi\u00e9n se encontraban <a href=\"https:\/\/www.revistavanityfair.es\/articulos\/penelope-cruz-oscar-fotos-demi-moore-ashton-kutcher\" rel=\"nofollow noopener\" target=\"_blank\">Pen\u00e9lope Cruz<\/a>, <a href=\"https:\/\/www.revistavanityfair.es\/articulos\/ursula-corbero-y-chino-darin-relacion-noviazgo-embarazo\" rel=\"nofollow noopener\" target=\"_blank\">\u00darsula Corber\u00f3<\/a> presumiendo de embarazo y <a href=\"https:\/\/www.revistavanityfair.es\/galerias\/marion-cotillard-pelo-rosa-met-gala-2023\" rel=\"nofollow noopener\" target=\"_blank\">Marion Cotillard<\/a>, enmarcadas por un decorado planetario en el Grand Palais: \u201c<strong>Para este primer desfile de Chanel, quise algo bastante universal, como un sue\u00f1o, algo fuera del tiempo<\/strong>, y me fascin\u00f3 el universo de las estrellas, un tema muy querido por la casa. Todos observamos el mismo cielo y creo que nos provoca la misma emoci\u00f3n a todos\u201d, declaraba el dise\u00f1ador franco-belga.<\/p>\n<p><script async src=\"\/\/www.instagram.com\/embed.js\"><\/script><\/p>\n","protected":false},"excerpt":{"rendered":"Una hora antes del desfile se difundi\u00f3 una noticia en las redes sociales: Nicole Kidman, la inolvidable musa&hellip;\n","protected":false},"author":2,"featured_media":159973,"comment_status":"","ping_status":"","sticky":false,"template":"","format":"standard","meta":{"footnotes":""},"categories":[91],"tags":[36022,146,147,25,24,8306,22110,22111,23,19421],"class_list":{"0":"post-159972","1":"post","2":"type-post","3":"status-publish","4":"format-standard","5":"has-post-thumbnail","7":"category-entretenimiento","8":"tag-chanel","9":"tag-entertainment","10":"tag-entretenimiento","11":"tag-es","12":"tag-espana","13":"tag-nicole-kidman","14":"tag-paris-fashion-week","15":"tag-penelope-cruz","16":"tag-spain","17":"tag-ursula-corbero"},"share_on_mastodon":{"url":"","error":""},"_links":{"self":[{"href":"https:\/\/www.europesays.com\/es\/wp-json\/wp\/v2\/posts\/159972","targetHints":{"allow":["GET"]}}],"collection":[{"href":"https:\/\/www.europesays.com\/es\/wp-json\/wp\/v2\/posts"}],"about":[{"href":"https:\/\/www.europesays.com\/es\/wp-json\/wp\/v2\/types\/post"}],"author":[{"embeddable":true,"href":"https:\/\/www.europesays.com\/es\/wp-json\/wp\/v2\/users\/2"}],"replies":[{"embeddable":true,"href":"https:\/\/www.europesays.com\/es\/wp-json\/wp\/v2\/comments?post=159972"}],"version-history":[{"count":0,"href":"https:\/\/www.europesays.com\/es\/wp-json\/wp\/v2\/posts\/159972\/revisions"}],"wp:featuredmedia":[{"embeddable":true,"href":"https:\/\/www.europesays.com\/es\/wp-json\/wp\/v2\/media\/159973"}],"wp:attachment":[{"href":"https:\/\/www.europesays.com\/es\/wp-json\/wp\/v2\/media?parent=159972"}],"wp:term":[{"taxonomy":"category","embeddable":true,"href":"https:\/\/www.europesays.com\/es\/wp-json\/wp\/v2\/categories?post=159972"},{"taxonomy":"post_tag","embeddable":true,"href":"https:\/\/www.europesays.com\/es\/wp-json\/wp\/v2\/tags?post=159972"}],"curies":[{"name":"wp","href":"https:\/\/api.w.org\/{rel}","templated":true}]}}