{"id":159976,"date":"2025-10-06T21:11:13","date_gmt":"2025-10-06T21:11:13","guid":{"rendered":"https:\/\/www.europesays.com\/es\/159976\/"},"modified":"2025-10-06T21:11:13","modified_gmt":"2025-10-06T21:11:13","slug":"gobierno-aleman-quiere-que-ue-levante-el-fin-de-vehiculos-termicos-previsto-en-2035","status":"publish","type":"post","link":"https:\/\/www.europesays.com\/es\/159976\/","title":{"rendered":"Gobierno Alem\u00e1n Quiere Que UE Levante El Fin De Veh\u00edculos T\u00e9rmicos Previsto En 2035"},"content":{"rendered":"<p data-type=\"paragraph\" data=\"[object Object]\">El canciller alem\u00e1n Friedrich Merz declar\u00f3 el lunes que desea el levantamiento de la prohibici\u00f3n prevista por la Uni\u00f3n Europea en 2035 de la venta de veh\u00edculos t\u00e9rmicos, a causa de las dificultades actuales de la industria automotriz.<\/p>\n<p data-type=\"paragraph\" data=\"[object Object]\" class=\"emotion-1akm6h5-Paragraph e1e4oisd0\">\u00abNo quiero que Alemania sea uno de los pa\u00edses que apoyan esta mala prohibici\u00f3n\u00bb, declar\u00f3 Merz en una entrevista con la cadena NTV.<\/p>\n<p data-type=\"paragraph\" data=\"[object Object]\" class=\"emotion-1akm6h5-Paragraph e1e4oisd0\">El sector automotriz alem\u00e1n est\u00e1 en dificultades frente a la competencia china en el sector el\u00e9ctrico, y BMW, Mercedes y Volkswagen expresaron p\u00fablicamente sus dudas sobre el objetivo fijado por Bruselas.<\/p>\n<p data-type=\"paragraph\" data=\"[object Object]\" class=\"emotion-1akm6h5-Paragraph e1e4oisd0\">El mes pasado, la Comisi\u00f3n Europea anunci\u00f3 que examinar\u00eda \u00ablo m\u00e1s pronto posible\u00bb esta prohibici\u00f3n.<\/p>\n<p data-type=\"paragraph\" data=\"[object Object]\" class=\"emotion-1akm6h5-Paragraph e1e4oisd0\">Los textos actuales prev\u00e9n un reexamen de esta medida en 2026, pero los industriales abogan por un calendario acelerado, con la esperanza de obtener adaptaciones ante las grandes dificultades que atraviesa su sector.<\/p>\n<p data-type=\"paragraph\" data=\"[object Object]\" class=\"emotion-1akm6h5-Paragraph e1e4oisd0\">La industria automotriz de la primera econom\u00eda de Europa fue duramente afectada por la feroz competencia en el mercado chino, la baja demanda y una\u00a0transici\u00f3n hacia los veh\u00edculos el\u00e9ctricos m\u00e1s lenta de lo previsto.<\/p>\n<p data-type=\"paragraph\" data=\"[object Object]\" class=\"emotion-1akm6h5-Paragraph e1e4oisd0\">A comienzos del mes, el constructor de veh\u00edculos deportivos Porsche, una filial de VW, anunci\u00f3 que aplaza el despliegue de sus veh\u00edculos el\u00e9ctricos a causa de la baja demanda.<\/p>\n<p data-type=\"paragraph\" data=\"[object Object]\" class=\"emotion-1akm6h5-Paragraph e1e4oisd0\">jsk\/rlp\/emp\/cls\/eg\/mar<\/p>\n","protected":false},"excerpt":{"rendered":"El canciller alem\u00e1n Friedrich Merz declar\u00f3 el lunes que desea el levantamiento de la prohibici\u00f3n prevista por la&hellip;\n","protected":false},"author":2,"featured_media":123368,"comment_status":"","ping_status":"","sticky":false,"template":"","format":"standard","meta":{"footnotes":""},"categories":[80],"tags":[1660,111,82,95,94,25,24,952,23,116],"class_list":{"0":"post-159976","1":"post","2":"type-post","3":"status-publish","4":"format-standard","5":"has-post-thumbnail","7":"category-economia","8":"tag-alemania","9":"tag-automovil","10":"tag-business","11":"tag-economia","12":"tag-economy","13":"tag-es","14":"tag-espana","15":"tag-politica","16":"tag-spain","17":"tag-synd"},"share_on_mastodon":{"url":"","error":""},"_links":{"self":[{"href":"https:\/\/www.europesays.com\/es\/wp-json\/wp\/v2\/posts\/159976","targetHints":{"allow":["GET"]}}],"collection":[{"href":"https:\/\/www.europesays.com\/es\/wp-json\/wp\/v2\/posts"}],"about":[{"href":"https:\/\/www.europesays.com\/es\/wp-json\/wp\/v2\/types\/post"}],"author":[{"embeddable":true,"href":"https:\/\/www.europesays.com\/es\/wp-json\/wp\/v2\/users\/2"}],"replies":[{"embeddable":true,"href":"https:\/\/www.europesays.com\/es\/wp-json\/wp\/v2\/comments?post=159976"}],"version-history":[{"count":0,"href":"https:\/\/www.europesays.com\/es\/wp-json\/wp\/v2\/posts\/159976\/revisions"}],"wp:featuredmedia":[{"embeddable":true,"href":"https:\/\/www.europesays.com\/es\/wp-json\/wp\/v2\/media\/123368"}],"wp:attachment":[{"href":"https:\/\/www.europesays.com\/es\/wp-json\/wp\/v2\/media?parent=159976"}],"wp:term":[{"taxonomy":"category","embeddable":true,"href":"https:\/\/www.europesays.com\/es\/wp-json\/wp\/v2\/categories?post=159976"},{"taxonomy":"post_tag","embeddable":true,"href":"https:\/\/www.europesays.com\/es\/wp-json\/wp\/v2\/tags?post=159976"}],"curies":[{"name":"wp","href":"https:\/\/api.w.org\/{rel}","templated":true}]}}