{"id":159977,"date":"2025-10-06T21:12:12","date_gmt":"2025-10-06T21:12:12","guid":{"rendered":"https:\/\/www.europesays.com\/es\/159977\/"},"modified":"2025-10-06T21:12:12","modified_gmt":"2025-10-06T21:12:12","slug":"inicia-la-segunda-semana-del-shutdown-en-eeuu-sin-acuerdo-a-la-vista","status":"publish","type":"post","link":"https:\/\/www.europesays.com\/es\/159977\/","title":{"rendered":"Inicia la segunda semana del \u00abshutdown\u00bb en EEUU sin acuerdo a la vista"},"content":{"rendered":"<p>    <img src=\"https:\/\/www.europesays.com\/es\/wp-content\/uploads\/2025\/10\/2025-10-06T053A003A31Z-90119296.jpg\" width=\"1024\" height=\"737\" alt=\"\" loading=\"eager\" decoding=\"sync\" fetchpriority=\"high\"\/><\/p>\n<p>            afp_tickers        <\/p>\n<p>        Este contenido fue publicado en    <\/p>\n<p>        06 octubre 2025 &#8211; 21:45\n<\/p>\n<p>La par\u00e1lisis presupuestaria del gobierno de Estados Unidos entr\u00f3 este lunes en su segunda semana, sin un final cercano a la vista, mientras la Casa Blanca volvi\u00f3 a amenazar con comenzar a despedir a funcionarios p\u00fablicos si la oposici\u00f3n dem\u00f3crata no cede.<\/p>\n<p>Cada bando se aferra a sus posiciones y se culpa mutuamente desde el inicio el mi\u00e9rcoles del denominado \u00abshutdown\u00bb o cierre del gobierno. El pa\u00eds se sumerge en una par\u00e1lisis con consecuencias mucho m\u00e1s que pol\u00edticas.<\/p>\n<p>Si bien Donald Trump anunci\u00f3 la noche del domingo que comenzaron los despidos definitivos de funcionarios, en l\u00ednea con sus amenazas, la portavoz de la Casa Blanca afirm\u00f3 el lunes que el presidente estadounidense se refer\u00eda en realidad a los despidos t\u00e9cnicos temporales que se producen siempre que hay un \u00abshutdown\u00bb \u00a0debido a la falta de financiaci\u00f3n.<\/p>\n<p>\u00abPero, lamentablemente, si este \u2018cierre\u2019 contin\u00faa, los despidos ser\u00e1n una consecuencia desafortunada\u00bb, advirti\u00f3.<\/p>\n<p>\u2013 \u00abInconcebible\u00bb \u2013\u00a0<\/p>\n<p>Los empleados federales son los m\u00e1s afectados por el cierre. Adem\u00e1s de las amenazas de despidos del presidente, cerca de dos millones de funcionarios no podr\u00e1n cobrar su sueldo hasta que el Congreso apruebe un presupuesto.\u00a0<\/p>\n<p>\u00abEs muy posible que este cierre dure semanas, no solo unos d\u00edas\u00bb, estim\u00f3 Andrew Koneschusky, exasesor del l\u00edder dem\u00f3crata Chuck Schumer.<\/p>\n<p>\u00abPor ahora, ambas partes se mantienen firmes y se habla muy poco de compromisos. Las cosas siempre pueden cambiar (\u2026) pero por el momento ninguna parece dispuesta a ceder\u00bb, declar\u00f3 a la AFP este especialista en comunicaci\u00f3n de crisis.\u00a0<\/p>\n<p>Para resolver la crisis, los republicanos proponen una pr\u00f3rroga del presupuesto actual hasta finales de noviembre, mientras que los dem\u00f3cratas insisten en aumentar la financiaci\u00f3n de programas de seguro m\u00e9dico para la poblaci\u00f3n m\u00e1s desfavorecida.\u00a0<\/p>\n<p>Para Michael Strain, economista del centro de estudios conservador American Enterprise Institute, es \u00abinconcebible\u00bb que el cierre pueda durar varios meses. Argumenta la falta de remuneraci\u00f3n del personal militar \u2014en un pa\u00eds donde \u00e9stos ocupan un lugar especial en la conciencia p\u00fablica\u2014 como un factor importante en la presi\u00f3n pol\u00edtica que enfrentar\u00e1n los legisladores.<\/p>\n<p>Los estadounidenses que planean viajar en las pr\u00f3ximas semanas tambi\u00e9n podr\u00edan ver interrumpidos sus vuelos debido a la escasez de agentes de seguridad del transporte o controladores a\u00e9reos, lo que provocar\u00eda retrasos y cancelaciones.\u00a0<\/p>\n<p>\u2013 \u00abM\u00e1ximo sufrimiento\u00bb \u2013<\/p>\n<p>El cierre actual, iniciado hace s\u00f3lo seis d\u00edas, est\u00e1 lejos a\u00fan de alcanzar un r\u00e9cord.\u00a0Entre diciembre de 2018 y enero de 2019, durante su primer gobierno, Trump tuvo que encarar un \u00abshutdown\u00bb de 35 d\u00edas. \u00a0<\/p>\n<p>Sin embargo, el presidente republicano est\u00e1 implementando una estrategia de \u00abm\u00e1ximo sufrimiento\u00bb hacia la oposici\u00f3n, seg\u00fan algunos observadores, incluida la congelaci\u00f3n de fondos federales para estados dem\u00f3cratas.\u00a0<\/p>\n<p>La intransigencia del magnate es una raz\u00f3n de peso para creer que este cierre gubernamental va a ser el m\u00e1s largo de la historia, sostuvo James Druckman, profesor de ciencias pol\u00edticas en la Universidad de Rochester.<\/p>\n<p>\u00abLa administraci\u00f3n Trump cree tener un mandato sin l\u00edmites y, por lo tanto, generalmente no est\u00e1 abierta a acuerdos\u00bb, dijo a la AFP.<\/p>\n<p>Por su parte, \u00ablos dem\u00f3cratas han sido criticados por no luchar lo suficiente\u00bb contra el presidente, agreg\u00f3 el docente.\u00a0<\/p>\n<p>En marzo, ante la amenaza de un cierre gubernamental inminente, diez senadores dem\u00f3cratas votaron a rega\u00f1adientes a favor de un proyecto de ley republicano, lo que produjo fuertes cr\u00edticas en su propio campo.\u00a0<\/p>\n<p>Esa concesi\u00f3n \u00abno produjo resultados positivos para los dem\u00f3cratas\u00bb, apunt\u00f3 Druckman. Por ello es que esta vez \u00abest\u00e1n m\u00e1s inclinados a mantenerse firmes\u00bb.\u00a0<\/p>\n<p>A pesar de todo, los republicanos esperan persuadir a suficientes senadores dem\u00f3cratas como para que se alcance el umbral de 60 de los 100 votos de la c\u00e1mara necesarios para superar el bloqueo.\u00a0<\/p>\n<p>Hasta el viernes, su proyecto de ley solo hab\u00eda obtenido 54 apoyos, incluidos tres de la oposici\u00f3n.\u00a0<\/p>\n<p>Una nueva votaci\u00f3n est\u00e1 prevista para la tarde del lunes, pero no se espera ning\u00fan avance.<\/p>\n<p>rle\/ev\/dg\/cjc\/val\/mr\/db\/dga<\/p>\n","protected":false},"excerpt":{"rendered":"afp_tickers Este contenido fue publicado en 06 octubre 2025 &#8211; 21:45 La par\u00e1lisis presupuestaria del gobierno de Estados&hellip;\n","protected":false},"author":2,"featured_media":159978,"comment_status":"","ping_status":"","sticky":false,"template":"","format":"standard","meta":{"footnotes":""},"categories":[42],"tags":[17,18,36596,82,84,13,14,4437,11,61,62,63,64,19,20,87,9,10,15,16,28415,88,90,12,21,22,65,66,67],"class_list":{"0":"post-159977","1":"post","2":"type-post","3":"status-publish","4":"format-standard","5":"has-post-thumbnail","7":"category-internacional","8":"tag-breaking-news","9":"tag-breakingnews","10":"tag-budgets-and-budgeting","11":"tag-business","12":"tag-economy-general","13":"tag-featured-news","14":"tag-featurednews","15":"tag-government","16":"tag-headlines","17":"tag-internacional","18":"tag-international","19":"tag-international-news","20":"tag-internationalnews","21":"tag-latest-news","22":"tag-latestnews","23":"tag-macro-economics","24":"tag-news","25":"tag-noticias","26":"tag-noticias-destacadas","27":"tag-noticiasdestacadas","28":"tag-parliament","29":"tag-politics","30":"tag-ticker","31":"tag-titulares","32":"tag-ultimas-noticias","33":"tag-ultimasnoticias","34":"tag-world","35":"tag-world-news","36":"tag-worldnews"},"share_on_mastodon":{"url":"","error":""},"_links":{"self":[{"href":"https:\/\/www.europesays.com\/es\/wp-json\/wp\/v2\/posts\/159977","targetHints":{"allow":["GET"]}}],"collection":[{"href":"https:\/\/www.europesays.com\/es\/wp-json\/wp\/v2\/posts"}],"about":[{"href":"https:\/\/www.europesays.com\/es\/wp-json\/wp\/v2\/types\/post"}],"author":[{"embeddable":true,"href":"https:\/\/www.europesays.com\/es\/wp-json\/wp\/v2\/users\/2"}],"replies":[{"embeddable":true,"href":"https:\/\/www.europesays.com\/es\/wp-json\/wp\/v2\/comments?post=159977"}],"version-history":[{"count":0,"href":"https:\/\/www.europesays.com\/es\/wp-json\/wp\/v2\/posts\/159977\/revisions"}],"wp:featuredmedia":[{"embeddable":true,"href":"https:\/\/www.europesays.com\/es\/wp-json\/wp\/v2\/media\/159978"}],"wp:attachment":[{"href":"https:\/\/www.europesays.com\/es\/wp-json\/wp\/v2\/media?parent=159977"}],"wp:term":[{"taxonomy":"category","embeddable":true,"href":"https:\/\/www.europesays.com\/es\/wp-json\/wp\/v2\/categories?post=159977"},{"taxonomy":"post_tag","embeddable":true,"href":"https:\/\/www.europesays.com\/es\/wp-json\/wp\/v2\/tags?post=159977"}],"curies":[{"name":"wp","href":"https:\/\/api.w.org\/{rel}","templated":true}]}}