{"id":159979,"date":"2025-10-06T21:13:08","date_gmt":"2025-10-06T21:13:08","guid":{"rendered":"https:\/\/www.europesays.com\/es\/159979\/"},"modified":"2025-10-06T21:13:08","modified_gmt":"2025-10-06T21:13:08","slug":"un-asesino-multiple-se-muda-a-una-aldea-de-ourense-hai-unha-alarma-social-considerable","status":"publish","type":"post","link":"https:\/\/www.europesays.com\/es\/159979\/","title":{"rendered":"Un asesino m\u00faltiple se muda a una aldea de Ourense:\u00a0\u00abHai unha alarma social considerable\u00bb"},"content":{"rendered":"<p>\t\t\t \t\t \t\t\t\t\t\t\tAntonio Gali, a la derecha, en la reconstrucci\u00f3n del crimen de una prostituta en Maside en el a\u00f1o 2009 <strong class=\"pd-l\">Santi M. Amil  <\/strong><\/p>\n<p>\t\t\t\t\t\tAntonio Gali es autor de tres cr\u00edmenes y qued\u00f3 en libertad en febrero. \u00abV\u00edrono no parque de Celanova mirando nenos\u00bb, advierten los vecinos de A Bola<br \/>\n\t\t\t\t\t\t\t\t\t\t\t\t<strong>06 oct 2025<\/strong> . Actualizado a las 21:27 h.\t\t\t\t\t\t<\/p>\n<p class=\"first-paragraph txt\">La tranquilidad se termin\u00f3 en la aldea de <strong>San Pedro, en el concello ourensano de <a href=\"https:\/\/www.lavozdegalicia.es\/temas\/a-bola\" rel=\"nofollow noopener\" target=\"_blank\">A Bola<\/a><\/strong>, de apenas nueve vecinos. Hace unos tres meses que <strong>se instal\u00f3 en el pueblo <a class=\"link-txt\" href=\"https:\/\/www.lavozdegalicia.es\/noticia\/ourense\/maside\/2025\/03\/04\/criminal-asesino-mujer-maside-queda-libre-tras-cumplir-pena\/0003_202503O4C3996.htm\" rel=\"nofollow noopener\" target=\"_blank\">Antonio Gali Balaguer, un asesino m\u00faltiple<\/a><\/strong><a class=\"link-txt\" href=\"https:\/\/www.lavozdegalicia.es\/noticia\/ourense\/maside\/2025\/03\/04\/criminal-asesino-mujer-maside-queda-libre-tras-cumplir-pena\/0003_202503O4C3996.htm\" rel=\"nofollow noopener\" target=\"_blank\"> que qued\u00f3 en libertad y dej\u00f3 la prisi\u00f3n de A Lama en el mes de febrero<\/a>. Acab\u00f3 con la vida de un hombre y una ni\u00f1a de 11 a\u00f1os en Zaragoza\u00a0en los a\u00f1os ochenta y en el 2005 asesin\u00f3 a una mujer de Ourense. \u00abHai unha alarma social considerable\u00bb, advierten los vecinos del municipio.\u00a0<\/p>\n<p class=\"txt\">Antonio Gali Balaguer tiene <strong>74 a\u00f1os y pas\u00f3 los \u00faltimos 19 a\u00f1os en la prisi\u00f3n<\/strong> pontevedresa tras ser condenado por el asesinado de una mujer en <a href=\"https:\/\/www.lavozdegalicia.es\/temas\/maside\" rel=\"nofollow noopener\" target=\"_blank\">Maside<\/a>. Anteriormente, ya <strong>hab\u00eda estado condenado por otros 17<\/strong> por los cr\u00edmenes cometidos en Zaragoza. Tambi\u00e9n se le hab\u00eda relacionado\u00a0con varios delitos sexuales. Apenas unos meses despu\u00e9s de quedar en libertad, se instal\u00f3 en la aldea de San Pedro. En el n\u00facleo de A Bola todos los vecinos son personas mayores y <strong>acogieron al hombre con hospitalidad<\/strong> sin saber nada de su pasado. \u00abCando chegou deu pena, porque <strong>\u00e9 unha persoa maior, en condici\u00f3ns de infravivenda, usa muletas, vai nun coche sen matr\u00edcula con golpes<\/strong>&#8230;\u00bb, relata una de las vecinas. Pero tras un tiempo, despu\u00e9s de que acudiera al Concello y se conocieran sus datos, se dieron cuenta de qui\u00e9n era.\u00a0<\/p>\n<p class=\"txt\">Descubrir la espeluznante historia que escond\u00eda el nuevo vecino gener\u00f3 una importante preocupaci\u00f3n en la aldea y en todo el municipio. Aunque no ha ocurrido ning\u00fan incidente relevante, est\u00e1n alerta por sus comportamientos: \u00abV\u00edrono d\u00faas veces nun parque infantil de Celanova mirando os nenos\u00bb. <strong>Desde que se percataron de qui\u00e9n era, la relaci\u00f3n con \u00e9l se paraliz\u00f3<\/strong> y ahora conviven con la tensi\u00f3n de tenerlo a apenas unos metros de su casa. Tanto por los peque\u00f1os como por las personas mayores.\u00a0<\/p>\n<p class=\"ladillo\">La historia de Antonio Gali Balaguer<\/p>\n<p class=\"txt\">El asesino instalado en Ourense termin\u00f3 en la c\u00e1rcel de <a href=\"https:\/\/www.lavozdegalicia.es\/temas\/a-lama\" rel=\"nofollow noopener\" target=\"_blank\">A Lama<\/a> por <strong>asesinar a una mujer de 58 a\u00f1os en Maside<\/strong> en el a\u00f1o 2005. No fue arrestado hasta un a\u00f1o despu\u00e9s gracias a la declaraci\u00f3n de otra chica que consigui\u00f3 escapar. El hombre hab\u00eda concertado los servicios sexuales de la v\u00edctima en Ourense y la llev\u00f3 en coche hasta Maside. En el veh\u00edculo, Gali la asfixi\u00f3 hasta acabar con su vida y abandon\u00f3 su cuerpo en una cuenta. Sucedi\u00f3 tan solo 16 d\u00edas despu\u00e9s de haber salido de prisi\u00f3n por delitos anteriores.\u00a0<\/p>\n<p class=\"txt\">Gali es natural de Valencia y all\u00ed ya se le relacion\u00f3 con delitos sexuales. En los a\u00f1os ochenta\u00a0se traslad\u00f3 a Zaragoza. Fue<strong> acogido en una casa de un matrimonio con hijos<\/strong> y empez\u00f3 una relaci\u00f3n con la mujer. Meses despu\u00e9s <strong>el marido desapareci\u00f3<\/strong>. Gali <strong>acab\u00f3 con su vida asest\u00e1ndole varios hachazos<\/strong>, pero no confes\u00f3 el crimen hasta que lo arrestaron tiempo despu\u00e9s, en 1984, por un segundo asesinato. Esa vez hab\u00eda <strong>matado a una ni\u00f1a de once a\u00f1os<\/strong> que desapareci\u00f3 en las fiestas de su pueblo y cuyo cad\u00e1ver fue localizado en un pozo en el patio de la casa del asesino. Lo condenaron a m\u00e1s de sesenta a\u00f1os de prisi\u00f3n, pero solo cumpli\u00f3 17. Tras volver a quedar en libertad fue detenido por tr\u00e1fico de drogas, cumpli\u00f3 la condena y d\u00edas despu\u00e9s cometi\u00f3 el crimen de Ourense.<\/p>\n<p>&#13;<br \/>\n\tArchivado en:&#13;<br \/>\n\t\t\t\t\t<a href=\"https:\/\/www.lavozdegalicia.es\/temas\/a-bola\/\" target=\"_blank\" class=\"mg-l\" rel=\"nofollow noopener\">A Bola<\/a>&#13;<br \/>\n\t\t\t\t\t<a href=\"https:\/\/www.lavozdegalicia.es\/temas\/maside\/\" target=\"_blank\" class=\"mg-l\" rel=\"nofollow noopener\">Maside<\/a>&#13;<br \/>\n\t\t\t\t\t<a href=\"https:\/\/www.lavozdegalicia.es\/temas\/a-lama\/\" target=\"_blank\" class=\"mg-l\" rel=\"nofollow noopener\">A Lama<\/a>&#13;<br \/>\n\t&#13;<\/p>\n","protected":false},"excerpt":{"rendered":"Antonio Gali, a la derecha, en la reconstrucci\u00f3n del crimen de una prostituta en Maside en el a\u00f1o&hellip;\n","protected":false},"author":2,"featured_media":159980,"comment_status":"","ping_status":"","sticky":false,"template":"","format":"standard","meta":{"footnotes":""},"categories":[8],"tags":[47517,34211,17,18,25,24,13,14,11,19,20,47518,9,10,15,16,23,12,21,22],"class_list":{"0":"post-159979","1":"post","2":"type-post","3":"status-publish","4":"format-standard","5":"has-post-thumbnail","7":"category-espana","8":"tag-a-bola","9":"tag-a-lama","10":"tag-breaking-news","11":"tag-breakingnews","12":"tag-es","13":"tag-espana","14":"tag-featured-news","15":"tag-featurednews","16":"tag-headlines","17":"tag-latest-news","18":"tag-latestnews","19":"tag-maside","20":"tag-news","21":"tag-noticias","22":"tag-noticias-destacadas","23":"tag-noticiasdestacadas","24":"tag-spain","25":"tag-titulares","26":"tag-ultimas-noticias","27":"tag-ultimasnoticias"},"share_on_mastodon":{"url":"","error":""},"_links":{"self":[{"href":"https:\/\/www.europesays.com\/es\/wp-json\/wp\/v2\/posts\/159979","targetHints":{"allow":["GET"]}}],"collection":[{"href":"https:\/\/www.europesays.com\/es\/wp-json\/wp\/v2\/posts"}],"about":[{"href":"https:\/\/www.europesays.com\/es\/wp-json\/wp\/v2\/types\/post"}],"author":[{"embeddable":true,"href":"https:\/\/www.europesays.com\/es\/wp-json\/wp\/v2\/users\/2"}],"replies":[{"embeddable":true,"href":"https:\/\/www.europesays.com\/es\/wp-json\/wp\/v2\/comments?post=159979"}],"version-history":[{"count":0,"href":"https:\/\/www.europesays.com\/es\/wp-json\/wp\/v2\/posts\/159979\/revisions"}],"wp:featuredmedia":[{"embeddable":true,"href":"https:\/\/www.europesays.com\/es\/wp-json\/wp\/v2\/media\/159980"}],"wp:attachment":[{"href":"https:\/\/www.europesays.com\/es\/wp-json\/wp\/v2\/media?parent=159979"}],"wp:term":[{"taxonomy":"category","embeddable":true,"href":"https:\/\/www.europesays.com\/es\/wp-json\/wp\/v2\/categories?post=159979"},{"taxonomy":"post_tag","embeddable":true,"href":"https:\/\/www.europesays.com\/es\/wp-json\/wp\/v2\/tags?post=159979"}],"curies":[{"name":"wp","href":"https:\/\/api.w.org\/{rel}","templated":true}]}}