{"id":159984,"date":"2025-10-06T21:21:08","date_gmt":"2025-10-06T21:21:08","guid":{"rendered":"https:\/\/www.europesays.com\/es\/159984\/"},"modified":"2025-10-06T21:21:08","modified_gmt":"2025-10-06T21:21:08","slug":"la-heroica-reaccion-de-un-mecanico-que-evito-una-tragedia-en-singapur","status":"publish","type":"post","link":"https:\/\/www.europesays.com\/es\/159984\/","title":{"rendered":"la heroica reacci\u00f3n de un mec\u00e1nico que evit\u00f3 una tragedia en Singapur"},"content":{"rendered":"\n<p>        <img loading=\"lazy\" decoding=\"async\" src=\"https:\/\/www.lacapital.com.ar\/css-custom\/203\/lazy.svg\" data-td-src-property=\"https:\/\/media.lacapital.com.ar\/p\/6b15bcb1ba71bec4dd776d8c0d5ed36b\/adjuntos\/203\/imagenes\/102\/727\/0102727688\/314x176\/smart\/image-33.png\" alt=\"Rosario arranca una semana inusual: habr\u00e1 dos d\u00edas sin clases\" width=\"314\" height=\"176\"\/>    <\/p>\n<p>  Informaci\u00f3n General  Rosario arranca una semana inusual: habr\u00e1 dos d\u00edas sin clases<\/p>\n<p>  <a href=\"https:\/\/www.lacapital.com.ar\/informacion-general\/rosario-arranca-una-semana-inusual-habra-dos-dias-clases-n10222727.html\" class=\"cover-link\" target=\"\" title=\"Rosario arranca una semana inusual: habr\u00e1 dos d\u00edas sin clases\" rel=\"nofollow noopener\">    <img loading=\"lazy\" decoding=\"async\" src=\"https:\/\/www.lacapital.com.ar\/css-custom\/203\/lazy.svg\" data-td-src-property=\"https:\/\/media.lacapital.com.ar\/p\/0ebf5345bd136e15e41cc00d1e526ea4\/adjuntos\/203\/imagenes\/101\/037\/0101037456\/314x176\/smart\/luna-llena-septiembrepng.png\" alt=\"Luna llena del cazador: cu\u00e1ndo verla y de qu\u00e9 se trata\" width=\"314\" height=\"176\"\/>  <\/p>\n<p> Informaci\u00f3n General  Luna llena del cazador: cu\u00e1ndo verla y de qu\u00e9 se trata<\/p>\n<p>  <a href=\"https:\/\/www.lacapital.com.ar\/informacion-general\/luna-llena-del-cazador-cuando-verla-y-que-se-trata-n10222775.html\" class=\"cover-link\" target=\"\" title=\"Luna llena del cazador: cu\u00e1ndo verla y de qu\u00e9 se trata\" rel=\"nofollow noopener\">    <img loading=\"lazy\" decoding=\"async\" src=\"https:\/\/www.lacapital.com.ar\/css-custom\/203\/lazy.svg\" data-td-src-property=\"https:\/\/media.lacapital.com.ar\/p\/6836b7b6e453703d8bfac6851d45a605\/adjuntos\/203\/imagenes\/102\/726\/0102726786\/314x176\/smart\/image-96.jpg\" alt=\"Cuchillazos y palazos en el club Mitre: dos hombres resultaron heridos y uno fue derivado al Heca\" width=\"314\" height=\"176\"\/>  <\/p>\n<p> Policiales  Cuchillazos y palazos en el club Mitre: dos hombres resultaron heridos y uno fue derivado al Heca<\/p>\n<p>  <a href=\"https:\/\/www.lacapital.com.ar\/policiales\/cuchillazos-y-palazos-el-club-mitre-dos-hombres-resultaron-heridos-y-uno-debio-ser-trasladado-al-heca-n10222644.html\" class=\"cover-link\" target=\"\" title=\"Cuchillazos y palazos en el club Mitre: dos hombres resultaron heridos y uno fue derivado al Heca\" rel=\"nofollow noopener\">    <img loading=\"lazy\" decoding=\"async\" src=\"https:\/\/www.lacapital.com.ar\/css-custom\/203\/lazy.svg\" data-td-src-property=\"https:\/\/media.lacapital.com.ar\/p\/31ef6bee7eb2e70bd9e590708bc12183\/adjuntos\/203\/imagenes\/102\/727\/0102727822\/314x176\/smart\/whatsapp-celular.png\" alt=\"\u00bfPor qu\u00e9 al mandar contactos por WhatsApp ahora salen vac\u00edos?\" width=\"314\" height=\"176\"\/>  <\/p>\n<p> Tecnolog\u00eda  \u00bfPor qu\u00e9 al mandar contactos por WhatsApp ahora salen vac\u00edos?<\/p>\n<p>  <a href=\"https:\/\/www.lacapital.com.ar\/informacion-general\/por-que-al-mandar-contactos-whatsapp-ahora-salen-vacios-n10222748.html\" class=\"cover-link\" target=\"\" title=\"\u00bfPor qu\u00e9 al mandar contactos por WhatsApp ahora salen vac\u00edos?\" rel=\"nofollow noopener\">    <img loading=\"lazy\" decoding=\"async\" src=\"https:\/\/www.lacapital.com.ar\/css-custom\/203\/lazy.svg\" data-td-src-property=\"https:\/\/media.lacapital.com.ar\/p\/c752969be69c9556d8af72547e249819\/adjuntos\/203\/imagenes\/102\/725\/0102725264\/314x176\/smart\/image-31.jpg\" alt=\"Se\u00f1ales para 2026: Franco Colapinto, lo \u00fanico positivo de Alpine en Singapur\" width=\"314\" height=\"176\"\/>  <\/p>\n<p> Ovaci\u00f3n  Se\u00f1ales para 2026: Franco Colapinto, \u00ablo \u00fanico positivo\u00bb de Alpine en Singapur<\/p>\n<p>  <a href=\"https:\/\/www.lacapital.com.ar\/formula-1\/senales-2026-franco-colapinto-lo-unico-positivo-alpine-singapur-n10222742.html\" class=\"cover-link\" target=\"\" title=\"Se\u00f1ales para 2026: Franco Colapinto, \" lo=\"\" positivo=\"\" de=\"\" alpine=\"\" en=\"\" singapur=\"\" rel=\"nofollow noopener\">    <img loading=\"lazy\" decoding=\"async\" src=\"https:\/\/www.lacapital.com.ar\/css-custom\/203\/lazy.svg\" data-td-src-property=\"https:\/\/media.lacapital.com.ar\/p\/dd72da48afe8004ff91500944e401fb9\/adjuntos\/203\/imagenes\/101\/733\/0101733270\/314x176\/smart\/museo-diario-la-capitalwebp.png\" alt=\"Noche de Museos Abiertos: m\u00e1s de 20 espacios para recorrer gratis y hasta la medianoche\" width=\"314\" height=\"176\"\/>  <\/p>\n<p> La Ciudad  Noche de Museos Abiertos: m\u00e1s de 20 espacios para recorrer gratis y hasta la medianoche<\/p>\n<p>  <a href=\"https:\/\/www.lacapital.com.ar\/la-ciudad\/noche-museos-abiertos-rosario-mas-20-espacios-recorrer-gratis-y-la-medianoche-n10222691.html\" class=\"cover-link\" target=\"\" title=\"Noche de Museos Abiertos: m\u00e1s de 20 espacios para recorrer gratis y hasta la medianoche\" rel=\"nofollow noopener\">    <img loading=\"lazy\" decoding=\"async\" src=\"https:\/\/www.lacapital.com.ar\/css-custom\/203\/lazy.svg\" data-td-src-property=\"https:\/\/media.lacapital.com.ar\/p\/9c3cae991f3aa7b9c0afdc50690b54f5\/adjuntos\/203\/imagenes\/102\/360\/0102360473\/productos-limpiezapng.png\" alt=\"Anmat proh\u00edbe una marca de productos de limpieza\" width=\"314\" height=\"176\"\/>  <\/p>\n<p> Informaci\u00f3n General  Anmat proh\u00edbe una marca de productos de limpieza<\/p>\n<p>  <a href=\"https:\/\/www.lacapital.com.ar\/informacion-general\/anmat-prohibe-una-marca-productos-limpieza-n10222755.html\" class=\"cover-link\" target=\"\" title=\"Anmat proh\u00edbe una marca de productos de limpieza\" rel=\"nofollow noopener\">    <img loading=\"lazy\" decoding=\"async\" src=\"https:\/\/www.lacapital.com.ar\/css-custom\/203\/lazy.svg\" data-td-src-property=\"https:\/\/media.lacapital.com.ar\/p\/c7b6349c997352602c44e328b8a5bf2a\/adjuntos\/203\/imagenes\/100\/704\/0100704584\/314x176\/smart\/plaza-parque-nublado-riojpg.jpg\" alt=\"El tiempo en Rosario: lunes fresco, sin lluvias y con cielo algo nublado\" width=\"314\" height=\"176\"\/>  <\/p>\n<p> La Ciudad  El tiempo en Rosario: lunes fresco, sin lluvias y con cielo algo nublado<\/p>\n<p>  <a href=\"https:\/\/www.lacapital.com.ar\/la-ciudad\/el-tiempo-rosario-lunes-fresco-lluvias-y-cielo-algo-nublado-n10222682.html\" class=\"cover-link\" target=\"\" title=\"El tiempo en Rosario: lunes fresco, sin lluvias y con cielo algo nublado\" rel=\"nofollow noopener\">    <img loading=\"lazy\" decoding=\"async\" src=\"https:\/\/www.lacapital.com.ar\/css-custom\/203\/lazy.svg\" data-td-src-property=\"https:\/\/media.lacapital.com.ar\/p\/39439cf89305577fb5998aad0f106f42\/adjuntos\/203\/imagenes\/102\/679\/0102679592\/314x176\/smart\/quini-6.jpg\" alt=\"Todo vacante en el Quini 6, que acumula un pozo de m\u00e1s de cinco millones de pesos\" width=\"314\" height=\"176\"\/>  <\/p>\n<p> Informaci\u00f3n General  Todo vacante en el Quini 6, que acumula un pozo de m\u00e1s de cinco millones de pesos<\/p>\n<p>  <a href=\"https:\/\/www.lacapital.com.ar\/informacion-general\/todo-vacante-el-quini-6-que-acumula-un-pozo-mas-cinco-millones-pesos-n10222683.html\" class=\"cover-link\" target=\"\" title=\"Todo vacante en el Quini 6, que acumula un pozo de m\u00e1s de cinco millones de pesos\" rel=\"nofollow noopener\">    <img loading=\"lazy\" decoding=\"async\" src=\"https:\/\/www.lacapital.com.ar\/css-custom\/203\/lazy.svg\" data-td-src-property=\"https:\/\/media.lacapital.com.ar\/p\/a407597be4eddfbbcb1852672f831de2\/adjuntos\/203\/imagenes\/102\/702\/0102702284\/314x176\/smart\/voley.jpg\" alt=\"Encontraron en el v\u00f3ley un medio de inclusi\u00f3n social para que nadie quede afuera\" width=\"314\" height=\"176\"\/>  <\/p>\n<p class=\"entry-autor\">Por Mat\u00edas Petisce<\/p>\n<p>  La Ciudad   Encontraron en el v\u00f3ley un medio de inclusi\u00f3n social para que nadie quede afuera<\/p>\n<p>  <a href=\"https:\/\/www.lacapital.com.ar\/la-ciudad\/encontraron-el-voley-un-medio-inclusion-social-que-nadie-se-quede-afuera-n10218010.html\" class=\"cover-link\" target=\"\" title=\"Encontraron en el v\u00f3ley un medio de inclusi\u00f3n social para que nadie quede afuera\" rel=\"nofollow noopener\">    <img loading=\"lazy\" decoding=\"async\" src=\"https:\/\/www.lacapital.com.ar\/css-custom\/203\/lazy.svg\" data-td-src-property=\"https:\/\/media.lacapital.com.ar\/p\/444abff91cb096dd4c2262532adbaba6\/adjuntos\/203\/imagenes\/100\/448\/0100448974\/314x176\/smart\/bunkerjpg.jpg\" alt=\"Altas condenas para miembros de la banda del Peruano por un crimen ordenado por videollamada\" width=\"314\" height=\"176\"\/>  <\/p>\n<p> POLICIALES  Altas condenas para miembros de la banda del Peruano por un crimen ordenado por videollamada<\/p>\n<p>  <a href=\"https:\/\/www.lacapital.com.ar\/policiales\/altas-condenas-miembros-la-banda-del-peruano-un-crimen-ordenado-videollamada-n10222664.html\" class=\"cover-link\" target=\"\" title=\"Altas condenas para miembros de la banda del Peruano por un crimen ordenado por videollamada\" rel=\"nofollow noopener\">    <img loading=\"lazy\" decoding=\"async\" src=\"https:\/\/www.lacapital.com.ar\/css-custom\/203\/lazy.svg\" data-td-src-property=\"https:\/\/media.lacapital.com.ar\/p\/dd6bb40c9949fcee66171ef103be1489\/adjuntos\/203\/imagenes\/102\/725\/0102725398\/314x176\/smart\/detenecion-mas-buscado.png\" alt=\"Lo buscaron seis meses y lo atraparon saliendo de una fiesta: integraba el clan Riquelme\" width=\"314\" height=\"176\"\/>  <\/p>\n<p> Policiales  Lo buscaron seis meses y lo atraparon saliendo de una fiesta: integraba el clan Riquelme<\/p>\n<p>  <a href=\"https:\/\/www.lacapital.com.ar\/policiales\/lo-buscaron-seis-meses-y-lo-atraparon-saliendo-una-fiesta-integraba-el-clan-riquelme-n10222584.html\" class=\"cover-link\" target=\"\" title=\"Lo buscaron seis meses y lo atraparon saliendo de una fiesta: integraba el clan Riquelme\" rel=\"nofollow noopener\">    <img loading=\"lazy\" decoding=\"async\" src=\"https:\/\/www.lacapital.com.ar\/css-custom\/203\/lazy.svg\" data-td-src-property=\"https:\/\/media.lacapital.com.ar\/p\/e3a599a755544c0c6968611fb6a21236\/adjuntos\/203\/imagenes\/102\/160\/0102160558\/314x176\/smart\/imagereinajpg.jpg\" alt=\"Condenan a la ex Miss Bolivia detenida en el Delta del Paran\u00e1: llevaba 300 kilos de coca\u00edna en una avioneta\" width=\"314\" height=\"176\"\/>  <\/p>\n<p> Policiales   Condenan a la ex Miss Bolivia detenida en el Delta del Paran\u00e1: llevaba 300 kilos de coca\u00edna en una avioneta<\/p>\n<p>  <a href=\"https:\/\/www.lacapital.com.ar\/policiales\/condenan-la-ex-miss-bolivia-detenida-el-delta-del-parana-llevaba-300-kilos-cocaina-una-avioneta-n10222648.html\" class=\"cover-link\" target=\"\" title=\"Condenan a la ex Miss Bolivia detenida en el Delta del Paran\u00e1: llevaba 300 kilos de coca\u00edna en una avioneta\" rel=\"nofollow noopener\">    <img loading=\"lazy\" decoding=\"async\" src=\"https:\/\/www.lacapital.com.ar\/css-custom\/203\/lazy.svg\" data-td-src-property=\"https:\/\/media.lacapital.com.ar\/p\/00273bee2578caee0820ed3bbb456885\/adjuntos\/203\/imagenes\/102\/443\/0102443943\/314x176\/smart\/epe2jpg.jpg\" alt=\"La EPE detect\u00f3 otras 7 mil conexiones irregulares: ya se recuperaron casi tres mil millones de pesos\" width=\"314\" height=\"176\"\/>  <\/p>\n<p> La Ciudad  La EPE detect\u00f3 otras 7 mil conexiones irregulares: ya se recuperaron casi tres mil millones de pesos<\/p>\n<p>  <a href=\"https:\/\/www.lacapital.com.ar\/la-ciudad\/la-epe-detecto-otras-7-mil-conexiones-irregulares-ya-se-recuperaron-casi-tres-mil-millones-pesos-n10222579.html\" class=\"cover-link\" target=\"\" title=\"La EPE detect\u00f3 otras 7 mil conexiones irregulares: ya se recuperaron casi tres mil millones de pesos\" rel=\"nofollow noopener\">    <img loading=\"lazy\" decoding=\"async\" src=\"https:\/\/www.lacapital.com.ar\/css-custom\/203\/lazy.svg\" data-td-src-property=\"https:\/\/media.lacapital.com.ar\/p\/68efb15f4fd40f2d654161199f9c3785\/adjuntos\/203\/imagenes\/102\/725\/0102725096\/314x176\/smart\/milei-espert-web.jpg\" alt=\"Milei tras la salida de Espert: El cambio es m\u00e1s importante que cualquiera de nosotros\" width=\"314\" height=\"176\"\/>  <\/p>\n<p> Pol\u00edtica  Milei tras la salida de Espert: \u00abEl cambio es m\u00e1s importante que cualquiera de nosotros\u00bb<\/p>\n<p>  <a href=\"https:\/\/www.lacapital.com.ar\/politica\/milei-la-salida-espert-el-cambio-es-mas-importante-que-cualquiera-nosotros-n10222667.html\" class=\"cover-link\" target=\"\" title=\"Milei tras la salida de Espert: \" el=\"\" cambio=\"\" es=\"\" m=\"\" importante=\"\" que=\"\" cualquiera=\"\" de=\"\" nosotros=\"\" rel=\"nofollow noopener\">    <img loading=\"lazy\" decoding=\"async\" src=\"https:\/\/www.lacapital.com.ar\/css-custom\/203\/lazy.svg\" data-td-src-property=\"https:\/\/media.lacapital.com.ar\/p\/53ebbfd741edb8135a7467822506bbec\/adjuntos\/203\/imagenes\/102\/725\/0102725098\/314x176\/smart\/81624709.jpg\" alt=\"Llegan al Concejo las modificaciones en la protecci\u00f3n de patrimonio hist\u00f3rico\" width=\"314\" height=\"176\"\/>  <\/p>\n<p class=\"entry-autor\">Por Nicol\u00e1s Maggi <\/p>\n<p>  La Ciudad  Llegan al Concejo las modificaciones en la protecci\u00f3n de patrimonio hist\u00f3rico<\/p>\n<p>  <a href=\"https:\/\/www.lacapital.com.ar\/la-ciudad\/llegan-al-concejo-las-modificaciones-la-proteccion-patrimonio-historico-n10221974.html\" class=\"cover-link\" target=\"\" title=\"Llegan al Concejo las modificaciones en la protecci\u00f3n de patrimonio hist\u00f3rico\" rel=\"nofollow noopener\">    <img loading=\"lazy\" decoding=\"async\" src=\"https:\/\/www.lacapital.com.ar\/css-custom\/203\/lazy.svg\" data-td-src-property=\"https:\/\/media.lacapital.com.ar\/p\/494216c9821c6d470391e8d9b4893208\/adjuntos\/203\/imagenes\/102\/725\/0102725563\/314x176\/smart\/salones-fiesta.png\" alt=\"De los peloteros al vals: Rosario ampl\u00eda la noche y los salones infantiles suman nuevos festejos\" width=\"314\" height=\"176\"\/>  <\/p>\n<p> LA CIUDAD  De los peloteros al vals: Rosario ampl\u00eda la noche y los salones infantiles suman nuevos festejos<\/p>\n<p>  <a href=\"https:\/\/www.lacapital.com.ar\/la-ciudad\/de-los-peloteros-al-vals-rosario-amplia-la-noche-y-los-salones-infantiles-suman-nuevos-festejos-n10222603.html\" class=\"cover-link\" target=\"\" title=\"De los peloteros al vals: Rosario ampl\u00eda la noche y los salones infantiles suman nuevos festejos\" rel=\"nofollow noopener\">    <img loading=\"lazy\" decoding=\"async\" src=\"https:\/\/www.lacapital.com.ar\/css-custom\/203\/lazy.svg\" data-td-src-property=\"https:\/\/media.lacapital.com.ar\/p\/77b2e83d4a3f4bb308bd971f08fcba72\/adjuntos\/203\/imagenes\/102\/726\/0102726583\/314x176\/smart\/vranicich-jura-fiscales.jpg\" alt=\"Fiscales y defensores juraron la nueva Constituci\u00f3n y se abre una nueva etapa en Santa Fe\" width=\"314\" height=\"176\"\/>  <\/p>\n<p> Politica  Fiscales y defensores juraron la nueva Constituci\u00f3n y se abre una nueva etapa en Santa Fe<\/p>\n<p>  <a href=\"https:\/\/www.lacapital.com.ar\/politica\/fiscales-y-defensores-juraron-la-nueva-constitucion-y-se-abre-una-nueva-etapa-santa-fe-n10222641.html\" class=\"cover-link\" target=\"\" title=\"Fiscales y defensores juraron la nueva Constituci\u00f3n y se abre una nueva etapa en Santa Fe\" rel=\"nofollow noopener\">    <img loading=\"lazy\" decoding=\"async\" src=\"https:\/\/www.lacapital.com.ar\/css-custom\/203\/lazy.svg\" data-td-src-property=\"https:\/\/media.lacapital.com.ar\/p\/266515dd58003327a9042b672f9f9031\/adjuntos\/203\/imagenes\/102\/725\/0102725676\/314x176\/smart\/labubu-lapiz-labial.png\" alt=\"Qu\u00e9 es el efecto l\u00e1piz labial: los j\u00f3venes gastan en peque\u00f1os lujos para sobrellevar la crisis\" width=\"314\" height=\"176\"\/>  <\/p>\n<p> Informaci\u00f3n General  Qu\u00e9 es el \u00abefecto l\u00e1piz labial\u00bb: los j\u00f3venes gastan en peque\u00f1os lujos para sobrellevar la crisis<\/p>\n<p>  <a href=\"https:\/\/www.lacapital.com.ar\/informacion-general\/que-es-el-efecto-lapiz-labial-los-jovenes-gastan-pequenos-lujos-sobrellevar-la-crisis-n10222609.html\" class=\"cover-link\" target=\"\" title=\"Qu\u00e9 es el \" efecto=\"\" l=\"\" labial=\"\" los=\"\" j=\"\" gastan=\"\" en=\"\" peque=\"\" lujos=\"\" para=\"\" sobrellevar=\"\" la=\"\" crisis=\"\" labia rel=\"nofollow noopener\">    <img loading=\"lazy\" decoding=\"async\" src=\"https:\/\/www.lacapital.com.ar\/css-custom\/203\/lazy.svg\" data-td-src-property=\"https:\/\/media.lacapital.com.ar\/p\/2217f1a9d27f09968cfa411661d52ebe\/adjuntos\/203\/imagenes\/102\/630\/0102630285\/314x176\/smart\/milei-enojado.png\" alt=\"El gobierno de Milei sigue en d\u00e9ficit\" width=\"314\" height=\"176\"\/>  <\/p>\n<p class=\"entry-autor\">Por Carlos Fara \/ Especial para La Capital<\/p>\n<p>  Opini\u00f3n  El gobierno de Milei sigue en d\u00e9ficit  <a href=\"https:\/\/www.lacapital.com.ar\/opinion\/el-gobierno-milei-sigue-deficit-n10222417.html\" class=\"cover-link\" target=\"\" title=\"El gobierno de Milei sigue en d\u00e9ficit\" rel=\"nofollow noopener\">   <\/p>\n","protected":false},"excerpt":{"rendered":"Informaci\u00f3n General Rosario arranca una semana inusual: habr\u00e1 dos d\u00edas sin clases Informaci\u00f3n General Luna llena del cazador:&hellip;\n","protected":false},"author":2,"featured_media":159985,"comment_status":"","ping_status":"","sticky":false,"template":"","format":"standard","meta":{"footnotes":""},"categories":[270],"tags":[168,25,24,306,271,272,23,167],"class_list":{"0":"post-159984","1":"post","2":"type-post","3":"status-publish","4":"format-standard","5":"has-post-thumbnail","7":"category-formula-1","8":"tag-deportes","9":"tag-es","10":"tag-espana","11":"tag-f1","12":"tag-formula-1","13":"tag-formula1","14":"tag-spain","15":"tag-sports"},"share_on_mastodon":{"url":"","error":""},"_links":{"self":[{"href":"https:\/\/www.europesays.com\/es\/wp-json\/wp\/v2\/posts\/159984","targetHints":{"allow":["GET"]}}],"collection":[{"href":"https:\/\/www.europesays.com\/es\/wp-json\/wp\/v2\/posts"}],"about":[{"href":"https:\/\/www.europesays.com\/es\/wp-json\/wp\/v2\/types\/post"}],"author":[{"embeddable":true,"href":"https:\/\/www.europesays.com\/es\/wp-json\/wp\/v2\/users\/2"}],"replies":[{"embeddable":true,"href":"https:\/\/www.europesays.com\/es\/wp-json\/wp\/v2\/comments?post=159984"}],"version-history":[{"count":0,"href":"https:\/\/www.europesays.com\/es\/wp-json\/wp\/v2\/posts\/159984\/revisions"}],"wp:featuredmedia":[{"embeddable":true,"href":"https:\/\/www.europesays.com\/es\/wp-json\/wp\/v2\/media\/159985"}],"wp:attachment":[{"href":"https:\/\/www.europesays.com\/es\/wp-json\/wp\/v2\/media?parent=159984"}],"wp:term":[{"taxonomy":"category","embeddable":true,"href":"https:\/\/www.europesays.com\/es\/wp-json\/wp\/v2\/categories?post=159984"},{"taxonomy":"post_tag","embeddable":true,"href":"https:\/\/www.europesays.com\/es\/wp-json\/wp\/v2\/tags?post=159984"}],"curies":[{"name":"wp","href":"https:\/\/api.w.org\/{rel}","templated":true}]}}