{"id":159990,"date":"2025-10-06T21:26:09","date_gmt":"2025-10-06T21:26:09","guid":{"rendered":"https:\/\/www.europesays.com\/es\/159990\/"},"modified":"2025-10-06T21:26:09","modified_gmt":"2025-10-06T21:26:09","slug":"asista-a-la-presentacion-del-libro-el-gitano-de-julio-zatarain","status":"publish","type":"post","link":"https:\/\/www.europesays.com\/es\/159990\/","title":{"rendered":"Asista a la presentaci\u00f3n del libro \u201cEl Gitano\u201d de Julio Zatarain"},"content":{"rendered":"<p>El Instituto Municipal de Cultura, Turismo y Arte de Mazatl\u00e1n invita al p\u00fablico a la presentaci\u00f3n de la novela \u201cEl Gitano\u201d, del escritor mazatleco Julio Zatarain, obra ganadora del XX Premio Nacional Valladolid a las Letras 2024. La cita es el viernes 24 de octubre a las 19:00 horas en Casa Haas. Entrada libre, cupo limitado.<\/p>\n<p>La velada enmarcada en la programaci\u00f3n del Festival Cultural Mazatl\u00e1n 2025 contar\u00e1 con la participaci\u00f3n de los escritores Fernando Alarriba y Juan Jos\u00e9 Rodr\u00edguez, quienes acompa\u00f1ar\u00e1n al autor en el di\u00e1logo literario alrededor de esta novela que ha sido reconocida a nivel nacional por su fuerza narrativa y su capacidad de situar al lector en escenarios palpables de Mazatl\u00e1n.<\/p>\n<p>Sobre la obra<br \/>El Gitano transporta al lector a un Mazatl\u00e1n intenso y lleno de tensiones, donde los personajes conviven con la historia y los escenarios urbanos de la ciudad. Con un estilo \u00e1gil y un lenguaje cercano, la novela recrea atm\u00f3sferas de carnaval, conspiraci\u00f3n y memoria colectiva que atrapan desde las primeras p\u00e1ginas.<\/p>\n<p>El reconocido escritor Elmer Mendoza ha destacado que se trata de una obra que \u201cilumina la vida y nuestras esperanzas\u201d y que confirma a Zatarain como un narrador joven con gran proyecci\u00f3n.<\/p>\n<p>Sobre el autor<\/p>\n<p>Julio Zatarain (Mazatl\u00e1n, 1990) es una de las voces emergentes m\u00e1s s\u00f3lidas de la literatura sinaloense. Ha sido becario del FONCA y del Programa de Est\u00edmulo a la Creaci\u00f3n y Desarrollo Art\u00edstico de Sinaloa, y ha publicado en diversas antolog\u00edas y editoriales. En 2021 obtuvo el Premio Nacional de Cuento Jos\u00e9 Alvarado, y con El Gitano consolid\u00f3 su trayectoria al conquistar el Premio Valladolid 2024 en la categor\u00eda de novela.<\/p>\n<p>Entrada libre<\/p>\n<p>El acceso a la presentaci\u00f3n es gratuito, pero el cupo ser\u00e1 limitado, por lo que se recomienda llegar con anticipaci\u00f3n.<\/p>\n","protected":false},"excerpt":{"rendered":"El Instituto Municipal de Cultura, Turismo y Arte de Mazatl\u00e1n invita al p\u00fablico a la presentaci\u00f3n de la&hellip;\n","protected":false},"author":2,"featured_media":159991,"comment_status":"","ping_status":"","sticky":false,"template":"","format":"standard","meta":{"footnotes":""},"categories":[172],"tags":[224,146,147,25,24,225,23],"class_list":{"0":"post-159990","1":"post","2":"type-post","3":"status-publish","4":"format-standard","5":"has-post-thumbnail","7":"category-libros","8":"tag-books","9":"tag-entertainment","10":"tag-entretenimiento","11":"tag-es","12":"tag-espana","13":"tag-libros","14":"tag-spain"},"share_on_mastodon":{"url":"","error":""},"_links":{"self":[{"href":"https:\/\/www.europesays.com\/es\/wp-json\/wp\/v2\/posts\/159990","targetHints":{"allow":["GET"]}}],"collection":[{"href":"https:\/\/www.europesays.com\/es\/wp-json\/wp\/v2\/posts"}],"about":[{"href":"https:\/\/www.europesays.com\/es\/wp-json\/wp\/v2\/types\/post"}],"author":[{"embeddable":true,"href":"https:\/\/www.europesays.com\/es\/wp-json\/wp\/v2\/users\/2"}],"replies":[{"embeddable":true,"href":"https:\/\/www.europesays.com\/es\/wp-json\/wp\/v2\/comments?post=159990"}],"version-history":[{"count":0,"href":"https:\/\/www.europesays.com\/es\/wp-json\/wp\/v2\/posts\/159990\/revisions"}],"wp:featuredmedia":[{"embeddable":true,"href":"https:\/\/www.europesays.com\/es\/wp-json\/wp\/v2\/media\/159991"}],"wp:attachment":[{"href":"https:\/\/www.europesays.com\/es\/wp-json\/wp\/v2\/media?parent=159990"}],"wp:term":[{"taxonomy":"category","embeddable":true,"href":"https:\/\/www.europesays.com\/es\/wp-json\/wp\/v2\/categories?post=159990"},{"taxonomy":"post_tag","embeddable":true,"href":"https:\/\/www.europesays.com\/es\/wp-json\/wp\/v2\/tags?post=159990"}],"curies":[{"name":"wp","href":"https:\/\/api.w.org\/{rel}","templated":true}]}}