{"id":159992,"date":"2025-10-06T21:29:10","date_gmt":"2025-10-06T21:29:10","guid":{"rendered":"https:\/\/www.europesays.com\/es\/159992\/"},"modified":"2025-10-06T21:29:10","modified_gmt":"2025-10-06T21:29:10","slug":"los-simpsons-volveran-a-la-pantalla-grande-con-una-nueva-pelicula-animada","status":"publish","type":"post","link":"https:\/\/www.europesays.com\/es\/159992\/","title":{"rendered":"Los Simpsons volver\u00e1n a la pantalla grande con una nueva pel\u00edcula animada"},"content":{"rendered":"<p>La 20th Century Studios, dependiente del gigante Disney, confirm\u00f3 de manera oficial el segundo largometraje animado de larga duraci\u00f3n de Los Simpsons. Luego de mucho tiempo de rumores, versiones y comentarios de los creadores, <strong>la secuela de la familia amarilla m\u00e1s irreverente de Srpingfield, llegar\u00e1 a las salas de cine en un lanzamiento mundial previsto para el 23 de julio de 2027<\/strong>.<\/p>\n<p><img decoding=\"async\" loading=\"lazy\" class=\"no-caption\" title=\"simpson2\" src=\"https:\/\/www.europesays.com\/es\/wp-content\/uploads\/2025\/10\/simpson2.jpg\" alt=\"simpson2\" width=\"513\" height=\"347\"\/><\/p>\n<p>Para los fans m\u00e1s leales es una excelente noticia, luego de haber transitado unos 20 a\u00f1os despu\u00e9s de la primera experiencia cinematogr\u00e1fica, que tuvo cr\u00edticas mixtas, pero que fue todo un suceso en su momento. Sin embargo, deber\u00e1n armarse de paciencia porque hasta su estreno, falta bastante.<\/p>\n<p>Si bien comenz\u00f3 el desarrollo de la producci\u00f3n, lo que se sabe hasta ahora, es que se revel\u00f3 un p\u00f3ster promocional en redes sociales. A trav\u00e9s de un teaser, figura la leyenda: <strong>\u201cHomero regresa por la segunda raci\u00f3n\u201d<\/strong> (\u201cHomer\u2019s coming back for seconds\u201d) sobre una imagen de fondo de una rosca (o dona) rosa con chispitas en forma de \u201c2\u201d y la mano de Homero agarrando el panificado glaseado.<\/p>\n<p><img decoding=\"async\" loading=\"lazy\" class=\"no-caption\" title=\"simpson1-728x491\" src=\"https:\/\/www.europesays.com\/es\/wp-content\/uploads\/2025\/10\/simpson1-728x491.webp.webp\" alt=\"simpson1-728x491\" width=\"728\" height=\"491\"\/><\/p>\n<p>Los detalles de la nueva trama se mantienen en secreto, se espera que la pel\u00edcula mantenga el tono de s\u00e1tira social, referencias culturales y humor \u00e1cido que caracteriza a la serie convencional.<\/p>\n<p>Pese a tantos rumores girando, <strong>Matt Groening y su equipo volver\u00e1n a conducir el proyecto<\/strong>, de la misma manera que hicieron con la anterior pel\u00edcula y en paralelo, con el desarrollo de los episodios de la serie.<\/p>\n<p>Se da por descontado que contar\u00e1 con las voces originales de Dan Castellaneta (Homero), Julie Kavner (Marge), Nancy Cartwright (Bart) y Yeardley Smith (Lisa).<\/p>\n<p>Los productores han asegurado que, a pesar de la larga espera, la nueva pel\u00edcula ofrecer\u00e1 una historia fresca e independiente que mantendr\u00e1 la s\u00e1tira social, el ingenio y el humor que han convertido a la serie en un fen\u00f3meno global a lo largo de 36 temporadas.<\/p>\n<p>\u00a0<\/p>\n<p>Todav\u00eda la producci\u00f3n a\u00fan est\u00e1 en fase temprana, por lo que muchos detalles clave a\u00fan se mantienen en secreto. Hasta ahora, no hay confirmaci\u00f3n de una sinopsis oficial, puesto que el proyecto se mantiene reservado con hermetismo. No obstante, bas\u00e1ndose en la tradici\u00f3n de la serie y la primera pel\u00edcula, algunos fans seguidores la tira animada, especulan y ya existen algunas teor\u00edas sobre c\u00f3mo ser\u00e1 el argumento y que repercutir\u00e1 en un eje: \u201cuna crisis global con origen local\u201d. Al igual que en la primera pel\u00edcula, en el que Homero, contamin\u00f3 el lago y Springfield fue aislada bajo una c\u00fapula, es probable que el conflicto se origine en una acci\u00f3n irresponsable de Simpson que escala a niveles \u00e9picos, poniendo en riesgo a toda la ciudad o incluso al mundo.<\/p>\n<p>Pero seguramente, la pel\u00edcula abordar\u00eda otros temas contempor\u00e1neos sensibles y en otro aspecto, el argumento no necesariamente entrar\u00eda en la continuidad de la trama de la serie regular, sino que funcionar\u00eda como una historia auto conclusiva, tal como lo hizo el film de 2007.<\/p>\n<p><img decoding=\"async\" loading=\"lazy\" class=\"no-caption\" title=\"simpsoncine-728x400\" src=\"https:\/\/www.europesays.com\/es\/wp-content\/uploads\/2025\/10\/simpsoncine-728x400.webp.webp\" alt=\"simpsoncine-728x400\" width=\"728\" height=\"400\"\/><\/p>\n<p>El otro detalle a tener en cuenta, es que la pel\u00edcula de Los Simpson 2 ocupar\u00e1 la fecha de estreno que estaba originalmente reservada para una pel\u00edcula no anunciada del Universo Cinematogr\u00e1fico de Marvel (UCM). Y como dato curioso, en la primer pel\u00edcula, hay un gui\u00f1o casi \u201cpredicho\u201d por la propia serie, en un chiste donde Bart -en la t\u00edpica escena donde aparece escribiendo en el pizarr\u00f3n de la escuela- dej\u00f3 el mensaje \u201cNo esperar\u00e9 20 a\u00f1os para hacer otra pel\u00edcula\u201d.<\/p>\n<p>Adem\u00e1s, de concretarse <strong>el estreno de la pel\u00edcula coincidir\u00e1 con la celebraci\u00f3n de la temporada 40 en la televisi\u00f3n<\/strong>.<\/p>\n<p>Fue el propio \u201cco-showrunner\u201d Al Jean, quien hab\u00eda mencionado previamente que \u201cla luz verde para\u201d la secuela depend\u00eda, en parte, del rendimiento en taquilla de Intensa Mente 2 (Pixar) y que \u00a0finalmente, result\u00f3 un \u00e9xito rotundo, en taquilla, por lo que abri\u00f3 el camino para la producci\u00f3n de la familia Simpson, de vuelta al cine.<\/p>\n<p>Por otro lado, todav\u00eda hay nada confirmado si seguir\u00e1n o no, los int\u00e9rpretes del doblaje latino de la actual temporada, que para el p\u00fablico argentino y el resto del Cono Sur -que sigue la serie con afecto- resulta uno de las interpretaciones mejor valoradas que en otras versiones, incluso la original.<\/p>\n<p>Hay que recordar que el elenco original de actores de doblaje de M\u00e9xico -que fue un grupo hist\u00f3rico y marc\u00f3 a varias generaciones- ha sufrido varias modificaciones a lo largo de las temporadas. Aunque el ic\u00f3nico Humberto V\u00e9lez (Homero) y Patricia Casta\u00f1eda (Lisa) regresaron para la primera pel\u00edcula, no hay garant\u00eda de que el equipo de doblaje sea el mismo que en 2007.<\/p>\n<p><strong>La primera pel\u00edcula recaud\u00f3 US$536 millones y es considerada uno de los mayores \u00e9xitos animados de Fox<\/strong> y ahora Disney.<\/p>\n","protected":false},"excerpt":{"rendered":"La 20th Century Studios, dependiente del gigante Disney, confirm\u00f3 de manera oficial el segundo largometraje animado de larga&hellip;\n","protected":false},"author":2,"featured_media":159993,"comment_status":"","ping_status":"","sticky":false,"template":"","format":"standard","meta":{"footnotes":""},"categories":[169],"tags":[177,47520,146,147,25,24,176,175,23],"class_list":{"0":"post-159992","1":"post","2":"type-post","3":"status-publish","4":"format-standard","5":"has-post-thumbnail","7":"category-cine","8":"tag-cine","9":"tag-ddc","10":"tag-entertainment","11":"tag-entretenimiento","12":"tag-es","13":"tag-espana","14":"tag-film","15":"tag-movies","16":"tag-spain"},"share_on_mastodon":{"url":"","error":""},"_links":{"self":[{"href":"https:\/\/www.europesays.com\/es\/wp-json\/wp\/v2\/posts\/159992","targetHints":{"allow":["GET"]}}],"collection":[{"href":"https:\/\/www.europesays.com\/es\/wp-json\/wp\/v2\/posts"}],"about":[{"href":"https:\/\/www.europesays.com\/es\/wp-json\/wp\/v2\/types\/post"}],"author":[{"embeddable":true,"href":"https:\/\/www.europesays.com\/es\/wp-json\/wp\/v2\/users\/2"}],"replies":[{"embeddable":true,"href":"https:\/\/www.europesays.com\/es\/wp-json\/wp\/v2\/comments?post=159992"}],"version-history":[{"count":0,"href":"https:\/\/www.europesays.com\/es\/wp-json\/wp\/v2\/posts\/159992\/revisions"}],"wp:featuredmedia":[{"embeddable":true,"href":"https:\/\/www.europesays.com\/es\/wp-json\/wp\/v2\/media\/159993"}],"wp:attachment":[{"href":"https:\/\/www.europesays.com\/es\/wp-json\/wp\/v2\/media?parent=159992"}],"wp:term":[{"taxonomy":"category","embeddable":true,"href":"https:\/\/www.europesays.com\/es\/wp-json\/wp\/v2\/categories?post=159992"},{"taxonomy":"post_tag","embeddable":true,"href":"https:\/\/www.europesays.com\/es\/wp-json\/wp\/v2\/tags?post=159992"}],"curies":[{"name":"wp","href":"https:\/\/api.w.org\/{rel}","templated":true}]}}