{"id":159994,"date":"2025-10-06T21:30:12","date_gmt":"2025-10-06T21:30:12","guid":{"rendered":"https:\/\/www.europesays.com\/es\/159994\/"},"modified":"2025-10-06T21:30:12","modified_gmt":"2025-10-06T21:30:12","slug":"parte-medico-de-marc-marquez-cuando-volvera-de-su-lesion-lasexta","status":"publish","type":"post","link":"https:\/\/www.europesays.com\/es\/159994\/","title":{"rendered":"Parte m\u00e9dico de Marc M\u00e1rquez: \u00bfCu\u00e1ndo volver\u00e1 de su lesi\u00f3n? &#8211; LaSexta"},"content":{"rendered":"<ol>\n<li><a href=\"https:\/\/news.google.com\/rss\/articles\/CBMizgFBVV95cUxOSnd5NDA0b25jMHZlWDZEYm1pNWZNYjRmeGdvem9xVVJyaVpGTXExUjBlQ2MyVFlKdG1jWlI0dmpDbzN1TWxfT3J4cnhZbEtoa1ZxYnJUTXRRLWhTbnZBWG40cGN4ZERlUjZtS0FheEh3VGRTdnAyNzRHY1dlR3ZCdTZrRkxMeUVFQUZ5dC1OYUFfRWVpeVhieHVCV0lWNDFhSGk1d0J4YkhZcUhDNEluN3RtczdpQUpOaUh4RHc4Umd1eEVYNkZhVTdjSlhQZ9IBzgFBVV95cUxPR0xQRW12WXhVNVV0dkpLTE5waThaemZUZVNLc1U3M1ZPNUczaXFrRndQNHlKaXBwVmZvU0RCaVdyM2FGYlJYa1JPdzB2ZjRqVzl5QWZTQ0tVVWZQdjBJVGpZc3U4Wjk2NW9kMDFOZlZwVm91NEd5dlV4UmFxRWRoN2x6cWFQTDdzbi1MSFFTRUxkTGRZUThkTXB0d0FWZUdxZk5FNjV4bnlfUFRWRkhlZ1RXMVdDVklDWV9DT2xhVnZVLWpaaGlDZVhqSWszdw?oc=5\" target=\"_blank\" rel=\"nofollow noopener\">Parte m\u00e9dico de Marc M\u00e1rquez: \u00bfCu\u00e1ndo volver\u00e1 de su lesi\u00f3n?<\/a>&nbsp;&nbsp;LaSexta<\/li>\n<li><a href=\"https:\/\/news.google.com\/rss\/articles\/CBMi4gFBVV95cUxNOGRKTUJmRXh6RkNXaFlkdE1nMTdpV0s1Tzc5OGpKNW9TTEJsZmxXaWJJRFRSTV9DbUhHcjZ1U1Fzb014aUFaYlk5TzA4aktTdk8tVU1rM0VrMFJGVXo3MmJ6a0dzU0kyU1JlQy1LbU81QTBPbTZiWVZ3WUFrRENad0dDZ0lfTjZQTVJPaFFJS2djOFNyaEVPMktTTzItdE1nb0dBdDFPVXU1ZGl4Rl9LUHNaQUNDbm4tYnRFQWVqaklCOUJSYlcya2VkdE9QWHRNa19pQjRKek5qWmVsQUIxVlRR?oc=5\" target=\"_blank\" rel=\"nofollow noopener\">Marc M\u00e1rquez sufre una fractura en el hombro derecho y se perder\u00e1 las pr\u00f3ximas dos carreras<\/a>&nbsp;&nbsp;EL PA\u00cdS<\/li>\n<li><a href=\"https:\/\/news.google.com\/rss\/articles\/CBMirwFBVV95cUxPNEcydmFPQ2hZb3ZWU2ZuejVpMXduSWd1VDFWNTNEbkZLUkZnc3otR3U1R3J2cllkaVRVRExMOFJzdk5Lb1doVVlNUy11bllPcFFacGZNQjNPVE5mZkVPMG1HVDJRNXV4UERnaTBTQmFzM3NHclIzRE96M0pIS1FmZk5RM1RIQ3M0UlBaMl92eU54LVAxeGpQaTUxNkM3SW9GZjc0bnY5dEU3bThHODlN?oc=5\" target=\"_blank\" rel=\"nofollow noopener\">La ca\u00edda de M\u00e1rquez con nada en juego: el campe\u00f3n regatea el quir\u00f3fano pero se perder\u00e1 dos carreras<\/a>&nbsp;&nbsp;ABC<\/li>\n<li><a href=\"https:\/\/news.google.com\/rss\/articles\/CBMiWkFVX3lxTFBuTWRSaVl6R0JMR3oyQWs0VTBJWkRlejFhai15djYtWjhGNlBYeDAtSnlDTGNfQjZIUENYYkJJbUt5RVpkMVEtc3lMSmpwNmxXOXRVdkE5S3phd9IBbkFVX3lxTE9oNUYtcjNRUlQxMU4zSmVxQUJWemdyQ1p3UElzRnZQMzJZejhxeHg5Y1lMd1plRnJOX19mZjJUZUo5cXlHb0xaYWNaOXM2dUR1dWpfZVl3dTdBSGdjbVdEXzBvdV93dkVTVTBaWEZB?oc=5\" target=\"_blank\" rel=\"nofollow noopener\">M\u00e1rquez se hace da\u00f1o<\/a>&nbsp;&nbsp;Diario AS<\/li>\n<li><a href=\"https:\/\/news.google.com\/rss\/articles\/CBMi2wFBVV95cUxQeG84N1RVOXBEcU9Gc3ZWb1J0S3hKZGZTSWlkSXdyR2hHZ2JXTmhZa1MxVXVlTW5fTlk4akd2cUdiUEV1Sm4tTDVQUWlBbE9EVmZlTGdFWnlXMW9qck0zV3BPOTYyWFEzZF9oNlQ0WFAwclVSN1RMRU5VZ3pqQjh5M01ReVNKejBOSTVBWDZMYlFxdDI4b2k0dFNNV2NuSTVhR2tPdDJiUlpqV3VJZDZSdXFwQ010MnNWbmYyOEIyc2JmMTEzY1dpTzd3cElGa05iNGxjU2hJM0NndmvSAdsBQVVfeXFMTmNxLTFWRnV2NDdfVmZjZkgtU3V5enJPc1otRElQMXpiUXdCSS1GR084TV9NWmVmcllENFp3a3hpZzlOZ01lQnFHTzhxNXdHeG1HRktmRlRjZG9CbXBLa3VINGM3dHRGblh5Q0lOeFd1TDd1SkZDaVNqdVIyTW5GeVR5TUNXSVFYQ0NPN0p5UEdybklHMEIzbThRMlpGSXpoRHJpd0IycXN6NU5TYWsyendsQ0w3Z2c0NlNHRFBOQ0EzQk14SkZhSVhUU1FxZXZ0c01ZM2JMMkJrYTB3?oc=5\" target=\"_blank\" rel=\"nofollow noopener\">El jefe de Aprilia pide perd\u00f3n a Marc M\u00e1rquez tras la &#8216;embestida&#8217; de Bezzecchi<\/a>&nbsp;&nbsp;LaSexta<\/li>\n<\/ol>\n","protected":false},"excerpt":{"rendered":"Parte m\u00e9dico de Marc M\u00e1rquez: \u00bfCu\u00e1ndo volver\u00e1 de su lesi\u00f3n?&nbsp;&nbsp;LaSexta Marc M\u00e1rquez sufre una fractura en el hombro&hellip;\n","protected":false},"author":2,"featured_media":159995,"comment_status":"","ping_status":"","sticky":false,"template":"","format":"standard","meta":{"footnotes":""},"categories":[93],"tags":[168,25,24,23,167],"class_list":{"0":"post-159994","1":"post","2":"type-post","3":"status-publish","4":"format-standard","5":"has-post-thumbnail","7":"category-deportes","8":"tag-deportes","9":"tag-es","10":"tag-espana","11":"tag-spain","12":"tag-sports"},"share_on_mastodon":{"url":"","error":""},"_links":{"self":[{"href":"https:\/\/www.europesays.com\/es\/wp-json\/wp\/v2\/posts\/159994","targetHints":{"allow":["GET"]}}],"collection":[{"href":"https:\/\/www.europesays.com\/es\/wp-json\/wp\/v2\/posts"}],"about":[{"href":"https:\/\/www.europesays.com\/es\/wp-json\/wp\/v2\/types\/post"}],"author":[{"embeddable":true,"href":"https:\/\/www.europesays.com\/es\/wp-json\/wp\/v2\/users\/2"}],"replies":[{"embeddable":true,"href":"https:\/\/www.europesays.com\/es\/wp-json\/wp\/v2\/comments?post=159994"}],"version-history":[{"count":0,"href":"https:\/\/www.europesays.com\/es\/wp-json\/wp\/v2\/posts\/159994\/revisions"}],"wp:featuredmedia":[{"embeddable":true,"href":"https:\/\/www.europesays.com\/es\/wp-json\/wp\/v2\/media\/159995"}],"wp:attachment":[{"href":"https:\/\/www.europesays.com\/es\/wp-json\/wp\/v2\/media?parent=159994"}],"wp:term":[{"taxonomy":"category","embeddable":true,"href":"https:\/\/www.europesays.com\/es\/wp-json\/wp\/v2\/categories?post=159994"},{"taxonomy":"post_tag","embeddable":true,"href":"https:\/\/www.europesays.com\/es\/wp-json\/wp\/v2\/tags?post=159994"}],"curies":[{"name":"wp","href":"https:\/\/api.w.org\/{rel}","templated":true}]}}