{"id":159996,"date":"2025-10-06T21:31:16","date_gmt":"2025-10-06T21:31:16","guid":{"rendered":"https:\/\/www.europesays.com\/es\/159996\/"},"modified":"2025-10-06T21:31:16","modified_gmt":"2025-10-06T21:31:16","slug":"oncologas-destacan-la-revolucion-terapeutica-en-cancer-de-mama-impulsada-por-inmunoterapia-y-farmacos-dirigidos","status":"publish","type":"post","link":"https:\/\/www.europesays.com\/es\/159996\/","title":{"rendered":"Onc\u00f3logas destacan la revoluci\u00f3n terap\u00e9utica en c\u00e1ncer de mama impulsada por inmunoterapia y f\u00e1rmacos dirigidos"},"content":{"rendered":"<p><strong>Redacci\u00f3n<br \/><\/strong>La onc\u00f3loga m\u00e9dica del Hospital Universitario Puerta de Hierro de Majadahonda (Madrid) <strong>Blanca Cantos<\/strong> ha destacado que los tratamientos de <strong>c\u00e1ncer de mama<\/strong> est\u00e1n viviendo en los \u00faltimos a\u00f1os una<strong> \u00abrevoluci\u00f3n\u00bb<\/strong> gracias a la investigaci\u00f3n y al desarrollo de nuevos f\u00e1rmacos, lo que est\u00e1 permitiendo mejorar la supervivencia y la calidad de vida de las pacientes.<\/p>\n<p>As\u00ed lo ha se\u00f1alado este lunes durante la presentaci\u00f3n de la<strong> campa\u00f1a Matices que importan<\/strong>, que la farmac\u00e9utica<strong> MSD<\/strong> ha lanzado para visibilizar las diferentes realidades que viven las pacientes de c\u00e1ncer de mama en el momento del diagn\u00f3stico y durante su camino con la enfermedad, coincidiendo con el mes de sensibilizaci\u00f3n sobre este c\u00e1ncer.<\/p>\n<p><a class=\"gofollow\" data-track=\"MjQ5LDcyLDEsNjA=\" href=\"https:\/\/isanidad.com\/341108\/bases-reguladoras-modelo-memoria-iii-edicion-ayudas-investigacion-nutricion\/\" _blank=\"\" rel=\"nofollow noopener\" target=\"_blank\"><img decoding=\"async\" fetchpriority=\"high\" src=\"data:image\/svg+xml,%3Csvg%20xmlns=\" http:=\"\" width=\"2310\" height=\"390\" data-lazy-src=\"https:\/\/www.europesays.com\/es\/wp-content\/uploads\/2025\/10\/1759786276_893_Herbalife-III-Incrustado-en-noticia.gif\"\/><\/a><\/p>\n<p>Cantos ha detallado que el c\u00e1ncer de mama es una<strong> enfermedad \u00abheterog\u00e9nea\u00bb<\/strong>, pues hay varios tipos de tumores, como los triple negativo o los hormonales, y adem\u00e1s cada paciente tiene unas necesidades distintas. Ante esto, ha subrayado que en la actualidad <strong>los tratamientos son \u00abm\u00e1s personalizados\u00bb y \u00abdirigidos\u00bb<\/strong>.<\/p>\n<p>Inmunoterapia y f\u00e1rmacos conjugados est\u00e1n cambiando el pron\u00f3stico de pacientes con c\u00e1ncer de mama<\/p>\n<p>\u00abHemos asistido a nuevas mol\u00e9culas. La inmunoterapia ha sido una revoluci\u00f3n en el tratamiento del c\u00e1ncer de mama triple negativo. <strong>Hemos conseguido curar m\u00e1s porcentaje de paciente<\/strong>. Hemos conseguido que haya m\u00e1s pacientes que no lleguen a fases metast\u00e1sicas e incluso en la enfermedad metast\u00e1sica hemos conseguido aumentar la supervivencia con este tratamiento\u00ab, ha referido.<\/p>\n<p>Junto a esto, la onc\u00f3loga ha apuntado a los<strong> f\u00e1rmacos inmunoconjugados<\/strong> (ADC, por sus siglas en ingl\u00e9s), que permiten administrar quimioterapia de forma selectiva a las c\u00e9lulas tumorales, y a la desescalada de la cirug\u00eda, esto es, ofrecer una cirug\u00eda menos agresiva, menos mutilante para las mujeres.<\/p>\n<p>Para Cantos, <strong>esto es solo \u00abla punta del iceberg\u00bb<\/strong> y en los pr\u00f3ximos a\u00f1os seguir\u00e1 habiendo avances beneficiosos, con tratamientos nuevos o, gracias a la tecnolog\u00eda y la inteligencia artificial (IA), detecciones del tumor m\u00e1s precoces y campa\u00f1as de screening m\u00e1s personalizadas, as\u00ed como un abordaje m\u00e1s individual de cada paciente.<\/p>\n<p>Los avances actuales son para la Dra. Cantos \u00abla punta del iceberg\u00bb de lo que est\u00e1 por venir: nuevos tratamientos a partir de IA, detecci\u00f3n de tumores m\u00e1s precoces y un abordaje m\u00e1s personalizado<\/p>\n<p>Por su parte, la jefa del Servicio de Oncolog\u00eda M\u00e9dica del Hospital Universitario Quir\u00f3nsalud Madrid, <strong>Luc\u00eda Gonz\u00e1lez Cortijo<\/strong>, ha hecho hincapi\u00e9 en c\u00f3mo ha cambiado el modelo de abordaje de una paciente de c\u00e1ncer de mama en los \u00faltimos 20 a\u00f1os.<\/p>\n<p><strong>Adi\u00f3s al paternalismo<\/strong><\/p>\n<p>Seg\u00fan ha explicado,<strong> se ha pasado de un modelo \u00ababsolutamente paternalista\u00bb<\/strong>, en que el m\u00e9dico era quien establec\u00eda lo que hab\u00eda que hacer y se daban casos de pacientes que llegan directamente al cirujano sin haber pasado por el onc\u00f3logo, a un modelo en el que la paciente llega a la consulta mucho m\u00e1s informada y participa en la toma de decisiones.<\/p>\n<p>\u00abY nosotros de alguna manera tenemos que integrar todos esos deseos o anhelos, lo que se puede, por supuesto intentando disuadir a veces de algunas cosas que no son posibles\u00bb, ha se\u00f1alado indicando que ahora se tienen en cuenta factores como el \u00e1mbito familiar y laboral de la paciente, con el objetivo de <strong>que el abordaje sea \u00abm\u00e1s integral\u00bb<\/strong>.<\/p>\n<p>Se ha pasado de un modelo \u00ababsolutamente paternalista\u00bb a un modelo en el que la paciente llega a la consulta mucho m\u00e1s informada y participa en la toma de decisiones<\/p>\n<p>Ambas especialistas han coincidido en la <strong>importancia del trabajo multidisciplinar<\/strong>, con equipos que incluyan, junto a los onc\u00f3logos, los cirujanos, los radi\u00f3logos y las enfermeras, a psicoonc\u00f3logos y a nutricionistas. \u00abTodos tienen un papel importante (\u2026) Tratamos de que todo el mundo est\u00e9 al servicio de ellas (de las pacientes) para ayudarlas\u00ab, ha puntualizado Gonz\u00e1lez Cortijo.<\/p>\n<p>En este punto, las onc\u00f3logas han resaltado los beneficios de incorporar actividad f\u00edsica, combinando ejercicios aer\u00f3bicos y de fuera, y una buena alimentaci\u00f3n como parte del tratamiento integral del c\u00e1ncer de mama.<\/p>\n<p><strong>Nuevos retos: menores de 40\u00a0<\/strong><\/p>\n<p>Blanca Cantos ha se\u00f1alado que la edad media del c\u00e1ncer de mama est\u00e1 bajando, pues hay un <strong>\u00abporcentaje importante\u00bb de pacientes menores de 40 a\u00f1os<\/strong>. Esto \u00ababre nuevas necesidades\u00bb y \u00abnuevos retos\u00bb, ha advertido en referencia a la fertilidad, ya que muchas de estas pacientes no han tenido hijos y desean tenerlos, pero muchos tratamientos disminuyen la capacidad reproductiva.<\/p>\n<p>La edad media del c\u00e1ncer de mama est\u00e1 bajando y hay un \u00abporcentaje importante\u00bb de pacientes menores de 40 a\u00f1os, lo que \u00ababre nuevas necesidades\u00bb y \u00abnuevos retos\u00bb<\/p>\n<p>\u00abEs un reto que se nos abre y para el que tambi\u00e9n <strong>hay una v\u00eda de investigaci\u00f3n importante<\/strong>, intentar definir muy bien en qu\u00e9 momento pueden parar el tratamiento, en qu\u00e9 momento podemos indicar que una paciente se puede quedar embarazada, el intentar hacer esa<strong> preservaci\u00f3n de la fertilida<\/strong>d antes de empezar con los tratamientos\u00bb, ha ahondado la onc\u00f3loga.<\/p>\n<p>En este contexto, las onc\u00f3logas han apuntado que una de las medidas que habr\u00e1 que revisar dentro de poco es la de <strong>bajar la edad para las campa\u00f1as de screening<\/strong>, esto es, las mamograf\u00edas, que en la actualidad en Espa\u00f1a suelen realizarse a partir de los 50 a\u00f1os, aunque hay variaciones por comunidad aut\u00f3noma.<\/p>\n<p>Aun as\u00ed, han puntualizado que no es tan f\u00e1cil cambiar estas campa\u00f1as, ya que se debe valorar el beneficio-riesgo y confirmar que el cambio va a tener un impacto positivo en mortalidad con respecto a su coste econ\u00f3mico.<\/p>\n<p>Las onc\u00f3logas han se\u00f1alado que no es tan f\u00e1cil cambiar las campa\u00f1as de cribado de c\u00e1ncer de mama; se debe valorar el beneficio-riesgo y confirmar que el cambio tendr\u00e1 un impacto positivo en mortalidad<\/p>\n<p>Para finalizar, las onc\u00f3logas han insistido en que las pacientes deben estar atentas a cualquier cambio en el tejido mamario, as\u00ed como en el caso de tener antecedentes familiares de c\u00e1ncer, y <strong>acudir a un profesional cuando adviertan alg\u00fan tipo de se\u00f1al.<\/strong> \u00abNo podemos quedarnos con la falsa tranquilidad de que me he hecho una mamograf\u00eda y no tengo c\u00e1ncer de mama\u00bb porque puede aparecer a los meses, ha concluido Cantos a modo de concienciaci\u00f3n.<\/p>\n<p>A trav\u00e9s de la campa\u00f1a Matices que importan, MSD busca que el color rosa que identifica al c\u00e1ncer de mama evolucione para reflejar la enorme diversidad de lo que esta realidad implica. \u00abPorque <strong>no existe un \u00fanico rosa<\/strong>. Hay tantos tonos de rosa como c\u00e1nceres de mam\u00e1, pacientes, estadios, formas de vivirlo, edades y momentos vitales\u00bb, ha subrayado la directora m\u00e9dico de Oncolog\u00eda de la compa\u00f1\u00eda en Espa\u00f1a, Rute \u00c1lvarez, quien ha recordado que este a\u00f1o se estima que haya 37.000 nuevos diagn\u00f3sticos en el pa\u00eds.<\/p>\n","protected":false},"excerpt":{"rendered":"Redacci\u00f3nLa onc\u00f3loga m\u00e9dica del Hospital Universitario Puerta de Hierro de Majadahonda (Madrid) Blanca Cantos ha destacado que los&hellip;\n","protected":false},"author":2,"featured_media":159997,"comment_status":"","ping_status":"","sticky":false,"template":"","format":"standard","meta":{"footnotes":""},"categories":[92],"tags":[35809,8106,25,24,165,2217,33841,9111,166,23],"class_list":{"0":"post-159996","1":"post","2":"type-post","3":"status-publish","4":"format-standard","5":"has-post-thumbnail","7":"category-salud","8":"tag-c1","9":"tag-cancer-de-mama","10":"tag-es","11":"tag-espana","12":"tag-health","13":"tag-laboratorios","14":"tag-msd","15":"tag-quiron","16":"tag-salud","17":"tag-spain"},"share_on_mastodon":{"url":"","error":""},"_links":{"self":[{"href":"https:\/\/www.europesays.com\/es\/wp-json\/wp\/v2\/posts\/159996","targetHints":{"allow":["GET"]}}],"collection":[{"href":"https:\/\/www.europesays.com\/es\/wp-json\/wp\/v2\/posts"}],"about":[{"href":"https:\/\/www.europesays.com\/es\/wp-json\/wp\/v2\/types\/post"}],"author":[{"embeddable":true,"href":"https:\/\/www.europesays.com\/es\/wp-json\/wp\/v2\/users\/2"}],"replies":[{"embeddable":true,"href":"https:\/\/www.europesays.com\/es\/wp-json\/wp\/v2\/comments?post=159996"}],"version-history":[{"count":0,"href":"https:\/\/www.europesays.com\/es\/wp-json\/wp\/v2\/posts\/159996\/revisions"}],"wp:featuredmedia":[{"embeddable":true,"href":"https:\/\/www.europesays.com\/es\/wp-json\/wp\/v2\/media\/159997"}],"wp:attachment":[{"href":"https:\/\/www.europesays.com\/es\/wp-json\/wp\/v2\/media?parent=159996"}],"wp:term":[{"taxonomy":"category","embeddable":true,"href":"https:\/\/www.europesays.com\/es\/wp-json\/wp\/v2\/categories?post=159996"},{"taxonomy":"post_tag","embeddable":true,"href":"https:\/\/www.europesays.com\/es\/wp-json\/wp\/v2\/tags?post=159996"}],"curies":[{"name":"wp","href":"https:\/\/api.w.org\/{rel}","templated":true}]}}