{"id":160000,"date":"2025-10-06T21:33:13","date_gmt":"2025-10-06T21:33:13","guid":{"rendered":"https:\/\/www.europesays.com\/es\/160000\/"},"modified":"2025-10-06T21:33:13","modified_gmt":"2025-10-06T21:33:13","slug":"4-razones-por-las-que-el-samsung-galaxy-tab-s11-podria-ser-una-decepcion-para-algunos-usuarios","status":"publish","type":"post","link":"https:\/\/www.europesays.com\/es\/160000\/","title":{"rendered":"4 razones por las que el Samsung Galaxy Tab S11 podr\u00eda ser una decepci\u00f3n para algunos usuarios"},"content":{"rendered":"<p class=\"bodytext\">Por desgracia, la nueva interfaz One UI 8 no aporta ninguna mejora en cuanto al ajuste del color. Al igual que con el predecesor, echamos de menos una amplia selecci\u00f3n de perfiles de color. Adem\u00e1s, la Tab S11 s\u00f3lo permite el ajuste manual de la temperatura de color en el perfil \u00abV\u00edvido\u00bb, lo que resulta en un compromiso innecesario entre la calibraci\u00f3n precisa del color o el balance de blancos preferido personalmente. Porque en la revisi\u00f3n logramos las menores desviaciones de los colores de referencia para el perfil \u00abNatural\u00bb.<\/p>\n","protected":false},"excerpt":{"rendered":"Por desgracia, la nueva interfaz One UI 8 no aporta ninguna mejora en cuanto al ajuste del color.&hellip;\n","protected":false},"author":2,"featured_media":160001,"comment_status":"","ping_status":"","sticky":false,"template":"","format":"standard","meta":{"footnotes":""},"categories":[81],"tags":[47537,119,123,124,47535,47536,47528,47530,25,24,47525,47526,47524,47534,47531,47532,47523,47533,47527,6406,47529,6404,10,6405,2761,47522,117,121,122,23,118,120],"class_list":{"0":"post-160000","1":"post","2":"type-post","3":"status-publish","4":"format-standard","5":"has-post-thumbnail","7":"category-ciencia-y-tecnologia","8":"tag-alternativas-a-galaxy-tab-s11","9":"tag-ciencia","10":"tag-ciencia-y-tecnologia","11":"tag-cienciaytecnologia","12":"tag-compatibilidad-del-s-pen-galaxy-tab-s11","13":"tag-consejos-para-la-compra-de-la-tableta-galaxy-tab-s11","14":"tag-decepcion-con-la-tableta-samsung","15":"tag-defectos-de-la-tableta-premium","16":"tag-es","17":"tag-espana","18":"tag-galaxy-conclusion-de-la-prueba-de-la-tab-s11","19":"tag-galaxy-desventajas-de-la-tab-s11","20":"tag-galaxy-informe-de-la-prueba-de-la-tab-s11","21":"tag-galaxy-precio-rendimiento-de-la-tab-s11","22":"tag-galaxy-problemas-de-la-bateria-de-la-tab-s11","23":"tag-galaxy-problemas-de-la-pantalla-de-la-tab-s11","24":"tag-galaxy-prueba-de-la-tab-s11","25":"tag-galaxy-rendimiento-de-la-tab-s11","26":"tag-galaxy-revision-de-la-tab-s11","27":"tag-informaciones","28":"tag-informe-de-la-prueba-de-la-tableta","29":"tag-informes","30":"tag-noticias","31":"tag-portatil","32":"tag-prueba","33":"tag-samsung-galaxy-tab-s11","34":"tag-science","35":"tag-science-and-technology","36":"tag-scienceandtechnology","37":"tag-spain","38":"tag-technology","39":"tag-tecnologia"},"share_on_mastodon":{"url":"","error":""},"_links":{"self":[{"href":"https:\/\/www.europesays.com\/es\/wp-json\/wp\/v2\/posts\/160000","targetHints":{"allow":["GET"]}}],"collection":[{"href":"https:\/\/www.europesays.com\/es\/wp-json\/wp\/v2\/posts"}],"about":[{"href":"https:\/\/www.europesays.com\/es\/wp-json\/wp\/v2\/types\/post"}],"author":[{"embeddable":true,"href":"https:\/\/www.europesays.com\/es\/wp-json\/wp\/v2\/users\/2"}],"replies":[{"embeddable":true,"href":"https:\/\/www.europesays.com\/es\/wp-json\/wp\/v2\/comments?post=160000"}],"version-history":[{"count":0,"href":"https:\/\/www.europesays.com\/es\/wp-json\/wp\/v2\/posts\/160000\/revisions"}],"wp:featuredmedia":[{"embeddable":true,"href":"https:\/\/www.europesays.com\/es\/wp-json\/wp\/v2\/media\/160001"}],"wp:attachment":[{"href":"https:\/\/www.europesays.com\/es\/wp-json\/wp\/v2\/media?parent=160000"}],"wp:term":[{"taxonomy":"category","embeddable":true,"href":"https:\/\/www.europesays.com\/es\/wp-json\/wp\/v2\/categories?post=160000"},{"taxonomy":"post_tag","embeddable":true,"href":"https:\/\/www.europesays.com\/es\/wp-json\/wp\/v2\/tags?post=160000"}],"curies":[{"name":"wp","href":"https:\/\/api.w.org\/{rel}","templated":true}]}}