{"id":160006,"date":"2025-10-06T21:36:12","date_gmt":"2025-10-06T21:36:12","guid":{"rendered":"https:\/\/www.europesays.com\/es\/160006\/"},"modified":"2025-10-06T21:36:12","modified_gmt":"2025-10-06T21:36:12","slug":"heridas-cinco-turistas-en-toledo-tras-caer-en-grupo-cuando-subian-por-el-remonte-mecanico-de-recaredo","status":"publish","type":"post","link":"https:\/\/www.europesays.com\/es\/160006\/","title":{"rendered":"Heridas cinco turistas en Toledo tras caer en grupo cuando sub\u00edan por el remonte mec\u00e1nico de Recaredo"},"content":{"rendered":"<p>06\/10\/2025<br \/>\n<br \/><strong><br \/>\nActualizado a las 20:13h.<br \/>\n<\/strong><\/p>\n<p class=\"voc-p\" style=\"\">Cinco mujeres, con edades comprendidas entre <strong>los 60 y 66 a\u00f1os,<\/strong> han resultados heridas de car\u00e1cter leve <a href=\"https:\/\/www.abc.es\/espana\/castilla-la-mancha\/toledo\/ciudad\/abci-heridos-varios-turistas-tras-caerse-escaleras-mecanicas-palacio-congresos-toledo-201804121101_noticia.html\" target=\"_self\" data-voc-vtm-id=\"in-text-traffic\" title=\"tras caer en grupo mientras sub\u00edan por el remonte mec\u00e1nico\" data-mrf-link=\"www.abc.es\" rel=\"nofollow noopener\">tras caer en grupo mientras sub\u00edan por el remonte mec\u00e1nico<\/a> situado en la subida de la Granja, <strong>en el Casco Hist\u00f3rico de Toledo<\/strong>, mientras hac\u00edan una <strong>ruta tur\u00edstica<\/strong>.<\/p>\n<p class=\"voc-p\" style=\"\">El Servicio de Atenci\u00f3n y Coordinaci\u00f3n de Urgencias y Emergencias 112 de Castilla-La Mancha han informado a Europa Press que la llamada de aviso se ha registrado a las 15.36 horas y <strong>se ha movilizado a dos ambulancias de urgencias<\/strong>, que las han trasladado al Hospital Universitario de Toledo.<\/p>\n<p class=\"voc-p\" style=\"\">En el operativo tambi\u00e9n han participado agentes de la <strong>Polic\u00eda Nacional, de la Polic\u00eda Local<\/strong> y un equipo medico de urgencias.<\/p>\n<p>Reportar un error<\/p>\n","protected":false},"excerpt":{"rendered":"06\/10\/2025 Actualizado a las 20:13h. Cinco mujeres, con edades comprendidas entre los 60 y 66 a\u00f1os, han resultados&hellip;\n","protected":false},"author":2,"featured_media":160007,"comment_status":"","ping_status":"","sticky":false,"template":"","format":"standard","meta":{"footnotes":""},"categories":[8],"tags":[17,18,1637,5810,25,24,13,14,100,11,27051,19,20,20290,9,10,15,16,47540,47539,23,47538,12,1952,575,5173,21,22],"class_list":{"0":"post-160006","1":"post","2":"type-post","3":"status-publish","4":"format-standard","5":"has-post-thumbnail","7":"category-espana","8":"tag-breaking-news","9":"tag-breakingnews","10":"tag-caer","11":"tag-cinco","12":"tag-es","13":"tag-espana","14":"tag-featured-news","15":"tag-featurednews","16":"tag-grupo","17":"tag-headlines","18":"tag-heridas","19":"tag-latest-news","20":"tag-latestnews","21":"tag-mecanico","22":"tag-news","23":"tag-noticias","24":"tag-noticias-destacadas","25":"tag-noticiasdestacadas","26":"tag-recaredo","27":"tag-remonte","28":"tag-spain","29":"tag-subian","30":"tag-titulares","31":"tag-toledo","32":"tag-tras","33":"tag-turistas","34":"tag-ultimas-noticias","35":"tag-ultimasnoticias"},"share_on_mastodon":{"url":"","error":""},"_links":{"self":[{"href":"https:\/\/www.europesays.com\/es\/wp-json\/wp\/v2\/posts\/160006","targetHints":{"allow":["GET"]}}],"collection":[{"href":"https:\/\/www.europesays.com\/es\/wp-json\/wp\/v2\/posts"}],"about":[{"href":"https:\/\/www.europesays.com\/es\/wp-json\/wp\/v2\/types\/post"}],"author":[{"embeddable":true,"href":"https:\/\/www.europesays.com\/es\/wp-json\/wp\/v2\/users\/2"}],"replies":[{"embeddable":true,"href":"https:\/\/www.europesays.com\/es\/wp-json\/wp\/v2\/comments?post=160006"}],"version-history":[{"count":0,"href":"https:\/\/www.europesays.com\/es\/wp-json\/wp\/v2\/posts\/160006\/revisions"}],"wp:featuredmedia":[{"embeddable":true,"href":"https:\/\/www.europesays.com\/es\/wp-json\/wp\/v2\/media\/160007"}],"wp:attachment":[{"href":"https:\/\/www.europesays.com\/es\/wp-json\/wp\/v2\/media?parent=160006"}],"wp:term":[{"taxonomy":"category","embeddable":true,"href":"https:\/\/www.europesays.com\/es\/wp-json\/wp\/v2\/categories?post=160006"},{"taxonomy":"post_tag","embeddable":true,"href":"https:\/\/www.europesays.com\/es\/wp-json\/wp\/v2\/tags?post=160006"}],"curies":[{"name":"wp","href":"https:\/\/api.w.org\/{rel}","templated":true}]}}