{"id":160012,"date":"2025-10-06T21:44:14","date_gmt":"2025-10-06T21:44:14","guid":{"rendered":"https:\/\/www.europesays.com\/es\/160012\/"},"modified":"2025-10-06T21:44:14","modified_gmt":"2025-10-06T21:44:14","slug":"retirado-por-colapinto-de-alpine-el-posible-nuevo-destino-de-doohan","status":"publish","type":"post","link":"https:\/\/www.europesays.com\/es\/160012\/","title":{"rendered":"&#8216;Retirado&#8217; por Colapinto de Alpine, el posible nuevo destino de Doohan"},"content":{"rendered":"<p>&#13;<br \/>\n                    &#13;<br \/>\n                        &#13;<br \/>\n&#13;<\/p>\n<p>El piloto australiano, que corri\u00f3 los primeros cinco GPs de la F1 en 2025 hasta dejarle su lugar al argentino, negocia un pase como tester al equipo estadounidense.<\/p>\n<p>&#13;<br \/>\n<img decoding=\"async\" class=\"mainImg r16x9\" width=\"416\" height=\"234\" fetchpriority=\"high\" src=\"https:\/\/www.europesays.com\/es\/wp-content\/uploads\/2025\/10\/jack-doohan_416x234.webp\"  alt=\"Jack Doohan\" title=\"Jack Doohan\"\/> El futuro de Jack Doohan: lejos de Alpine&#8230; \u00bfy cerca de Haas? (Kym Illman\/Getty Images)<\/p>\n<p><b>La continuidad de Jack Doohan en la F\u00f3rmula 1<\/b> podr\u00eda tomar un giro inesperado. Con pocas certezas sobre su futuro en Alpine, <b>est\u00e1 en conversaciones para sumarse a Haas<\/b> como piloto de reserva para 2026, seg\u00fan el medio especializado Crash.<\/p>\n<p>&#13;<\/p>\n<p>        La situaci\u00f3n del australiano, mirado de reojo desde que Franco Colapinto lleg\u00f3 en la pretemporada desde Williams, qued\u00f3 paralizada despu\u00e9s de ser<b> reemplazado por el argentino tras los primeros cinco GPs del a\u00f1o, donde mostr\u00f3 un pobre andar.<\/b><\/p>\n<p>En contraste, <b>a pesar del mal rendimiento del auto, el argentino logr\u00f3 destacarse<\/b>, por ejemplo <a onclick=\"ga4SelectContentEvent(&quot;Reemplazado por Colapinto, Doohan podr\\u00eda dejar Alpine para irse a Haas&quot;, &quot;Automovilismo&quot;, &quot;Nota&quot;);\" href=\"https:\/\/www.tycsports.com\/automovilismo\/f1-alpine-franco-colapinto-pierre-gasly-mano-a-mano-id690626.html\" target=\"_blank\" rel=\"nofollow noopener\">superando a su compa\u00f1ero Pierre Gasly<\/a> en cuatro de las \u00faltimas cinco clasificaciones. Aunque no haya logrado sumar puntos, parece estar cada vez m\u00e1s cerca de ser confirmado para 2026.<\/p>\n<p>La <a onclick=\"ga4SelectContentEvent(&quot;Reemplazado por Colapinto, Doohan podr\\u00eda dejar Alpine para irse a Haas&quot;, &quot;Automovilismo&quot;, &quot;Nota&quot;);\" href=\"https:\/\/www.tycsports.com\/automovilismo\/colapinto-vs-aron-que-hay-detras-de-una-pelea-ridicula-en-alpine-id687821.html\" target=\"_blank\" rel=\"nofollow noopener\">competencia interna de Colapinto ahora es con el estonio Paul Aron<\/a>, el tester, quien dej\u00f3 una buena impresi\u00f3n en las pruebas y sesiones de entrenamientos libres que tuvo, lo que incluso<b> lo puso por encima en la consideraci\u00f3n del propio Doohan.<\/b><\/p>\n<p><img decoding=\"async\" class=\"mainImg r16x9\" width=\"416\" height=\"234\" fetchpriority=\"low\" loading=\"lazy\" src=\"https:\/\/www.europesays.com\/es\/wp-content\/uploads\/2025\/10\/doohan_416x234.webp\"  alt=\"Doohan\" title=\"Doohan\"\/> Doohan, junto a su padre Mick, leyenda del motociclismo. En Singapur lo vieron en charlas con Ayao Komatsu, jefe de Haas.<\/p>\n<p>        El periodista Chris Medland inform\u00f3 que<b> Mick Doohan, padre de Jack, fue visto junto a Ayao Komatsu, jefe de Haas<\/b>, en el paddock del \u00faltimo fin de semana en el Gran Premio de Singapur. All\u00ed<b> habr\u00edan negociado un posible pase como piloto reserva<\/b> que incluir\u00eda una oportunidad en la Super F\u00f3rmula japonesa junto a Toyota.<\/p>\n<p>\u201cQuiere estar en pista, no corre desde Miami, y busca opciones que le permitan seguir en movimiento\u201d, explic\u00f3 Medland en el podcast Pit Pass F1. Tambi\u00e9n se\u00f1al\u00f3 que <b>Haas no cuenta con una alternativa s\u00f3lida como tercer piloto<\/b>, considerando que Ollie Bearman est\u00e1 al borde de una sanci\u00f3n por acumulaci\u00f3n de penalizaciones.<\/p>\n<p>Aunque Ry\u014d Hirakawa figura como actual reserva, su experiencia se centra en el Mundial de Resistencia (WEC). Entonces, <b>la incorporaci\u00f3n de Doohan podr\u00eda fortalecer la estructura de Haas ante cualquier contingencia<\/b>, mientras el entorno del piloto ve muy lejos un retorno a la titularidad en Alpine.<\/p>\n<p class=\"subs-tag\">&#13;<br \/>\n            &#13;<br \/>\n            &#13;<br \/>\n            &#13;<br \/>\n            &#13;<br \/>\n            &#13;<br \/>\n         No te pierdas nada<\/p>\n<p>        &#13;<br \/>\n            Recib\u00ed las \u00faltimas noticias de F1 \u00a1y m\u00e1s!    &#13;<br \/>\n    &#13;<\/p>\n<p>&#13;<br \/>\n    &#13;<br \/>\n       &#13;<br \/>\n&#13;<br \/>\n        Te puede interesar<a href=\"https:\/\/www.tycsports.com\/automovilismo\/franco-colapinto-lo-unico-positivo-para-alpine-en-singapur-id690720.html\" onclick=\"ga4SelectContentEvent(&quot;Colapinto y otro paso hacia 2026: \\&quot;lo \\u00fanico positivo\\&quot; para Alpine&quot;,&quot;Automovilismo&quot;,&quot;page_nota-comun-2024-blo_4109&quot;,&quot;Juan Manuel Collazo&quot;);\" class=\"cardImageHolder\" rel=\"nofollow noopener\" target=\"_blank\"><img decoding=\"async\" class=\"cardImage r16x9\" width=\"416\" height=\"234\" fetchpriority=\"low\" loading=\"lazy\" src=\"https:\/\/media.tycsports.com\/files\/2025\/10\/04\/889299\/franco-colapinto_416x234.avif?v=2\"  alt=\"Colapinto y otro paso hacia 2026: &quot;lo \u00fanico positivo&quot; para Alpine\" title=\"Colapinto y otro paso hacia 2026: &quot;lo \u00fanico positivo&quot; para Alpine\"\/><\/a><a href=\"https:\/\/www.tycsports.com\/automovilismo\/el-curioso-posteo-de-colapinto-tras-el-gp-de-singapur-con-una-llamativa-cancion-id690663.html\" onclick=\"ga4SelectContentEvent(&quot;El curioso posteo de Colapinto con una sugerente canci\\u00f3n de Arjona&quot;,&quot;Automovilismo&quot;,&quot;page_nota-comun-2024-blo_4109&quot;,&quot;Juan Moreno&quot;);\" class=\"cardImageHolder\" rel=\"nofollow noopener\" target=\"_blank\"><img decoding=\"async\" class=\"cardImage r16x9\" width=\"416\" height=\"234\" fetchpriority=\"low\" loading=\"lazy\" src=\"https:\/\/media.tycsports.com\/files\/2025\/10\/05\/889740\/franco-colapinto_416x234.avif\"  alt=\"El curioso posteo de Colapinto con una sugerente canci\u00f3n de Arjona\" title=\"El curioso posteo de Colapinto con una sugerente canci\u00f3n de Arjona\"\/><\/a><a href=\"https:\/\/www.tycsports.com\/automovilismo\/canapino-gano-un-carreron-y-asi-quedo-la-copa-de-oro-del-turismo-carretera-id690660.html\" onclick=\"ga4SelectContentEvent(&quot;As\\u00ed qued\\u00f3 la Copa de Oro del TC, tras el carrer\\u00f3n que gan\\u00f3 Canapino&quot;,&quot;Automovilismo&quot;,&quot;page_nota-comun-2024-blo_4109&quot;,&quot;Juan Manuel Collazo&quot;);\" class=\"cardImageHolder\" rel=\"nofollow noopener\" target=\"_blank\">&#13;<br \/>\n                    &#13;<br \/>\n                    &#13;<br \/>\n                <img decoding=\"async\" class=\"cardImage r16x9\" width=\"416\" height=\"234\" fetchpriority=\"low\" loading=\"lazy\" src=\"https:\/\/media.tycsports.com\/files\/2025\/10\/05\/889722\/canapino_416x234.avif?v=1\"  alt=\"As\u00ed qued\u00f3 la Copa de Oro del TC, tras el carrer\u00f3n que gan\u00f3 Canapino\" title=\"As\u00ed qued\u00f3 la Copa de Oro del TC, tras el carrer\u00f3n que gan\u00f3 Canapino\"\/><\/a><a href=\"https:\/\/www.tycsports.com\/automovilismo\/turismo-carretera-canapino-rossi-san-nicolas-maniobra-id690655.html\" onclick=\"ga4SelectContentEvent(&quot;La sensacional maniobra de Canapino a Rossi para ganar en San Nicol\\u00e1s&quot;,&quot;Automovilismo&quot;,&quot;page_nota-comun-2024-blo_4109&quot;,&quot;Alejandro Bochichio&quot;);\" class=\"cardImageHolder\" rel=\"nofollow noopener\" target=\"_blank\">&#13;<br \/>\n                    &#13;<br \/>\n                    &#13;<br \/>\n                <img decoding=\"async\" class=\"cardImage r16x9\" width=\"416\" height=\"234\" fetchpriority=\"low\" loading=\"lazy\" src=\"https:\/\/media.tycsports.com\/files\/2025\/10\/05\/889691\/canapino-y-rossi-tc-en-san-nicolas_416x234.avif?v=1\"  alt=\"La sensacional maniobra de Canapino a Rossi para ganar en San Nicol\u00e1s\" title=\"La sensacional maniobra de Canapino a Rossi para ganar en San Nicol\u00e1s\"\/><\/a><a href=\"https:\/\/www.tycsports.com\/automovilismo\/la-promesa-del-nuevo-jefe-de-colapinto-en-alpine-vendran-dias-mejores-id690645.html\" onclick=\"ga4SelectContentEvent(&quot;La promesa del nuevo jefe de Colapinto en Alpine: \\&quot;Vendr\\u00e1n d\\u00edas mejores\\&quot;&quot;,&quot;Automovilismo&quot;,&quot;page_nota-comun-2024-blo_4109&quot;,&quot;Gabriel Cottone&quot;);\" class=\"cardImageHolder\" rel=\"nofollow noopener\" target=\"_blank\"><img decoding=\"async\" class=\"cardImage r16x9\" width=\"416\" height=\"234\" fetchpriority=\"low\" loading=\"lazy\" src=\"https:\/\/media.tycsports.com\/files\/2025\/10\/05\/889658\/steve-nielsen_416x234.avif\"  alt=\"La promesa del nuevo jefe de Colapinto en Alpine: &quot;Vendr\u00e1n d\u00edas mejores&quot;\" title=\"La promesa del nuevo jefe de Colapinto en Alpine: &quot;Vendr\u00e1n d\u00edas mejores&quot;\"\/><\/a><a href=\"https:\/\/www.tycsports.com\/automovilismo\/lewis-hamilton-ferrari-sancionado-gp-de-singapur-formula-1-fernando-alonso-aniquilo-id690643.html\" onclick=\"ga4SelectContentEvent(&quot;Hamilton fue sancionado en el GP de Singapur y un rival lo aniquil\\u00f3: \\u201c\\u00c9l tiene siempre un poco de tolerancia\\u201d&quot;,&quot;Automovilismo&quot;,&quot;page_nota-comun-2024-blo_4109&quot;,&quot;Mat\\u00edas Besana&quot;);\" class=\"cardImageHolder\" rel=\"nofollow noopener\" target=\"_blank\"><img decoding=\"async\" class=\"cardImage r16x9\" width=\"416\" height=\"234\" fetchpriority=\"low\" loading=\"lazy\" src=\"https:\/\/media.tycsports.com\/files\/2025\/10\/05\/889648\/lewis-hamilton-el-piloto-mas-ganador-de-la-historia-de-la-f1_416x234.avif?v=2\"  alt=\"Hamilton fue sancionado en el GP de Singapur y un rival lo aniquil\u00f3: \u201c\u00c9l tiene siempre un poco de tolerancia\u201d\" title=\"Hamilton fue sancionado en el GP de Singapur y un rival lo aniquil\u00f3: \u201c\u00c9l tiene siempre un poco de tolerancia\u201d\"\/><\/a>&#13;<br \/>\n&#13;<br \/>\n    &#13;<br \/>\n&#13;<br \/>\n&#13;<br \/>\n                  &#13;<\/p>\n","protected":false},"excerpt":{"rendered":"&#13; &#13; &#13; &#13; El piloto australiano, que corri\u00f3 los primeros cinco GPs de la F1 en 2025&hellip;\n","protected":false},"author":2,"featured_media":160013,"comment_status":"","ping_status":"","sticky":false,"template":"","format":"standard","meta":{"footnotes":""},"categories":[270],"tags":[1763,168,25,24,306,271,272,1723,23,167],"class_list":{"0":"post-160012","1":"post","2":"type-post","3":"status-publish","4":"format-standard","5":"has-post-thumbnail","7":"category-formula-1","8":"tag-automovilismo","9":"tag-deportes","10":"tag-es","11":"tag-espana","12":"tag-f1","13":"tag-formula-1","14":"tag-formula1","15":"tag-franco-colapinto","16":"tag-spain","17":"tag-sports"},"share_on_mastodon":{"url":"","error":""},"_links":{"self":[{"href":"https:\/\/www.europesays.com\/es\/wp-json\/wp\/v2\/posts\/160012","targetHints":{"allow":["GET"]}}],"collection":[{"href":"https:\/\/www.europesays.com\/es\/wp-json\/wp\/v2\/posts"}],"about":[{"href":"https:\/\/www.europesays.com\/es\/wp-json\/wp\/v2\/types\/post"}],"author":[{"embeddable":true,"href":"https:\/\/www.europesays.com\/es\/wp-json\/wp\/v2\/users\/2"}],"replies":[{"embeddable":true,"href":"https:\/\/www.europesays.com\/es\/wp-json\/wp\/v2\/comments?post=160012"}],"version-history":[{"count":0,"href":"https:\/\/www.europesays.com\/es\/wp-json\/wp\/v2\/posts\/160012\/revisions"}],"wp:featuredmedia":[{"embeddable":true,"href":"https:\/\/www.europesays.com\/es\/wp-json\/wp\/v2\/media\/160013"}],"wp:attachment":[{"href":"https:\/\/www.europesays.com\/es\/wp-json\/wp\/v2\/media?parent=160012"}],"wp:term":[{"taxonomy":"category","embeddable":true,"href":"https:\/\/www.europesays.com\/es\/wp-json\/wp\/v2\/categories?post=160012"},{"taxonomy":"post_tag","embeddable":true,"href":"https:\/\/www.europesays.com\/es\/wp-json\/wp\/v2\/tags?post=160012"}],"curies":[{"name":"wp","href":"https:\/\/api.w.org\/{rel}","templated":true}]}}