{"id":160014,"date":"2025-10-06T21:45:15","date_gmt":"2025-10-06T21:45:15","guid":{"rendered":"https:\/\/www.europesays.com\/es\/160014\/"},"modified":"2025-10-06T21:45:15","modified_gmt":"2025-10-06T21:45:15","slug":"duro-golpe-para-los-spurs-una-estrella-podria-perderse-el-inicio-de-la-temporada-por-lesion","status":"publish","type":"post","link":"https:\/\/www.europesays.com\/es\/160014\/","title":{"rendered":"Duro golpe para los Spurs: una estrella podr\u00eda perderse el inicio de la temporada por lesi\u00f3n"},"content":{"rendered":"<p data-end=\"585\" data-start=\"283\">El <strong data-end=\"324\" data-start=\"286\">optimismo en los San Antonio Spurs<\/strong> de cara a la nueva temporada se ha visto afectado por un primer obst\u00e1culo.<\/p>\n<p data-end=\"585\" data-start=\"283\"><strong data-end=\"416\" data-start=\"400\">De&#8217;Aaron Fox<\/strong>, base estrella del equipo, expres\u00f3 dudas durante el <a target=\"_blank\" href=\"https:\/\/x.com\/DonHarris4\/status\/1972687328125526434\" rel=\"nofollow\">Media Day<\/a> sobre su disponibilidad para el <strong data-end=\"582\" data-start=\"515\">partido inaugural del 22 de octubre contra los Dallas Mavericks<\/strong>.<\/p>\n<p data-end=\"934\" data-start=\"587\">Fox, adquirido a media temporada desde los <strong data-end=\"650\" data-start=\"630\">Sacramento Kings<\/strong>, se encuentra en recuperaci\u00f3n de una <strong data-end=\"723\" data-start=\"688\">lesi\u00f3n en el tend\u00f3n de la corva<\/strong> sufrida durante un entrenamiento de verano. Aunque el jugador asegura sentirse \u00ablisto\u00bb para volver, el cuerpo t\u00e9cnico de los <strong data-end=\"858\" data-start=\"849\">Spurs<\/strong> ha optado por un enfoque <strong data-end=\"903\" data-start=\"884\">muy conservador<\/strong> para evitar cualquier reca\u00edda.<\/p>\n<p><a target=\"_blank\" href=\"https:\/\/sn-now.com\/WhatsApp\" rel=\"nofollow noopener\">Sigue el canal de WhatsApp de The Sporting News<\/a>Cautela ante el retorno de Fox: \u00bfcu\u00e1ndo podr\u00eda volver a jugar?<\/p>\n<p data-end=\"1454\" data-start=\"1008\">La estrella, que firm\u00f3 recientemente una <strong data-end=\"1086\" data-start=\"1049\">extensi\u00f3n m\u00e1xima de $229 millones<\/strong>, reconoci\u00f3 su frustraci\u00f3n por no poder competir de inmediato. \u00abDefinitivamente <strong>no jugar\u00e9 en la pretemporada<\/strong>, eso es seguro\u00bb, dijo <strong>Fox<\/strong>. \u00ab<strong>No creo que est\u00e9 listo para la noche de apertura.<\/strong> Pero lo veremos d\u00eda a d\u00eda\u2026 siento que puedo jugar ahora mismo, pero no tengo esa experiencia m\u00e9dica\u00bb.<\/p>\n<p data-end=\"1842\" data-start=\"1456\">El entrenador de los Spurs, <strong>Mitch Johnson<\/strong>, explic\u00f3 la postura cautelosa del equipo: \u00ab\u00c9l est\u00e1 mejorando\u2026 simplemente vamos a ser muy conscientes y conservadores, como siempre lo somos. \u00c9l podr\u00eda estar listo para entrenar ma\u00f1ana, pero estamos pensando en el panorama general\u00bb. Seg\u00fan reportes, <strong>la fecha tentativa de regreso de Fox se ubica alrededor del 1 de noviembre.<\/strong><\/p>\n<blockquote class=\"twitter-tweet\">\n<p dir=\"ltr\" lang=\"en\">De\u2019Aaron Fox on what the Spurs offense can be with Wemby \u201cIf you can be one of the best pick-and-roll teams in the league, you see yourself as one of the best offenses in the league.\u201d Via\/<a target=\"_blank\" href=\"https:\/\/twitter.com\/mattgzman?ref_src=twsrc%5Etfw\" rel=\"nofollow noopener\">@mattgzman<\/a> <a target=\"_blank\" href=\"https:\/\/t.co\/OOOInaXBhG\" rel=\"nofollow\">pic.twitter.com\/OOOInaXBhG<\/a><\/p>\n<p>\u2014 FoxMuse (@DFoxMuse) <a target=\"_blank\" href=\"https:\/\/twitter.com\/DFoxMuse\/status\/1972723765361668592?ref_src=twsrc%5Etfw\" rel=\"nofollow noopener\">September 29, 2025<\/a><\/p><\/blockquote>\n<p>\u00bfRetrasa la generaci\u00f3n de qu\u00edmica con Wembanyama<\/p>\n<p data-end=\"2507\" data-start=\"2214\">\u00ab\u00c9l fue una gran raz\u00f3n por la que quise venir aqu\u00ed\u00bb, afirm\u00f3 Fox sobre <strong data-end=\"2298\" data-start=\"2284\">Wembanyama<\/strong>. \u00abVemos la juventud y el talento que tienen. Sabemos que habr\u00e1 dolores de crecimiento, pero te encantar\u00eda ganar mientras tienes dolores de crecimiento en lugar de perder e intentar tener victorias morales\u00bb.<\/p>\n<blockquote class=\"twitter-tweet\">\n<p dir=\"ltr\" lang=\"en\">Most steals by a Spur last season:<\/p>\n<p>De\u2019Aaron only played in 17 games\ud83d\udc40 <a target=\"_blank\" href=\"https:\/\/t.co\/0nbEc71MNP\" rel=\"nofollow\">pic.twitter.com\/0nbEc71MNP<\/a><\/p>\n<p>\u2014 FoxMuse (@DFoxMuse) <a target=\"_blank\" href=\"https:\/\/twitter.com\/DFoxMuse\/status\/1971633812355563953?ref_src=twsrc%5Etfw\" rel=\"nofollow noopener\">September 26, 2025<\/a><\/p><\/blockquote>\n<p data-end=\"2843\" data-start=\"2509\">El d\u00fao apenas comparti\u00f3 <strong data-end=\"2571\" data-start=\"2533\">cinco partidos la temporada pasada<\/strong>, antes de que Fox se sometiera a una <strong data-end=\"2628\" data-start=\"2609\">cirug\u00eda de dedo<\/strong> y Wembanyama terminara anticipadamente su campa\u00f1a. Esta lesi\u00f3n retrasar\u00e1 la construcci\u00f3n de la <strong data-end=\"2748\" data-start=\"2724\">qu\u00edmica en la cancha<\/strong>, que seg\u00fan Fox, aspira a convertirlos en \u00ab<strong data-end=\"2839\" data-start=\"2791\">el mejor combo de pick-and-roll de esta liga<\/strong>\u00ab.<\/p>\n<p>M\u00e1s noticias de NBA<\/p>\n<p>                        <script async src=\"https:\/\/platform.twitter.com\/widgets.js\" charset=\"utf-8\"><\/script><\/p>\n","protected":false},"excerpt":{"rendered":"El optimismo en los San Antonio Spurs de cara a la nueva temporada se ha visto afectado por&hellip;\n","protected":false},"author":2,"featured_media":160015,"comment_status":"","ping_status":"","sticky":false,"template":"","format":"standard","meta":{"footnotes":""},"categories":[269],"tags":[299,298,168,25,24,23,167],"class_list":{"0":"post-160014","1":"post","2":"type-post","3":"status-publish","4":"format-standard","5":"has-post-thumbnail","7":"category-baloncesto","8":"tag-baloncesto","9":"tag-basketball","10":"tag-deportes","11":"tag-es","12":"tag-espana","13":"tag-spain","14":"tag-sports"},"share_on_mastodon":{"url":"","error":""},"_links":{"self":[{"href":"https:\/\/www.europesays.com\/es\/wp-json\/wp\/v2\/posts\/160014","targetHints":{"allow":["GET"]}}],"collection":[{"href":"https:\/\/www.europesays.com\/es\/wp-json\/wp\/v2\/posts"}],"about":[{"href":"https:\/\/www.europesays.com\/es\/wp-json\/wp\/v2\/types\/post"}],"author":[{"embeddable":true,"href":"https:\/\/www.europesays.com\/es\/wp-json\/wp\/v2\/users\/2"}],"replies":[{"embeddable":true,"href":"https:\/\/www.europesays.com\/es\/wp-json\/wp\/v2\/comments?post=160014"}],"version-history":[{"count":0,"href":"https:\/\/www.europesays.com\/es\/wp-json\/wp\/v2\/posts\/160014\/revisions"}],"wp:featuredmedia":[{"embeddable":true,"href":"https:\/\/www.europesays.com\/es\/wp-json\/wp\/v2\/media\/160015"}],"wp:attachment":[{"href":"https:\/\/www.europesays.com\/es\/wp-json\/wp\/v2\/media?parent=160014"}],"wp:term":[{"taxonomy":"category","embeddable":true,"href":"https:\/\/www.europesays.com\/es\/wp-json\/wp\/v2\/categories?post=160014"},{"taxonomy":"post_tag","embeddable":true,"href":"https:\/\/www.europesays.com\/es\/wp-json\/wp\/v2\/tags?post=160014"}],"curies":[{"name":"wp","href":"https:\/\/api.w.org\/{rel}","templated":true}]}}