{"id":160016,"date":"2025-10-06T21:46:23","date_gmt":"2025-10-06T21:46:23","guid":{"rendered":"https:\/\/www.europesays.com\/es\/160016\/"},"modified":"2025-10-06T21:46:23","modified_gmt":"2025-10-06T21:46:23","slug":"quiero-estar-mas-tiempo-con-pellegrini","status":"publish","type":"post","link":"https:\/\/www.europesays.com\/es\/160016\/","title":{"rendered":"Quiero estar m\u00e1s tiempo con Pellegrini"},"content":{"rendered":"<p class=\"ft-text\"><strong>Antony <\/strong>es probablemente el hombre m\u00e1s querido en Heli\u00f3polis en las \u00faltimas semanas. <strong>Su fichaje gener\u00f3 una ilusi\u00f3n m\u00e1xima en el Benito Villamar\u00edn<\/strong>, donde esta temporada ya <a class=\"ft-link ft-link--decoration\" href=\"https:\/\/www.sport.es\/es\/noticias\/futbol\/europa-league\/antony-rescate-eurobetis-121927857\" rel=\"nofollow noopener\" target=\"_blank\">ha sido decisivo con el gol del empate ante el Nottingham Forest en el debut del Real Betis en la Europa League<\/a>. Toda esa felicidad tambi\u00e9n la siente el brasile\u00f1o, que anoche se pas\u00f3 por los micr\u00f3fonos de &#8216;Radioestadio&#8217;.<\/p>\n<p class=\"ft-text\">Preguntado por su preferencia por el Real Betis teniendo ofertas m\u00e1s suculentas, Antony fue claro: \u00ab<strong>Miro primero la felicidad y aqu\u00ed fui muy feliz.<\/strong> Mi mujer, mis ni\u00f1os&#8230; Son felices aqu\u00ed, es una ciudad maravillosa. Mir\u00e9 primero mi felicidad, porque s\u00e9 que cuando estoy feliz las cosas salen bien.<strong> El dinero es importante, pero la felicidad lo es mucho m\u00e1s<\/strong>\u00ab.<\/p>\n<p>Sue\u00f1a con un t\u00edtulo<\/p>\n<p class=\"ft-text\">Lo que espera ahora Antony es transformar esa felicidad en t\u00edtulos. \u00ab<strong>La Cartuja est\u00e1 muy bien. Yo sue\u00f1o con un t\u00edtulo, pero son muchos partidos. <\/strong>El d\u00eda a d\u00eda en este equipo incre\u00edble, est\u00e1 todo el mundo sonriendo<strong>. Ojal\u00e1 consigamos un t\u00edtulo, que los b\u00e9ticos lo merecen mucho\u00bb<\/strong>, dijo el extremo en &#8216;Onda Cero&#8217;.<\/p>\n<p class=\"ft-text\">En ese sentido, el brasile\u00f1o define la presente temporada como \u00abilusionante\u00bb: \u00abEn la primera entrevista que di, dije que deb\u00edamos pelear por todas las competiciones. Tenemos un gran equipo y creo que podemos pelear por ello. <strong>La temporada pasada jugamos una final de Conference y eso demuestra que el Betis est\u00e1 creciendo cada vez m\u00e1s<\/strong>\u00ab.<\/p>\n<p><img decoding=\"async\" src=\"https:\/\/www.europesays.com\/es\/wp-content\/uploads\/2025\/10\/10d4c584-9c00-48be-91f1-267b16d1f8cc_alta-libre-aspect-ratio_default_0.jpg\" width=\"1200\" height=\"675\" alt=\"Antony celebra su gol\" class=\"ft-helper-img-rd\" loading=\"lazy\" hasdataaida=\"true\"\/><\/p>\n<p class=\"ft-helper-fontColor-quaternary ft-helper-fontSize-body-S ft-helper-spacer-t-xxs\">Antony celebra su gol en la Europa League  \/ AP<\/p>\n<p>El vestuario y Pellegrini<\/p>\n<p class=\"ft-text\">Sobre la uni\u00f3n en el vestuario, Antony asegur\u00f3 que \u00abes el mejor ambiente\u00bb que ha tenido \u00abnunca\u00bb. \u00ab<strong>Todos juntos, todo el mundo sonriendo, todo el mundo hablando y eso marca las diferencias.<\/strong> Todos est\u00e1n siempre juntos y eso tambi\u00e9n es importante\u00bb, apunt\u00f3.<\/p>\n<p class=\"ft-text\">Uno de los art\u00edfices del crecimiento del Real Betis en los \u00faltimos a\u00f1os es sin duda <strong>Manuel Pellegrini<\/strong>. Y <strong>Antony lo tiene claro: debe renovar<\/strong>. \u00abEs un gran entrenador. Todos sabemos la historia que tiene, que es incre\u00edble\u00bb, comenz\u00f3 diciendo.<\/p>\n<p class=\"ft-text\">Per sus elogios hacia el chileno no se quedaron ah\u00ed. \u00abMe siento muy feliz por trabajar con \u00e9l, por la persona que es, no solo conmigo sino con todos los jugadores. <strong>El tema de la renovaci\u00f3n es entre club y Pellegrini, pero\u00a0yo quiero siempre estar m\u00e1s tiempo con Pellegrini. Es decisi\u00f3n de ellos. Ojal\u00e1 las cosas salgan bien<\/strong>\u00ab, concluy\u00f3 tajante.<\/p>\n","protected":false},"excerpt":{"rendered":"Antony es probablemente el hombre m\u00e1s querido en Heli\u00f3polis en las \u00faltimas semanas. Su fichaje gener\u00f3 una ilusi\u00f3n&hellip;\n","protected":false},"author":2,"featured_media":160017,"comment_status":"","ping_status":"","sticky":false,"template":"","format":"standard","meta":{"footnotes":""},"categories":[268],"tags":[23655,291,168,25,24,280,282,22479,1135,281,23,167,2349],"class_list":{"0":"post-160016","1":"post","2":"type-post","3":"status-publish","4":"format-standard","5":"has-post-thumbnail","7":"category-futbol","8":"tag-antony","9":"tag-betis","10":"tag-deportes","11":"tag-es","12":"tag-espana","13":"tag-football","14":"tag-futbol","15":"tag-pellegrini","16":"tag-renovacion","17":"tag-soccer","18":"tag-spain","19":"tag-sports","20":"tag-titulo"},"share_on_mastodon":{"url":"","error":""},"_links":{"self":[{"href":"https:\/\/www.europesays.com\/es\/wp-json\/wp\/v2\/posts\/160016","targetHints":{"allow":["GET"]}}],"collection":[{"href":"https:\/\/www.europesays.com\/es\/wp-json\/wp\/v2\/posts"}],"about":[{"href":"https:\/\/www.europesays.com\/es\/wp-json\/wp\/v2\/types\/post"}],"author":[{"embeddable":true,"href":"https:\/\/www.europesays.com\/es\/wp-json\/wp\/v2\/users\/2"}],"replies":[{"embeddable":true,"href":"https:\/\/www.europesays.com\/es\/wp-json\/wp\/v2\/comments?post=160016"}],"version-history":[{"count":0,"href":"https:\/\/www.europesays.com\/es\/wp-json\/wp\/v2\/posts\/160016\/revisions"}],"wp:featuredmedia":[{"embeddable":true,"href":"https:\/\/www.europesays.com\/es\/wp-json\/wp\/v2\/media\/160017"}],"wp:attachment":[{"href":"https:\/\/www.europesays.com\/es\/wp-json\/wp\/v2\/media?parent=160016"}],"wp:term":[{"taxonomy":"category","embeddable":true,"href":"https:\/\/www.europesays.com\/es\/wp-json\/wp\/v2\/categories?post=160016"},{"taxonomy":"post_tag","embeddable":true,"href":"https:\/\/www.europesays.com\/es\/wp-json\/wp\/v2\/tags?post=160016"}],"curies":[{"name":"wp","href":"https:\/\/api.w.org\/{rel}","templated":true}]}}