{"id":160018,"date":"2025-10-06T21:49:09","date_gmt":"2025-10-06T21:49:09","guid":{"rendered":"https:\/\/www.europesays.com\/es\/160018\/"},"modified":"2025-10-06T21:49:09","modified_gmt":"2025-10-06T21:49:09","slug":"con-barcelona-vendran-las-flores","status":"publish","type":"post","link":"https:\/\/www.europesays.com\/es\/160018\/","title":{"rendered":"Con Barcelona vendr\u00e1n las flores"},"content":{"rendered":"<p>Del 29 de noviembre al 7 de diciembre la ciudad se volcar\u00e1 en la <a href=\"https:\/\/www.fil.com.mx\/\" rel=\"nofollow noopener\" target=\"_blank\"><strong>Feria Internacional del Libro en Guadalajara (FIL)<\/strong><\/a> en su edici\u00f3n 39, con un programa que incluye<strong> presentaciones de libros, charlas, conciertos y talleres para ni\u00f1os, entre muchas otras actividades<\/strong>.<\/p>\n<p>La Rectora General de la UdeG, Karla Planter P\u00e9rez, dijo que la FIL Guadalajara es un<strong> espacio para la libre discusi\u00f3n de las ideas<\/strong>, el cultivo del pensamiento, la reflexi\u00f3n y el intercambio de propuestas literarias, cient\u00edficas, te\u00f3ricas, filos\u00f3ficas y pol\u00edticas.<\/p>\n<p>\u201cY<strong> el encuentro en la FIL Guadalajara de las y los lectores<\/strong> como lo m\u00e1s importante que, por m\u00e9rito propio, se ha consolidado como la mejor feria del libro y la cultura en espa\u00f1ol del mundo\u201d, dijo la Rectora General.<\/p>\n<p>Destac\u00f3 que desde su creaci\u00f3n en 1987 por iniciativa del entonces Rector Ra\u00fal Padilla L\u00f3pez, la FIL se concibi\u00f3 como <strong>un espacio para la promoci\u00f3n de la literatura, la lectura, el arte y la ciencia<\/strong>.<\/p>\n<p>El Presidente de la FIL Guadalajara, Jos\u00e9 Trinidad Padilla L\u00f3pez, explic\u00f3 que la feria es <strong>el proyecto cultural m\u00e1s emblem\u00e1tico de la universidad y un espacio de proyecci\u00f3n internacional<\/strong>.<\/p>\n<p>\u201cLa FIL Guadalajara es un proyecto cultural de la UdeG que, desde hace casi cuatro d\u00e9cadas, ha abierto sus puertas a pa\u00edses, regiones y ciudades del mundo, y <strong>se ha consolidado como el encuentro editorial m\u00e1s importante en lengua espa\u00f1ola y como un referente cultural global<\/strong>\u201d, destac\u00f3.<\/p>\n<p>Durante nueve d\u00edas, la FIL albergar\u00e1 a referentes de la literatura; m\u00e1s de <strong>800 escritores de 44 pa\u00edses y 20 lenguas,<\/strong> con personalidades como Chimamanda Ngozi Adichie, de Nigeria; Jan Carson, de Reino Unido; Donatella Pietrantonio, de Italia; Eugenia Ladra, de Uruguay; Leonardo Padura, de Cuba; Edmundo Paz Sold\u00e1n, de Bolivia; Mar\u00eda Due\u00f1as, de Espa\u00f1a; Horacio Castellanos Moya, de El Salvador y Antonio Ortu\u00f1o, de M\u00e9xico.<\/p>\n<p>\u201c<strong>La FIL Guadalajara sigue siendo el lugar privilegiado para los lanzamientos editoriales<\/strong>. Se presentar\u00e1n, entre muchos otros los libros, la antolog\u00eda personal de Luis Garc\u00eda Montero, el director del Instituto Cervantes; Avenida 10 de Julio, de Nona Fern\u00e1ndez de Chile; El hombre, de Guillermo Arriaga; Cornamenta, de Daniela Tarazona; as\u00ed como Morir en la arena, de Leonardo Padura\u201d, inform\u00f3 Marisol Schulz Manaut, Directora de la FIL Guadalajara.<\/p>\n<p>Autores de M\u00e9xico presentar\u00e1n sus novedades editoriales, como Alma Delia Murillo, Benito Taibo, Bernardo Esquinca, M\u00f3nica Lav\u00edn, Antonio Ortu\u00f1o, Yasmina Barrera, Vivir Quintana y Amanditita.<\/p>\n<p>El <strong>programa incluye 623 presentaciones de libros, 18 mil profesionales del libro<\/strong> provenientes de 58 pa\u00edses, quienes participar\u00e1n en 140 actividades programadas para ese sector.<\/p>\n<p>En las sesiones de \u201cMil J\u00f3venes con\u2026\u201d estar\u00e1n Amin Maalouf, Joan Manuel Serrat, Maite Carranza, Rosa Montero, Eduardo S\u00e1enz de Cabez\u00f3n y Cristina Rivera Garza.\u00a0<\/p>\n<p><strong>Premiaciones en la FIL<\/strong><\/p>\n<p>El escritor franco liban\u00e9s Amin Maalouf recibir\u00e1 el<strong> Premio FIL de Literatura en Lenguas Romances 2025<\/strong>, mientras que Eduardo Mendoza, escritor catal\u00e1n, distinguido este 2025 con el Premio Princesa de Asturias, abrir\u00e1 el <strong>Sal\u00f3n Literario Carlos Fuentes<\/strong> \u2013junto con Rosa Montero y Fernando Aramburu\u2013 y recibir\u00e1 la medalla que lleva el nombre del autor de la emblem\u00e1tica La regi\u00f3n m\u00e1s transparente.<\/p>\n<p>Como parte de los reconocimientos de la feria, y en el marco de sus jornadas profesionales, el <strong>Homenaje al M\u00e9rito Editorial <\/strong>se entregar\u00e1 a la Asociaci\u00f3n de Editoriales Universitarias de Am\u00e9rica Latina y el Caribe (EULAC).<\/p>\n<p>En los 43 mil metros cuadrados de exhibici\u00f3n de Expo Guadalajara se ofertar\u00e1n m\u00e1s de <strong>2 mil 800 sellos, de 60 pa\u00edses, <\/strong>con la participaci\u00f3n por vez primera de Eslovenia y Suecia, el refrendo de Reino Unido y Suiza.\u00a0<\/p>\n<p>Entre los reconocimientos que en cada edici\u00f3n otorga la FIL Guadalajara, el escritor mexicano Gonzalo Celorio recibir\u00e1 el <strong>Homenaje al Bibli\u00f3filo Jos\u00e9 Luis Mart\u00ednez<\/strong>, mientras que Mar\u00eda Elena Saucedo Lugo obtendr\u00e1 el<strong> Homenaje al Bibliotecario<\/strong>.\u00a0<\/p>\n<p>Yolanda Zamora, una de las voces m\u00e1s escuchadas de la radio jalisciense, tendr\u00e1 el <strong>Homenaje Nacional de Periodismo Cultural Fernando Ben\u00edtez.<\/strong> El <strong>Premio de Literatura Sor Juana In\u00e9s de la Cruz<\/strong>, el <strong>Homenaje de Caricatura La Catrina<\/strong> y el <strong>Homenaje ArpaFIL<\/strong> ser\u00e1n anunciados en pr\u00f3ximos d\u00edas.\u00a0<\/p>\n<p>A la FIL acudir\u00e1n la mexicana Mar\u00eda Victoria D\u00edaz Ruiz, ganadora del <strong>Premio de Literaturas Ind\u00edgenas de Am\u00e9rica<\/strong>; el espa\u00f1ol Francisco L\u00f3pez Serrano, quien obtuvo el <strong>Premio Ciudad y Naturaleza Jos\u00e9 Emilio Pacheco<\/strong>, as\u00ed como el argentino Jorge Luj\u00e1n, ganador del <strong>Premio SM de Literatura Infantil y Juvenil<\/strong>. Tambi\u00e9n estar\u00e1n las ganadoras del <strong>Premio S\u00e3o Paulo de Literatura 2024<\/strong>, Luciany Aparecida y Eliane Marques.<\/p>\n<p>En la conferencia de prensa se inform\u00f3 que desde este a\u00f1o la feria acoger\u00e1 dos galardones en colaboraci\u00f3n: el <strong>Premio Latinoamericano de Poes\u00eda Joven Diana Moreno Toscano<\/strong> y el<strong> Premio Internacional de Literatura Aura Estrada<\/strong>.\u00a0<\/p>\n<p>Se anunci\u00f3 el<strong> Homenaje a Mario Vargas Llosa<\/strong>, que har\u00e1 memoria de su legado literario y humanista con dos mesas en las que participar\u00e1n: Javier Cercas, Pilar Reyes, Pedro Cateriano, Leonardo Padura, Gabriela Warkentin, Xavi Ay\u00e9n, Ra\u00fal Tola y Marisol Schulz Manaut.\u00a0Adem\u00e1s, se brindar\u00e1 un homenaje a la astr\u00f3noma mexicana Julieta Fierro en <strong>FIL Ciencia<\/strong>, y al comunicador Huemanzin Rodr\u00edguez, en voz de sus colegas periodistas culturales.<\/p>\n<p><strong>Con Barcelona vendr\u00e1n las flores<\/strong><\/p>\n<p><strong>\u201cVindran les flors\u201d (\u201cVendr\u00e1n las flores\u201d)<\/strong>, inspirado en el cuento de Merc\u00e8 Rodoreda, es el lema de Barcelona, la ciudad Invitada de honor a la edici\u00f3n 39 de la FIL Guadalajara con una delegaci\u00f3n de 69 autores que escriben en catal\u00e1n y castellano.\u00a0<\/p>\n<p>El programa cultural de Barcelona incluir\u00e1 <strong>espect\u00e1culos, exposiciones, artes esc\u00e9nicas, cine y gastronom\u00eda en un equilibrio entre tradici\u00f3n y modernidad literaria<\/strong>. En su programa literario destacan figuras como Eduardo Mendoza, Javier Cercas, Cristina Fern\u00e1ndez Cubas, Carme Riera, Kiko Amat, Joan Manuel Serrat y Mireia Calafell.<\/p>\n<p>El <strong>Pabell\u00f3n barcelon\u00e9s<\/strong>, dise\u00f1ado por el estudio F\u00e0bric, recrear\u00e1 una plaza con una librer\u00eda de diez mil ejemplares, la cual contendr\u00e1 un auditorio para actividades literarias y profesionales.\u00a0En el<strong> Foro FIL Barcelona<\/strong> ofrecer\u00e1 grandes conciertos de artistas como Love of Lesbian, Queralt Lahoz, Roger Mas i la Cobla Sant Jordi, Lucia Fumero y Desilence; Tarta Relena y Maria Arnal; Joan Garriga i El Mariatxi Gal\u00e0ctic, Rigoberta Bandini, Mushkaa y La Sra. Tomasa.<\/p>\n<p>Las exposiciones <strong>Libros de Barcelona<\/strong>, curada por Enric Jard\u00ed, propone un recorrido por la historia del dise\u00f1o editorial en la ciudad, a trav\u00e9s de 300 libros, en el MUSA. El Museo Caba\u00f1as presentar\u00e1 <strong>Vendr\u00e1n las mujeres-150 a\u00f1os de luchas en las calles de Barcelona<\/strong>, comisariada por Ingrid Guardiola, Mita Casacuberta y Anna Maria Iglesia.\u00a0<\/p>\n<p><strong>FIL Pensamiento<\/strong> contar\u00e1 con 285 personalidades de 26 pa\u00edses, con m\u00e1s de 70 actividades que, adem\u00e1s de a la Expo, llegar\u00e1n a centros universitarios y a la Rambla Catalu\u00f1a, donde este a\u00f1o se realizar\u00e1n siete charlas. Entre otras figuras participar\u00e1n: Rita Segato, Mart\u00edn Caparr\u00f3s, Josep Borrell, Joselo, Laura Chinchilla, Enrique Krauze, Jos\u00e9 Sarukh\u00e1n, Joan Subirats, Eileen Truax, Diego Luna y Silvana Mojsovski.<\/p>\n<p>El programa completo de actividades se podr\u00e1 consultar en su <a href=\"https:\/\/www.fil.com.mx\/\" rel=\"nofollow noopener\" target=\"_blank\">sitio web<\/a> y la venta de boletos de forma digital ya se encuentra disponible.<\/p>\n","protected":false},"excerpt":{"rendered":"Del 29 de noviembre al 7 de diciembre la ciudad se volcar\u00e1 en la Feria Internacional del Libro&hellip;\n","protected":false},"author":2,"featured_media":160019,"comment_status":"","ping_status":"","sticky":false,"template":"","format":"standard","meta":{"footnotes":""},"categories":[172],"tags":[47541,224,146,147,25,24,30722,47542,47543,225,47544,23],"class_list":{"0":"post-160018","1":"post","2":"type-post","3":"status-publish","4":"format-standard","5":"has-post-thumbnail","7":"category-libros","8":"tag-barcelona-2025","9":"tag-books","10":"tag-entertainment","11":"tag-entretenimiento","12":"tag-es","13":"tag-espana","14":"tag-fil","15":"tag-jose-trinidad-padilla-lopez","16":"tag-karla-planter-perez","17":"tag-libros","18":"tag-marisol-schulz","19":"tag-spain"},"share_on_mastodon":{"url":"","error":""},"_links":{"self":[{"href":"https:\/\/www.europesays.com\/es\/wp-json\/wp\/v2\/posts\/160018","targetHints":{"allow":["GET"]}}],"collection":[{"href":"https:\/\/www.europesays.com\/es\/wp-json\/wp\/v2\/posts"}],"about":[{"href":"https:\/\/www.europesays.com\/es\/wp-json\/wp\/v2\/types\/post"}],"author":[{"embeddable":true,"href":"https:\/\/www.europesays.com\/es\/wp-json\/wp\/v2\/users\/2"}],"replies":[{"embeddable":true,"href":"https:\/\/www.europesays.com\/es\/wp-json\/wp\/v2\/comments?post=160018"}],"version-history":[{"count":0,"href":"https:\/\/www.europesays.com\/es\/wp-json\/wp\/v2\/posts\/160018\/revisions"}],"wp:featuredmedia":[{"embeddable":true,"href":"https:\/\/www.europesays.com\/es\/wp-json\/wp\/v2\/media\/160019"}],"wp:attachment":[{"href":"https:\/\/www.europesays.com\/es\/wp-json\/wp\/v2\/media?parent=160018"}],"wp:term":[{"taxonomy":"category","embeddable":true,"href":"https:\/\/www.europesays.com\/es\/wp-json\/wp\/v2\/categories?post=160018"},{"taxonomy":"post_tag","embeddable":true,"href":"https:\/\/www.europesays.com\/es\/wp-json\/wp\/v2\/tags?post=160018"}],"curies":[{"name":"wp","href":"https:\/\/api.w.org\/{rel}","templated":true}]}}