{"id":160020,"date":"2025-10-06T21:53:15","date_gmt":"2025-10-06T21:53:15","guid":{"rendered":"https:\/\/www.europesays.com\/es\/160020\/"},"modified":"2025-10-06T21:53:15","modified_gmt":"2025-10-06T21:53:15","slug":"el-guiniguada-apolinario-cd-se-enfrentara-al-deportivo-abanca-en-la-tercera-eliminatoria-de-la-copa-de-la-reina-rcdeportivo","status":"publish","type":"post","link":"https:\/\/www.europesays.com\/es\/160020\/","title":{"rendered":"El Guiniguada Apolinario CD se enfrentar\u00e1 al Deportivo ABANCA en la tercera eliminatoria de la Copa de la Reina | RCDeportivo"},"content":{"rendered":"<p style=\"text-align: justify;\">El Guiniguada Apolinario CD se medir\u00e1 al Deportivo ABANCA en la tercera eliminatoria de la Copa de la Reina, seg\u00fan el sorteo realizado esta tarde en la sede de la RFEF.<\/p>\n<p style=\"text-align: justify;\">El conjunto de Las Palmas de Gran Canaria milita en el grupo 3\u00ba de Segunda Federaci\u00f3n. Marcha, con 8 puntos, en la 7\u00aa posici\u00f3n.<\/p>\n<p style=\"text-align: justify;\">La eliminatoria, a partido \u00fanico, se jugar\u00e1 en Canarias por ser el Guiniguada Apolinario CD club de inferior categor\u00eda.<\/p>\n<p style=\"text-align: justify;\">Las fechas elegidas para esta ronda son el 4, 5 o 6 de noviembre.<\/p>\n","protected":false},"excerpt":{"rendered":"El Guiniguada Apolinario CD se medir\u00e1 al Deportivo ABANCA en la tercera eliminatoria de la Copa de la&hellip;\n","protected":false},"author":2,"featured_media":160021,"comment_status":"","ping_status":"","sticky":false,"template":"","format":"standard","meta":{"footnotes":""},"categories":[93],"tags":[168,25,24,23,167],"class_list":{"0":"post-160020","1":"post","2":"type-post","3":"status-publish","4":"format-standard","5":"has-post-thumbnail","7":"category-deportes","8":"tag-deportes","9":"tag-es","10":"tag-espana","11":"tag-spain","12":"tag-sports"},"share_on_mastodon":{"url":"","error":""},"_links":{"self":[{"href":"https:\/\/www.europesays.com\/es\/wp-json\/wp\/v2\/posts\/160020","targetHints":{"allow":["GET"]}}],"collection":[{"href":"https:\/\/www.europesays.com\/es\/wp-json\/wp\/v2\/posts"}],"about":[{"href":"https:\/\/www.europesays.com\/es\/wp-json\/wp\/v2\/types\/post"}],"author":[{"embeddable":true,"href":"https:\/\/www.europesays.com\/es\/wp-json\/wp\/v2\/users\/2"}],"replies":[{"embeddable":true,"href":"https:\/\/www.europesays.com\/es\/wp-json\/wp\/v2\/comments?post=160020"}],"version-history":[{"count":0,"href":"https:\/\/www.europesays.com\/es\/wp-json\/wp\/v2\/posts\/160020\/revisions"}],"wp:featuredmedia":[{"embeddable":true,"href":"https:\/\/www.europesays.com\/es\/wp-json\/wp\/v2\/media\/160021"}],"wp:attachment":[{"href":"https:\/\/www.europesays.com\/es\/wp-json\/wp\/v2\/media?parent=160020"}],"wp:term":[{"taxonomy":"category","embeddable":true,"href":"https:\/\/www.europesays.com\/es\/wp-json\/wp\/v2\/categories?post=160020"},{"taxonomy":"post_tag","embeddable":true,"href":"https:\/\/www.europesays.com\/es\/wp-json\/wp\/v2\/tags?post=160020"}],"curies":[{"name":"wp","href":"https:\/\/api.w.org\/{rel}","templated":true}]}}