{"id":160024,"date":"2025-10-06T21:55:08","date_gmt":"2025-10-06T21:55:08","guid":{"rendered":"https:\/\/www.europesays.com\/es\/160024\/"},"modified":"2025-10-06T21:55:08","modified_gmt":"2025-10-06T21:55:08","slug":"barcelona-se-presenta-en-mexico-quien-es-quien-en-la-delegacion-catalana-para-la-fil-de-guadalajara-noticias-de-cataluna","status":"publish","type":"post","link":"https:\/\/www.europesays.com\/es\/160024\/","title":{"rendered":"Barcelona se presenta en M\u00e9xico: qui\u00e9n es qui\u00e9n en la delegaci\u00f3n catalana para la FIL de Guadalajara | Noticias de Catalu\u00f1a"},"content":{"rendered":"<p class=\"\">\u201cQueremos explicar <a href=\"https:\/\/elpais.com\/cultura\/2025-06-25\/una-barcelona-literaria-actualizada-se-exhibira-como-invitada-de-honor-en-la-feria-del-libro-de-guadalajara.html\" target=\"_self\" rel=\"nofollow noopener\" title=\"https:\/\/elpais.com\/cultura\/2025-06-25\/una-barcelona-literaria-actualizada-se-exhibira-como-invitada-de-honor-en-la-feria-del-libro-de-guadalajara.html\">la Barcelona literaria actual\u201d, <\/a>afirmaba la comisaria Anna Guitart en la presentaci\u00f3n del programa de la ciudad invitada a la FIL de Guadalajara en el Sal\u00f3 de Cent de Barcelona el pasado junio. La comisaria ha insistido siempre que puede en esa fijaci\u00f3n: \u201cEso no significa que no reconozcamos el pasado, tambi\u00e9n homenajearemos a figuras clave que servir\u00e1n para hablar de temas tan trascendentes como el boom o el exilio\u201d. Pero el lema del programa, \u201cVindran les flors\u201d, habla de ciclo y regeneraci\u00f3n: Barcelona quiere presentarse a M\u00e9xico con una cara nueva.<\/p>\n<p>M\u00e1s informaci\u00f3n<\/p>\n<p class=\"\">La delegaci\u00f3n catalana ha presentado este lunes en el Paraninfo de la Universidad de Guadalajara el programa con el que <a href=\"https:\/\/elpais.com\/noticias\/feria-libro-guadalajara\/\" target=\"_self\" rel=\"nofollow noopener\" title=\"https:\/\/elpais.com\/noticias\/feria-libro-guadalajara\/\">aterrizar\u00e1n en la ciudad tapat\u00eda.<\/a> Xavier Marc\u00e9, concejal de Cultura e Industrias Creativas del Ayuntamiento de Barcelona, ha afirmado que la participaci\u00f3n del catal\u00e1n \u2014que ha llamado \u201cla lengua desprotegida de la realidad pol\u00edtica\u201d\u2014 en la feria del libro m\u00e1s importante de Am\u00e9rica \u201cera obligado culturalmente\u201d. Y, despu\u00e9s, ha subrayado: \u201cY leg\u00edtimo pol\u00edticamente y as\u00ed ha sido afortunadamente\u201d. Marc\u00e9 ha recordado de que \u201cBarcelona y Catalu\u00f1a lideran el sector editorial espa\u00f1ol\u201d y que la propuesta que aterriza en M\u00e9xico incluye nombres consolidados \u201cde autores de larga y s\u00f3lida trayectoria y de indiscutible y reconocida calidad\u201d, pero ha acotado que para elaborar la lista de los participantes \u201chemos trabajado con especial inter\u00e9s el potencial de nuevas autor\u00edas\u201d.<\/p>\n<p class=\"\">La elecci\u00f3n de los 70 elegidos <a href=\"https:\/\/elpais.com\/espana\/catalunya\/2025-02-02\/marisol-schulz-directora-de-la-fil-de-guadalajara-en-la-feria-se-va-a-mostrar-una-barcelona-que-aun-no-conocemos.html\" target=\"_self\" rel=\"nofollow noopener\" title=\"https:\/\/elpais.com\/espana\/catalunya\/2025-02-02\/marisol-schulz-directora-de-la-fil-de-guadalajara-en-la-feria-se-va-a-mostrar-una-barcelona-que-aun-no-conocemos.html\">para representar la Barcelona literaria<\/a> entre el 29 de noviembre y el 7 de diciembre no ha pasado sin pol\u00e9mica. La m\u00e1s sonada ha sido la de <a href=\"https:\/\/elpais.com\/cultura\/2025-09-29\/el-escritor-ildefonso-falcones-denuncia-haber-sido-excluido-por-motivos-politicos-de-la-delegacion-catalana-en-la-fil-de-guadalajara.html\" target=\"_self\" rel=\"nofollow noopener\" title=\"https:\/\/elpais.com\/cultura\/2025-09-29\/el-escritor-ildefonso-falcones-denuncia-haber-sido-excluido-por-motivos-politicos-de-la-delegacion-catalana-en-la-fil-de-guadalajara.html\">Ildefonso Falcones,<\/a> autor del superventas La catedral del mar, publicado en 2006, que afirma haber sido excluido por \u201cmotivos pol\u00edticos\u201d y de que en la lista hay \u201cescritores poco conocidos\u201d. Otros han echado de menos escritores como <a href=\"https:\/\/elpais.com\/noticias\/sergi-pamies\/\" target=\"_self\" rel=\"nofollow noopener\" title=\"https:\/\/elpais.com\/noticias\/sergi-pamies\/\">Sergi P\u00e0mies<\/a> o <a href=\"https:\/\/elpais.com\/noticias\/albert-sanchez-pinol\/\" target=\"_self\" rel=\"nofollow noopener\" title=\"https:\/\/elpais.com\/noticias\/albert-sanchez-pinol\/\">Albert S\u00e1nchez Pi\u00f1ol<\/a>, y en otros sectores se ha criticado una excesiva presencia de los autores en castellano o de escritores comerciales. <\/p>\n<p class=\"\">\u201cNo creo que se pueda definir la literatura de una sola forma y por eso quer\u00eda explicar a Guadalajara qui\u00e9n somos ahora\u201d, afirmaba Guitart en Barcelona. Actualidad y pluralidad, pues, son los principales objetivos en la construcci\u00f3n de una lista que pretende representar todas las definiciones posibles, a veces contradictorias, de lo que es la literatura de y sobre Barcelona. Adem\u00e1s de esta voluntad, la selecci\u00f3n tiene dos condiciones m\u00e1s: no se ha invitado a ninguno de los escritores que acudi\u00f3 a la feria el a\u00f1o pasado con la delegaci\u00f3n espa\u00f1ola (que bati\u00f3 r\u00e9cords con casi 300 participantes) y los escritores en catal\u00e1n deben tener la obra traducida al castellano. Es por ese motivo que durante el \u00faltimo a\u00f1o se han impulsado y financiado nuevas traducciones de la mano del Institut Ramon Llull. <\/p>\n<p class=\"\">Marc\u00e9 ha respondido a las cr\u00edticas sobre autores que han quedado fuera de la lista oficial y ha dado un espaldarazo a la comisaria de la delegaci\u00f3n catalana, quien, ha dicho, \u201ctiene toda la libertad autoral precisa\u201d. Ha recordado que las editoriales tambi\u00e9n han hecho sus propuestas. \u201cBarcelona no est\u00e1 aqu\u00ed presente con una \u00fanica lista que hace la ciudad, sino que es un conjunto de intereses, en los que se juntan aquello que vamos a promover y lo que las editoriales hist\u00f3ricamente presentes en Guadalajara deben decidir\u201d, ha afirmado.<\/p>\n<p>Los escritores invitados<\/p>\n<p class=\"\">En la lista definitiva de la delegaci\u00f3n barcelonesa, presentada en Guadalajara con algunos cambios respecto a la que se divulg\u00f3 en Barcelona hace unos meses, coexisten escritores consagrados con debutantes, castellano y catal\u00e1n, y una pluralidad de g\u00e9neros literarios y estilos, de la novela negra al ensayo, la literatura infantil o la poes\u00eda. <\/p>\n<p class=\"\">La delegaci\u00f3n viajar\u00e1 a M\u00e9xico encabezada por Eduardo Mendoza, que inaugurar\u00e1 la feria. Junto a \u00e9l, autores con proyecci\u00f3n internacional como <a href=\"https:\/\/elpais.com\/noticias\/javier-cercas\/\" target=\"_self\" rel=\"nofollow noopener\" title=\"https:\/\/elpais.com\/noticias\/javier-cercas\/\">Javier Cercas <\/a>representar\u00e1n la literatura en castellano, que tambi\u00e9n incluir\u00e1 la generaci\u00f3n de barceloneses formada por Kiko Amat, Carlos Zan\u00f3n o Miqui Otero, o bien autores latinoamericanos afincados en la ciudad, como Paulina Flores o Jordi Soler, que participar\u00e1n junto a la dramaturga Victoria Szpunberg en una mesa redonda organizada por EL PA\u00cdS. Tambi\u00e9n fue barcelon\u00e9s de adopci\u00f3n el irland\u00e9s Colm T\u00f3ib\u00edn, que acompa\u00f1ar\u00e1 a la delegaci\u00f3n. Y habr\u00e1 perfiles m\u00e1s acad\u00e9micos como Rafael Argullol o Victoria Cirlot.<\/p>\n<p class=\"\">Entre los autores en catal\u00e1n, destaca la voluntad de presentar la literatura popular actual, combinando superventas con escritores de menos trayectoria o alcance, que probablemente el lector mexicano descubrir\u00e1 en la feria. Entre \u00e9xitos comerciales recientes, destacan Xavier Bosch y Regina Rodr\u00edguez. Tambi\u00e9n Marta Orriols, Gemma Ruiz, Oriol Canosa o M\u00e0rius Serra cuentan con un amplio p\u00fablico entre los lectores catalanes.<\/p>\n<p class=\"\">Les acompa\u00f1ar\u00e1n autores con pocos libros publicados o ventas menos masivas, pero con reconocimiento entre libreros o cr\u00edtica, como Irene Pujadas, Ferran Garcia o Eduard Olesti en la ficci\u00f3n, Anna Pazos en la no-ficci\u00f3n y Adri\u00e0 Targa, Mireia Calafell o la pol\u00e9mica Juana Dolores en la poes\u00eda. Entre los escritores con trayectorias consolidadas y reconocidas, destacan Merc\u00e8 Ibarz, Carme Riera (que ha publicado en catal\u00e1n y castellano), Miquel de Palol o Vicen\u00e7 Altai\u00f3.<\/p>\n","protected":false},"excerpt":{"rendered":"\u201cQueremos explicar la Barcelona literaria actual\u201d, afirmaba la comisaria Anna Guitart en la presentaci\u00f3n del programa de la&hellip;\n","protected":false},"author":2,"featured_media":160025,"comment_status":"","ping_status":"","sticky":false,"template":"","format":"standard","meta":{"footnotes":""},"categories":[91],"tags":[210,6061,1980,47545,146,147,25,24,6606,44274,47546,11398,9014,225,671,47547,23],"class_list":{"0":"post-160024","1":"post","2":"type-post","3":"status-publish","4":"format-standard","5":"has-post-thumbnail","7":"category-entretenimiento","8":"tag-barcelona","9":"tag-catalan","10":"tag-cataluna","11":"tag-eduardo-mendoza","12":"tag-entertainment","13":"tag-entretenimiento","14":"tag-es","15":"tag-espana","16":"tag-ferias","17":"tag-fil-guadalajara","18":"tag-ildefonso-falcones","19":"tag-jaume-collboni","20":"tag-javier-cercas","21":"tag-libros","22":"tag-literatura","23":"tag-sergi-pamies","24":"tag-spain"},"share_on_mastodon":{"url":"","error":""},"_links":{"self":[{"href":"https:\/\/www.europesays.com\/es\/wp-json\/wp\/v2\/posts\/160024","targetHints":{"allow":["GET"]}}],"collection":[{"href":"https:\/\/www.europesays.com\/es\/wp-json\/wp\/v2\/posts"}],"about":[{"href":"https:\/\/www.europesays.com\/es\/wp-json\/wp\/v2\/types\/post"}],"author":[{"embeddable":true,"href":"https:\/\/www.europesays.com\/es\/wp-json\/wp\/v2\/users\/2"}],"replies":[{"embeddable":true,"href":"https:\/\/www.europesays.com\/es\/wp-json\/wp\/v2\/comments?post=160024"}],"version-history":[{"count":0,"href":"https:\/\/www.europesays.com\/es\/wp-json\/wp\/v2\/posts\/160024\/revisions"}],"wp:featuredmedia":[{"embeddable":true,"href":"https:\/\/www.europesays.com\/es\/wp-json\/wp\/v2\/media\/160025"}],"wp:attachment":[{"href":"https:\/\/www.europesays.com\/es\/wp-json\/wp\/v2\/media?parent=160024"}],"wp:term":[{"taxonomy":"category","embeddable":true,"href":"https:\/\/www.europesays.com\/es\/wp-json\/wp\/v2\/categories?post=160024"},{"taxonomy":"post_tag","embeddable":true,"href":"https:\/\/www.europesays.com\/es\/wp-json\/wp\/v2\/tags?post=160024"}],"curies":[{"name":"wp","href":"https:\/\/api.w.org\/{rel}","templated":true}]}}