{"id":160030,"date":"2025-10-06T21:58:10","date_gmt":"2025-10-06T21:58:10","guid":{"rendered":"https:\/\/www.europesays.com\/es\/160030\/"},"modified":"2025-10-06T21:58:10","modified_gmt":"2025-10-06T21:58:10","slug":"macron-da-48-horas-a-lecornu-para-negociar-un-gobierno-estable-y-si-fracasa-asumira-sus-responsabilidades","status":"publish","type":"post","link":"https:\/\/www.europesays.com\/es\/160030\/","title":{"rendered":"Macron da 48 horas a Lecornu para negociar un Gobierno estable y, si fracasa, \u00abasumir\u00e1 sus responsabilidades\u00bb"},"content":{"rendered":"<p style=\"\"><a href=\"https:\/\/www.abc.es\/noticias\/emmanuel-macron\/\" title=\"www.abc.es\" data-voc-vtm-id=\"in-text-traffic\" data-mrf-link=\"www.abc.es\" rel=\"nofollow noopener\" target=\"_blank\">Emmanuel Macron<\/a> est\u00e1 solo ante la incertidumbre y crisis institucional m\u00e1s grave de la historia de la V Rep\u00fablica, sin gobierno, sin partido, sin coalici\u00f3n gubernamental, con la extrema derecha y la extrema izquierda, las fuerzas pol\u00edticas mayoritarias, pidiendo a gritos su dimisi\u00f3n, la  &#8230; convocatoria de elecciones legislativas y presidenciales anticipadas, invit\u00e1ndolo al suicidio pol\u00edtico.<\/p>\n<p class=\"voc-p\" style=\"\">Tras veintis\u00e9is d\u00edas intentado formar gobierno, en vano, <a href=\"https:\/\/www.abc.es\/espana\/lecornu-presenta-dimision-macron-pocas-horas-despues-20251006105120-vi.html\" target=\"_self\" data-voc-vtm-id=\"in-text-traffic\" title=\"Sebastien Lecournu se convirti\u00f3, la ma\u00f1ana del lunes, en el primer ministro m\u00e1s ef\u00edmero\" data-mrf-link=\"www.abc.es\" rel=\"nofollow noopener\">Sebastien Lecournu se convirti\u00f3, la ma\u00f1ana del lunes, en el primer ministro m\u00e1s ef\u00edmero<\/a> de la historia pol\u00edtica nacional. Aceptada su dimisi\u00f3n \u00abirrevocable\u00bb, Macron le pidi\u00f3 que \u00abcontinuase\u00bb en el cargo, dos d\u00edas, intentando \u00abbuscar una alternativa pol\u00edtica\u00bb.<\/p>\n<p class=\"voc-p\" style=\"\">El presidente franc\u00e9s <strong>estar\u00eda dispuesto a \u00abasumir sus responsabilidades\u00bb<\/strong> si su primer ministro dimisionario fracasa en las negociaciones, seg\u00fan ha indicado el entorno del presidente y ha recogido la agencia France Press.<\/p>\n<p class=\"voc-p\" style=\"\">Macron ha quedado al frente de un puzzle pol\u00edtico inestable, sin precedentes, ca\u00eddo en el pozo negro de la crisis institucional que \u00e9l mismo provoc\u00f3 el mes de junio del a\u00f1o pasado, convocando unas catastr\u00f3ficas elecciones anticipadas.<\/p>\n<p class=\"voc-p\" style=\"\">Desde entonces\u2026, entre junio y septiembre del a\u00f1o pasado, Francia estuvo sin gobierno. Nombrado primer ministro el mes de septiembre,<a href=\"https:\/\/www.abc.es\/internacional\/michel-barnier-nuevo-primer-ministro-frances-hombre-20240905191646-nt.html\" target=\"_self\" data-voc-vtm-id=\"in-text-traffic\" title=\" Michel Barnier\" data-mrf-link=\"www.abc.es\" rel=\"nofollow noopener\"> Michel Barnier<\/a> fue censurado tres meses m\u00e1s tarde. Nombrado jefe de gobierno en diciembre,<a href=\"https:\/\/www.abc.es\/noticias\/francois-bayrou\/\" target=\"_self\" data-voc-vtm-id=\"in-text-traffic\" title=\" Fran\u00e7ois Bayrou\" data-mrf-link=\"www.abc.es\" rel=\"nofollow noopener\"> Fran\u00e7ois Bayrou<\/a> se vio forzado a dimitir a primeros de septiembre pasado. Su sucesor, Lecornu, ha durado menos de un mes. Y Macron est\u00e1 solo, en el El\u00edseo, v\u00edctima de la crisis e incertidumbre institucional que \u00e9l mismo ha precipitado.<\/p>\n<p>\nTres alternativas\n<\/p>\n<p class=\"voc-p\" style=\"\">Instalada Francia a la cabeza del pelot\u00f3n de los torpes en la zona euro, v\u00edctima de d\u00e9ficits y deudas del Estado excepcionales, agravadas llamativamente durante la presidencia macroniana, el presidente tiene tres alternativas: intentar formar un nuevo gobierno, convocar elecciones legislativas anticipadas y\/o dimitir para convocar elecciones presidenciales anticipadas.<\/p>\n<p class=\"voc-p\" style=\"\">La &#8216;busca y captura&#8217; de un nuevo primer ministro, el cuarto en quince meses cortos, se anuncia harto compleja.<strong> Marine Le Pen<\/strong>, fundadora de Agrupaci\u00f3n Nacional (AN, extrema derecha), y<strong> Jean-Luc M\u00e9lenchon<\/strong>, l\u00edder de La Francia Insumisa (LFI, extrema izquierda), los dos partidos mayoritarios, piden elecciones anticipadas y la dimisi\u00f3n de Macron. De entrada, rechazan la \u00abchapuza\u00bb de un proyecto de gobierno que estar\u00eda condenado anticipadamente.<\/p>\n<p class=\"voc-p\" style=\"\">Se presta al presidente la posible intenci\u00f3n de proponer un jefe de gobierno de izquierdas\u2026 ambici\u00f3n harto compleja: todos los partidos de izquierda abominan verbalmente del presidente.<\/p>\n<p class=\"voc-p\" style=\"\">Macron podr\u00eda volver a convocar <strong>elecciones legislativas anticipadas,<\/strong> como piden extrema derecha y extrema izquierda. Ante esa hip\u00f3tesis, todos los sondeos anuncian un posible triunfo espectacular de la extrema derecha de Le Pen, que pudiera consolidar su mayor\u00eda parlamentaria, incluso conseguir una mayor\u00eda absoluta. La crisis institucional en curso culminar\u00eda con la llegada al poder de la extrema derecha: acontecimiento sencillamente excepcional, nada improbable.<\/p>\n<p class=\"voc-p\" style=\"\">Se trata de una hip\u00f3tesis bastante plausible. La extrema derecha de Le Pen es el partido m\u00e1s votado por los obreros desde 1995. En las elecciones del a\u00f1o pasado, entre el 60 y el 65 % de los obreros y los franceses m\u00e1s modestos votaron a la extrema derecha. Jordan Bardella, el joven presidente del partido de Le Pen, es la personalidad m\u00e1s popular de Francia, en todos los sondeos.<\/p>\n<p class=\"voc-p\" style=\"\">Macron podr\u00eda anunciar su dimisi\u00f3n\u2026 aplazada varios meses, con el fin de convocar elecciones presidenciales anticipadas. Hip\u00f3tesis poco previsible, aunque <strong>el 80% de los franceses estiman que su presidente es el culpable de una crisis nacional<\/strong> sin precedentes<\/p>\n<p class=\"voc-p\" style=\"\">Ante el catastr\u00f3fico estado de la deuda p\u00fablica y los d\u00e9ficits del Estado, cuando Macron lleg\u00f3 al poder se esperaba que, siendo un antiguo banquero de negocios, saneara las finanzas p\u00fablicas. Desastroso error hist\u00f3rico. El endeudamiento y los d\u00e9ficits estatales han ido creciendo durante su mandato en decenas de centenas de miles de millones de euros, convirtiendo a Francia en el &#8216;farolillo rojo&#8217; de la zona euro. Hundiendo la credibilidad del presidente. Apenas un 11-13 % de franceses tienen buena opinion de Macron, que puede aspirar a suceder a <strong>Fran\u00e7ois Hollande<\/strong> como el presidente m\u00e1s impopular de la historia de la V Rep\u00fablica, fundada por el general de Gaulle entre 1958 y 1962.<\/p>\n","protected":false},"excerpt":{"rendered":"Emmanuel Macron est\u00e1 solo ante la incertidumbre y crisis institucional m\u00e1s grave de la historia de la V&hellip;\n","protected":false},"author":2,"featured_media":160031,"comment_status":"","ping_status":"","sticky":false,"template":"","format":"standard","meta":{"footnotes":""},"categories":[42],"tags":[47549,17,18,11554,13,14,47548,582,11,297,61,62,63,64,19,20,37493,24564,14799,9,10,15,16,45901,12,21,22,65,66,67],"class_list":{"0":"post-160030","1":"post","2":"type-post","3":"status-publish","4":"format-standard","5":"has-post-thumbnail","7":"category-internacional","8":"tag-asumira","9":"tag-breaking-news","10":"tag-breakingnews","11":"tag-estable","12":"tag-featured-news","13":"tag-featurednews","14":"tag-fracasa","15":"tag-gobierno","16":"tag-headlines","17":"tag-horas","18":"tag-internacional","19":"tag-international","20":"tag-international-news","21":"tag-internationalnews","22":"tag-latest-news","23":"tag-latestnews","24":"tag-lecornu","25":"tag-macron","26":"tag-negociar","27":"tag-news","28":"tag-noticias","29":"tag-noticias-destacadas","30":"tag-noticiasdestacadas","31":"tag-responsabilidades","32":"tag-titulares","33":"tag-ultimas-noticias","34":"tag-ultimasnoticias","35":"tag-world","36":"tag-world-news","37":"tag-worldnews"},"share_on_mastodon":{"url":"","error":""},"_links":{"self":[{"href":"https:\/\/www.europesays.com\/es\/wp-json\/wp\/v2\/posts\/160030","targetHints":{"allow":["GET"]}}],"collection":[{"href":"https:\/\/www.europesays.com\/es\/wp-json\/wp\/v2\/posts"}],"about":[{"href":"https:\/\/www.europesays.com\/es\/wp-json\/wp\/v2\/types\/post"}],"author":[{"embeddable":true,"href":"https:\/\/www.europesays.com\/es\/wp-json\/wp\/v2\/users\/2"}],"replies":[{"embeddable":true,"href":"https:\/\/www.europesays.com\/es\/wp-json\/wp\/v2\/comments?post=160030"}],"version-history":[{"count":0,"href":"https:\/\/www.europesays.com\/es\/wp-json\/wp\/v2\/posts\/160030\/revisions"}],"wp:featuredmedia":[{"embeddable":true,"href":"https:\/\/www.europesays.com\/es\/wp-json\/wp\/v2\/media\/160031"}],"wp:attachment":[{"href":"https:\/\/www.europesays.com\/es\/wp-json\/wp\/v2\/media?parent=160030"}],"wp:term":[{"taxonomy":"category","embeddable":true,"href":"https:\/\/www.europesays.com\/es\/wp-json\/wp\/v2\/categories?post=160030"},{"taxonomy":"post_tag","embeddable":true,"href":"https:\/\/www.europesays.com\/es\/wp-json\/wp\/v2\/tags?post=160030"}],"curies":[{"name":"wp","href":"https:\/\/api.w.org\/{rel}","templated":true}]}}