{"id":160032,"date":"2025-10-06T21:59:09","date_gmt":"2025-10-06T21:59:09","guid":{"rendered":"https:\/\/www.europesays.com\/es\/160032\/"},"modified":"2025-10-06T21:59:09","modified_gmt":"2025-10-06T21:59:09","slug":"muere-un-hombre-al-reventar-una-rueda-en-un-taller-en-los-palacios","status":"publish","type":"post","link":"https:\/\/www.europesays.com\/es\/160032\/","title":{"rendered":"Muere un hombre al reventar una rueda en un taller en Los Palacios"},"content":{"rendered":"<p>06\/10\/2025<br \/>\n<br \/><strong><br \/>\nActualizado a las 21:43h.<br \/>\n<\/strong><\/p>\n<p class=\"voc-save-news__paragraph\">Esta funcionalidad es s\u00f3lo para suscriptores<\/p>\n<p><a href=\"https:\/\/secure.abc.es\/suscripcion#vca=suscribete&amp;vso=abcdesevilla&amp;vmc=on&amp;vli=comentarios-btn-flujo\" data-voc-vtm-id=\"comienzoSuscripcionON\" data-voc-vtm-info=\"btncomentar\" class=\"voc-btn voc-btn--w voc-btn--xs voc-save-news__btn\" rel=\"nofollow noopener\" target=\"_blank\"><br \/>\nSuscribete<br \/>\n<\/a><\/p>\n<p class=\"voc-p\" style=\"\">Un hombre ha fallecido en la tarde de este lunes al sufrir un <strong>accidente en un taller de neum\u00e1ticos<\/strong> en Los Chapatales, en el municipio sevillano de <strong>Los Palacios<\/strong>, seg\u00fan informa el 1-1-2, perteneciente a la Agencia de Emergencias de Andaluc\u00eda, adscrita la Consejer\u00eda de la Presidencia, Interior, Di\u00e1logo Social y Simplificaci\u00f3n Administrativa de la Junta.<\/p>\n<p class=\"voc-p\" style=\"\">Pasadas las 16.30 horas se recibi\u00f3 un aviso en el Tel\u00e9fono de Emergencias 112 por un herido a causa de <strong>un revent\u00f3n de una rueda<\/strong> en un taller.<\/p>\n<p class=\"voc-p\" style=\"\">R\u00e1pidamente, se dio aviso al Centro de Emergencias Sanitarias (CES) 061 y a la Guardia Civil que se desplazaron hasta el lugar de los hechos sin que pudieran hacer nada por salvar su vida. El fallecido es un hombre de 71 a\u00f1os de edad.<\/p>\n<p>Reportar un error<\/p>\n<p class=\"voc-save-news__paragraph\">Esta funcionalidad es s\u00f3lo para suscriptores<\/p>\n<p><a href=\"https:\/\/secure.abc.es\/suscripcion#vca=suscribete&amp;vso=abcdesevilla&amp;vmc=on&amp;vli=comentarios-btn-flujo\" data-voc-vtm-id=\"comienzoSuscripcionON\" data-voc-vtm-info=\"btncomentar\" class=\"voc-btn voc-btn--w voc-btn--xs voc-save-news__btn\" rel=\"nofollow noopener\" target=\"_blank\"><br \/>\nSuscribete<br \/>\n<\/a><\/p>\n","protected":false},"excerpt":{"rendered":"06\/10\/2025 Actualizado a las 21:43h. Esta funcionalidad es s\u00f3lo para suscriptores Suscribete Un hombre ha fallecido en la&hellip;\n","protected":false},"author":2,"featured_media":160033,"comment_status":"","ping_status":"","sticky":false,"template":"","format":"standard","meta":{"footnotes":""},"categories":[8],"tags":[17,18,25,24,13,14,11,366,19,20,8938,9,10,15,16,2619,26886,7667,23,17034,12,21,22],"class_list":{"0":"post-160032","1":"post","2":"type-post","3":"status-publish","4":"format-standard","5":"has-post-thumbnail","7":"category-espana","8":"tag-breaking-news","9":"tag-breakingnews","10":"tag-es","11":"tag-espana","12":"tag-featured-news","13":"tag-featurednews","14":"tag-headlines","15":"tag-hombre","16":"tag-latest-news","17":"tag-latestnews","18":"tag-muere","19":"tag-news","20":"tag-noticias","21":"tag-noticias-destacadas","22":"tag-noticiasdestacadas","23":"tag-palacios","24":"tag-reventar","25":"tag-rueda","26":"tag-spain","27":"tag-taller","28":"tag-titulares","29":"tag-ultimas-noticias","30":"tag-ultimasnoticias"},"share_on_mastodon":{"url":"","error":""},"_links":{"self":[{"href":"https:\/\/www.europesays.com\/es\/wp-json\/wp\/v2\/posts\/160032","targetHints":{"allow":["GET"]}}],"collection":[{"href":"https:\/\/www.europesays.com\/es\/wp-json\/wp\/v2\/posts"}],"about":[{"href":"https:\/\/www.europesays.com\/es\/wp-json\/wp\/v2\/types\/post"}],"author":[{"embeddable":true,"href":"https:\/\/www.europesays.com\/es\/wp-json\/wp\/v2\/users\/2"}],"replies":[{"embeddable":true,"href":"https:\/\/www.europesays.com\/es\/wp-json\/wp\/v2\/comments?post=160032"}],"version-history":[{"count":0,"href":"https:\/\/www.europesays.com\/es\/wp-json\/wp\/v2\/posts\/160032\/revisions"}],"wp:featuredmedia":[{"embeddable":true,"href":"https:\/\/www.europesays.com\/es\/wp-json\/wp\/v2\/media\/160033"}],"wp:attachment":[{"href":"https:\/\/www.europesays.com\/es\/wp-json\/wp\/v2\/media?parent=160032"}],"wp:term":[{"taxonomy":"category","embeddable":true,"href":"https:\/\/www.europesays.com\/es\/wp-json\/wp\/v2\/categories?post=160032"},{"taxonomy":"post_tag","embeddable":true,"href":"https:\/\/www.europesays.com\/es\/wp-json\/wp\/v2\/tags?post=160032"}],"curies":[{"name":"wp","href":"https:\/\/api.w.org\/{rel}","templated":true}]}}