{"id":160036,"date":"2025-10-06T22:01:21","date_gmt":"2025-10-06T22:01:21","guid":{"rendered":"https:\/\/www.europesays.com\/es\/160036\/"},"modified":"2025-10-06T22:01:21","modified_gmt":"2025-10-06T22:01:21","slug":"exito-de-la-i-reunion-del-grupo-de-amigos-del-balonmano-melillense","status":"publish","type":"post","link":"https:\/\/www.europesays.com\/es\/160036\/","title":{"rendered":"\u00c9xito de la I Reuni\u00f3n del Grupo de Amigos del Balonmano Melillense"},"content":{"rendered":"<p><strong>El pasado viernes tuvo lugar un encuentro muy especial para el deporte local, la I Reuni\u00f3n del Grupo de los Amigos del Balonmano Melillense, una cita que logr\u00f3 congregar a m\u00e1s de una veintena de antiguos jugadores de distintas generaciones y equipos de nuestra ciudad. Durante el acto se rindi\u00f3 homenaje a varios de los miembros m\u00e1s veteranos del grupo y se celebr\u00f3 el 80\u00ba cumplea\u00f1os del empresario Juan Miguel Lucas Riado, gran impulsor del deporte melillense. <\/strong><\/p>\n<p>La reuni\u00f3n se celebr\u00f3 con un almuerzo de confraternizaci\u00f3n en el Restaurante Miguel Ben\u00edtez, donde los asistentes disfrutaron de un ambiente entra\u00f1able, lleno de recuerdos, an\u00e9cdotas y emociones compartidas.<\/p>\n<p>Durante el acto se rindi\u00f3 un sentido homenaje a cuatro de los miembros m\u00e1s veteranos del grupo, Jos\u00e9 M. Arias Romero, Jes\u00fas Lucas Riado, Jos\u00e9 A. Jim\u00e9nez Villoslada y Manuel Luna Porfirio, quienes recibieron unos detalles en reconocimiento a su trayectoria y a su compromiso con el balonmano melillense.<\/p>\n<p>El encuentro tambi\u00e9n sirvi\u00f3 para celebrar el 80\u00ba cumplea\u00f1os del empresario Juan Miguel Lucas Riado, gran impulsor del deporte melillense durante d\u00e9cadas y patrocinador de numerosas modalidades, tanto masculinas como femeninas. El grupo le dedic\u00f3 un c\u00e1lido \u201ccumplea\u00f1os feliz\u201d en agradecimiento a su constante apoyo y cari\u00f1o hacia los deportistas locales.<\/p>\n<p>Esta primera reuni\u00f3n naci\u00f3 de un grupo de WhatsApp que, en pocos meses, ha logrado reunir a m\u00e1s de 120 antiguos jugadores y aficionados. En este espacio virtual han revivido recuerdos, compartido fotograf\u00edas hist\u00f3ricas y reforzado los lazos de amistad que dej\u00f3 un deporte que marc\u00f3 una \u00e9poca en la ciudad.<\/p>\n<p>Durante el encuentro se evocaron nombres inolvidables del balonmano melillense: Magisterio, La Ahumada, Ebidem, Elorza, Regulares, Caballer\u00eda, Ingenieros, Artiller\u00eda, Tercio Gran Capit\u00e1n Juan Lucas, Pub Bristol y La Casa del Neum\u00e1tico, entre otros.<\/p>\n<p>Tambi\u00e9n se record\u00f3 con emoci\u00f3n a quienes ya no est\u00e1n con nosotros, como Jes\u00fas Rilova, Gregorio Gonz\u00e1lez, Mohamed Mimon \u2018Chato\u2019, Miguel L\u00f3pez Ca\u00f1o \u2018Diente\u2019, Curro Torres, Mart\u00edn P\u00e9rez, Alfonso Haro, Charo Sanmart\u00edn, Soraya Mohamed, Juan Grande o Juanjo Garc\u00eda, entre otros muchos.<\/p>\n<p>El balonmano en Melilla brill\u00f3 gracias a la pasi\u00f3n y entrega de jugadores, entrenadores, directivos y aficionados, y a la fuerza colectiva de una generaci\u00f3n que convirti\u00f3 las pistas del Instituto Leopoldo Queipo y del m\u00edtico Pabell\u00f3n Municipal L\u00e1zaro Fern\u00e1ndez en escenarios de gloria deportiva.<\/p>\n<p>La jornada concluy\u00f3 con un brindis cargado de ilusi\u00f3n y el deseo compartido de que esta reuni\u00f3n sea la primera de muchas m\u00e1s, manteniendo viva la llama del balonmano y la amistad que los une desde hace d\u00e9cadas.<\/p>\n<p id=\"pvc_stats_10328261\" class=\"pvc_stats total_only  pvc_load_by_ajax_update\" data-element-id=\"10328261\" style=\"\"> <img loading=\"lazy\" class=\"lazy\" decoding=\"async\" width=\"16\" height=\"16\" alt=\"Loading\" src=\"https:\/\/www.europesays.com\/es\/wp-content\/uploads\/2025\/09\/ajax-loader-2x.gif\" border=\"0\"\/><\/p>\n<p>\t\t\t<img decoding=\"async\" class=\"aioseo-author-bio-compact-image lazy\" src=\"https:\/\/www.europesays.com\/es\/wp-content\/uploads\/2025\/10\/1759788081_276_12617fd1044ec1cdf84c9fcc894e40ee529e9240cb60f6449ec8152bfef3fe40\" alt=\"avatar de autor\"\/><\/p>\n","protected":false},"excerpt":{"rendered":"El pasado viernes tuvo lugar un encuentro muy especial para el deporte local, la I Reuni\u00f3n del Grupo&hellip;\n","protected":false},"author":2,"featured_media":160037,"comment_status":"","ping_status":"","sticky":false,"template":"","format":"standard","meta":{"footnotes":""},"categories":[278],"tags":[376,168,25,24,375,23,167],"class_list":{"0":"post-160036","1":"post","2":"type-post","3":"status-publish","4":"format-standard","5":"has-post-thumbnail","7":"category-balonmano","8":"tag-balonmano","9":"tag-deportes","10":"tag-es","11":"tag-espana","12":"tag-handball","13":"tag-spain","14":"tag-sports"},"share_on_mastodon":{"url":"","error":""},"_links":{"self":[{"href":"https:\/\/www.europesays.com\/es\/wp-json\/wp\/v2\/posts\/160036","targetHints":{"allow":["GET"]}}],"collection":[{"href":"https:\/\/www.europesays.com\/es\/wp-json\/wp\/v2\/posts"}],"about":[{"href":"https:\/\/www.europesays.com\/es\/wp-json\/wp\/v2\/types\/post"}],"author":[{"embeddable":true,"href":"https:\/\/www.europesays.com\/es\/wp-json\/wp\/v2\/users\/2"}],"replies":[{"embeddable":true,"href":"https:\/\/www.europesays.com\/es\/wp-json\/wp\/v2\/comments?post=160036"}],"version-history":[{"count":0,"href":"https:\/\/www.europesays.com\/es\/wp-json\/wp\/v2\/posts\/160036\/revisions"}],"wp:featuredmedia":[{"embeddable":true,"href":"https:\/\/www.europesays.com\/es\/wp-json\/wp\/v2\/media\/160037"}],"wp:attachment":[{"href":"https:\/\/www.europesays.com\/es\/wp-json\/wp\/v2\/media?parent=160036"}],"wp:term":[{"taxonomy":"category","embeddable":true,"href":"https:\/\/www.europesays.com\/es\/wp-json\/wp\/v2\/categories?post=160036"},{"taxonomy":"post_tag","embeddable":true,"href":"https:\/\/www.europesays.com\/es\/wp-json\/wp\/v2\/tags?post=160036"}],"curies":[{"name":"wp","href":"https:\/\/api.w.org\/{rel}","templated":true}]}}