{"id":160038,"date":"2025-10-06T22:02:07","date_gmt":"2025-10-06T22:02:07","guid":{"rendered":"https:\/\/www.europesays.com\/es\/160038\/"},"modified":"2025-10-06T22:02:07","modified_gmt":"2025-10-06T22:02:07","slug":"gran-corrida-nocturna-de-calaveras-2025-en-la-laguna-fecha-boletos-y-lo-que-debes-saber","status":"publish","type":"post","link":"https:\/\/www.europesays.com\/es\/160038\/","title":{"rendered":"Gran Corrida Nocturna de Calaveras 2025 en La Laguna: Fecha, boletos y lo que debes saber"},"content":{"rendered":"<p><strong>La Laguna<\/strong> se prepara para vivir una de las <strong>noches m\u00e1s emblem\u00e1ticas y esperadas del oto\u00f1o<\/strong>: La <strong>Gran Corrida Nocturna de Calaveras 2025<\/strong>, un evento que <a href=\"https:\/\/playersoflife.com\/torreon\/cowparade-2025-llega-a-torreon-esculturas-vaca-ubicacion-informacion-la-laguna\/\" rel=\"nofollow noopener\" target=\"_blank\">combina tradici\u00f3n, arte y espect\u00e1culo<\/a> en el marco de las celebraciones del <strong>D\u00eda de Muertos<\/strong>.<\/p>\n<p>La cita ser\u00e1 el pr\u00f3ximo mes en<strong> Lerdo<\/strong>, y promete una velada llena de pasi\u00f3n taurina, m\u00fasica y ambiente familiar bajo el cielo lagunero. \u00bfTe interesa asistir? Aqu\u00ed te compartimos todos los detalles?<\/p>\n<p><img fetchpriority=\"high\" decoding=\"async\" width=\"819\" height=\"1024\" src=\"https:\/\/www.europesays.com\/es\/wp-content\/uploads\/2025\/10\/corrida-lerdo-cuerpo-819x1024.jpg.webp.webp\" alt=\"La Laguna celebrar\u00e1 el D\u00eda de Muertos con la Gran Corrida Nocturna de Calaveras\" class=\"wp-image-35964954\"  \/>La Laguna celebrar\u00e1 el D\u00eda de Muertos con la Gran Corrida Nocturna de Calaveras<\/p>\n<p> \u00bfQu\u00e9 es la Gran Corrida Nocturna de Calaveras?<\/p>\n<p>La Gran Corrida Nocturna de Calaveras inici\u00f3 como un homenaje a las tradiciones mexicanas; en esta se unen la elegancia del toreo con el simbolismo y el colorido del D\u00eda de Muertos. Para la segunda edici\u00f3n, el espect\u00e1culo se consolida como uno de los <strong>eventos taurinos m\u00e1s importantes del norte del pa\u00eds<\/strong>, y una cita imperdible para los amantes de la fiesta brava.<\/p>\n<p>Durante la jornada, los asistentes podr\u00e1n disfrutar de un ambiente festivo que incluir\u00e1:<\/p>\n<ul class=\"wp-block-list\">\n<li><strong>M\u00fasica<\/strong><\/li>\n<li><strong>Gastronom\u00eda<\/strong><\/li>\n<li>Una puesta en escena inspirada en la tradici\u00f3n de las calaveras, que busca rendir tributo a la vida y la memoria.<\/li>\n<\/ul>\n<p>\u00bfCu\u00e1ndo y d\u00f3nde ser\u00e1 la Corrida Nocturna?<\/p>\n<p>La segunda edici\u00f3n de la Gran Corrida Nocturna de Calaveras se celebrar\u00e1 el pr\u00f3ximo s\u00e1bado 1 de noviembre de 2025, a partir de las 19:00 horas, en la Plaza de Toros Alberto Balderas de Ciudad Lerdo, Durango.<\/p>\n<p>Boletos: Precios, venta y promociones<\/p>\n<p>Los boletos ya est\u00e1n disponibles a trav\u00e9s del sistema Boletea, con la opci\u00f3n <strong>BolePay<\/strong>, que permite apartar tu entrada con solo el 25 por ciento del costo total y liquidar el resto d\u00edas antes del evento.<\/p>\n<p><strong>Precios oficiales:<\/strong><\/p>\n<ul class=\"wp-block-list\">\n<li><strong>Sol General:<\/strong> $500 MXN<\/li>\n<li><strong>Sombra Tendido:<\/strong> $700 MXN<\/li>\n<\/ul>\n<p>Los organizadores recalcaron que se trata de <strong>precios accesibles<\/strong> con el objetivo de fomentar la afici\u00f3n taurina y abrir las puertas del espect\u00e1culo a todo el p\u00fablico lagunero.<\/p>\n<p>\u00bfQu\u00e9 esperar del espect\u00e1culo?<\/p>\n<p>La edici\u00f3n 2025 de la Corrida Nocturna contar\u00e1 con dos grandes figuras de la tauromaquia internacional:<\/p>\n<ul class=\"wp-block-list\">\n<li><strong>Andy Cartagena<\/strong>, reconocido rejoneador espa\u00f1ol, \u00edcono en plazas europeas y mexicanas.<\/li>\n<li><strong>Ernesto Javier \u201cCalita\u201d<\/strong>, torero mexicano con triunfos en los principales ruedos del pa\u00eds.<\/li>\n<\/ul>\n<p>Ambos se enfrentar\u00e1n a toros de <strong>las ganader\u00edas Boquilla del Carmen<\/strong> y <strong>Arturo Gilio<\/strong>, casas con tradici\u00f3n y presencia en la Monumental Plaza M\u00e9xico.<\/p>\n<p>El evento, adem\u00e1s de su relevancia taurina, ofrecer\u00e1 <strong>una producci\u00f3n visual y sonora inspirada en el D\u00eda de Muertos<\/strong>, con iluminaci\u00f3n especial, vestimenta tem\u00e1tica y un ambiente familiar que une la tradici\u00f3n con el espect\u00e1culo moderno.<\/p>\n<p> Una noche que celebra la vida y la tradici\u00f3n<\/p>\n<p>Con esta segunda edici\u00f3n, la Gran Corrida Nocturna de Calaveras busca consolidarse como una tradici\u00f3n anual en La Laguna, combinando la pasi\u00f3n taurina con el orgullo de nuestras ra\u00edces mexicanas.<\/p>\n<blockquote class=\"instagram-media\" data-instgrm-captioned=\"\" data-instgrm-permalink=\"https:\/\/www.instagram.com\/reel\/DPZ_mtjjofT\/?utm_source=ig_embed&amp;utm_campaign=loading\" data-instgrm-version=\"14\" style=\" background:#FFF; border:0; border-radius:3px; box-shadow:0 0 1px 0 rgba(0,0,0,0.5),0 1px 10px 0 rgba(0,0,0,0.15); margin: 1px; max-width:540px; min-width:326px; padding:0; width:99.375%; width:-webkit-calc(100% - 2px); width:calc(100% - 2px);\"\/>\n<p>As\u00ed que si eres amante del arte, la cultura y las emociones intensas, aparta la fecha, <strong>ponte tu traje de gala o tu mejor catrina<\/strong> y disfruta de un espect\u00e1culo que promete quedarse grabado en la historia de la regi\u00f3n.<\/p>\n<p><script async src=\"\/\/www.instagram.com\/embed.js\"><\/script><\/p>\n","protected":false},"excerpt":{"rendered":"La Laguna se prepara para vivir una de las noches m\u00e1s emblem\u00e1ticas y esperadas del oto\u00f1o: La Gran&hellip;\n","protected":false},"author":2,"featured_media":160039,"comment_status":"","ping_status":"","sticky":false,"template":"","format":"standard","meta":{"footnotes":""},"categories":[277],"tags":[373,168,25,24,23,167,374],"class_list":{"0":"post-160038","1":"post","2":"type-post","3":"status-publish","4":"format-standard","5":"has-post-thumbnail","7":"category-toreo","8":"tag-bullfighting","9":"tag-deportes","10":"tag-es","11":"tag-espana","12":"tag-spain","13":"tag-sports","14":"tag-toreo"},"share_on_mastodon":{"url":"","error":""},"_links":{"self":[{"href":"https:\/\/www.europesays.com\/es\/wp-json\/wp\/v2\/posts\/160038","targetHints":{"allow":["GET"]}}],"collection":[{"href":"https:\/\/www.europesays.com\/es\/wp-json\/wp\/v2\/posts"}],"about":[{"href":"https:\/\/www.europesays.com\/es\/wp-json\/wp\/v2\/types\/post"}],"author":[{"embeddable":true,"href":"https:\/\/www.europesays.com\/es\/wp-json\/wp\/v2\/users\/2"}],"replies":[{"embeddable":true,"href":"https:\/\/www.europesays.com\/es\/wp-json\/wp\/v2\/comments?post=160038"}],"version-history":[{"count":0,"href":"https:\/\/www.europesays.com\/es\/wp-json\/wp\/v2\/posts\/160038\/revisions"}],"wp:featuredmedia":[{"embeddable":true,"href":"https:\/\/www.europesays.com\/es\/wp-json\/wp\/v2\/media\/160039"}],"wp:attachment":[{"href":"https:\/\/www.europesays.com\/es\/wp-json\/wp\/v2\/media?parent=160038"}],"wp:term":[{"taxonomy":"category","embeddable":true,"href":"https:\/\/www.europesays.com\/es\/wp-json\/wp\/v2\/categories?post=160038"},{"taxonomy":"post_tag","embeddable":true,"href":"https:\/\/www.europesays.com\/es\/wp-json\/wp\/v2\/tags?post=160038"}],"curies":[{"name":"wp","href":"https:\/\/api.w.org\/{rel}","templated":true}]}}