{"id":160040,"date":"2025-10-06T22:03:11","date_gmt":"2025-10-06T22:03:11","guid":{"rendered":"https:\/\/www.europesays.com\/es\/160040\/"},"modified":"2025-10-06T22:03:11","modified_gmt":"2025-10-06T22:03:11","slug":"alex-pereira-se-empareja-con-ilia-topuria-y-anuncia-pelea","status":"publish","type":"post","link":"https:\/\/www.europesays.com\/es\/160040\/","title":{"rendered":"Alex Pereira se empareja con Ilia Topuria y anuncia pelea"},"content":{"rendered":"<p class=\"parrafo\"><strong>El UFC 320 confirmaba este pasado fin de semana en Las Vegas <a href=\"https:\/\/www.estadiodeportivo.com\/ufc\/alex-pereira-revienta-ufc-320-20251005-515129.html\" class=\"intext-link\" rel=\"nofollow noopener\" target=\"_blank\">la venganza de Alex Pereira ante Magomed Ankalaev<\/a> y la <a href=\"https:\/\/www.estadiodeportivo.com\/ufc\/ilia-topuria-declara-20251005-515138.html\" class=\"intext-link\" rel=\"nofollow noopener\" target=\"_blank\">confirmaci\u00f3n de Merab Dvalishvili <\/a><\/strong>como el aut\u00e9ntico dominador del peso Gallo con su tercera defensa exitosa del cintur\u00f3n del campe\u00f3n.<\/p>\n<p class=\"parrafo\"><strong>&#8216;Poatan&#8217; Pereira llegaba muy motivado y con ganas de revancha ante un Ankalaev que le quit\u00f3 el cintur\u00f3n en el peso Semipesado hace unos meses. <\/strong>Y entr\u00f3 tan agresivo que la pelea estelar del evento dur\u00f3 apenas unos segundos, ya que derrot\u00f3 al ruso cuando se llevaba poco m\u00e1s de un minuto del primer asalto.<\/p>\n<p><a class=\"elementos-rel-t2\" href=\"https:\/\/www.estadiodeportivo.com\/ufc\/alex-pereira-revienta-ufc-320-20251005-515129.html\" title=\"Alex Pereira revienta el UFC 320\" rel=\"nofollow noopener\" target=\"_blank\">Alex Pereira revienta el UFC 320<img decoding=\"async\" src=\"https:\/\/www.europesays.com\/es\/wp-content\/uploads\/2025\/10\/ab5b8e1d-7a07-496b-9700-51d0d36d133b_320x180.jpeg\" alt=\"Alex Pereira revienta el UFC 320\"\/><\/a><a class=\"elementos-rel-t2\" href=\"https:\/\/www.estadiodeportivo.com\/ufc\/ilia-topuria-declara-20251005-515138.html\" title=\"Ilia Topuria se declara\" rel=\"nofollow noopener\" target=\"_blank\">Ilia Topuria se declara<img decoding=\"async\" src=\"https:\/\/www.europesays.com\/es\/wp-content\/uploads\/2025\/10\/67fdd0b1-8efe-4451-8a91-34b4ce10449c_320x180.jpeg\" alt=\"Ilia Topuria se declara\"\/><\/a><\/p>\n<p class=\"parrafo\">No conforme con eso, <strong>Pereira ha alzado la voz y se ha &#8216;apuntado&#8217; tambi\u00e9n al tan esperado evento que se va a organizar en la Casa Blanca el pr\u00f3ximo mes de junio<\/strong>. De hecho, tras la especulaci\u00f3n con la fecha, ha sido el propio presidente estadounidense, <strong>Donald Trump, el que ha anunciado que tendr\u00e1 lugar el 14 de junio, d\u00eda de su cumplea\u00f1os.<\/strong><\/p>\n<p>Donald Trump anuncia la fecha del UFC en la Casa Blanca<\/p>\n<p class=\"parrafo\">En un principio se baraj\u00f3 que fuera el 4 de julio, pero no era posible por los numerosos actos que hay por el 250 aniversario de la independencia de Estados Unidos y a los que debe asistir el presidente.<\/p>\n<p class=\"parrafo\"><strong>En ese evento ya asegura tener plaza segura el luchador irland\u00e9s Conor McGregor, que quiere volver a la UFC por todo lo alto cinco a\u00f1os despu\u00e9s de su \u00faltima pelea. <\/strong>Se est\u00e1 preparando para ello y cuenta con el respaldo p\u00fablico del jefe, Dana White, y del propio Trump, al que le une una buena amistad.<\/p>\n<p><img decoding=\"async\" src=\"https:\/\/www.europesays.com\/es\/wp-content\/uploads\/2025\/10\/2f771747-c01c-4154-befd-aac789cb5f96_800x453.jpeg\" loading=\"lazy\"\/><\/p>\n<p class=\"parrafo\">Cuando se conoci\u00f3 el evento<strong> tambi\u00e9n alz\u00f3 la voz el recientemente retirado Jon Jones y asegur\u00f3 que le gustar\u00eda salir de su retiro para pelear en la Casa Blanca. <\/strong>Dana White dej\u00f3 claro que Jones no era muy \u00abde fiar\u00bb, pero ahora le ha retado <strong>el mismo Alex Pereira, quien ha asegurado tras ganar a Ankalaev que le gustar\u00eda enfrentarse a Jones en ese evento<\/strong>. Y que, sabiendo todos la continuidad que tiene en sus peleas, lo har\u00eda sin renunciar a su cintur\u00f3n del peso Semipesado de la UFC.<\/p>\n<p>Alex Pereira anuncia con quien quiere luchar<\/p>\n<p class=\"parrafo\">\u00abNo creo que sea necesario (renunciar al t\u00edtulo). Todos saben con qu\u00e9 frecuencia peleo, as\u00ed que eso no ser\u00e1 un problema. Quiero enfrentar al mejor, que sea el mejor\u00bb, se\u00f1al\u00f3 al tiempo que nombraba al mito de la UFC. \u00abCon todo respeto, con todo el respeto que tengo por la situaci\u00f3n\u2026 iba a preguntar por Jon Jones en la Casa Blanca, pero con todo lo que pas\u00f3, no es el momento adecuado para hablar de eso.<strong> Quiero una s\u00faper pelea. Ser\u00eda en la Casa Blanca contra Jon Jones. \u00a1Es una s\u00faper pelea!\u00bb, afirma Poatan.<\/strong><\/p>\n<p><a class=\"elementos-rel-t2\" href=\"https:\/\/www.estadiodeportivo.com\/ufc\/alex-pereira-revienta-ufc-320-20251005-515129.html\" title=\"Alex Pereira revienta el UFC 320\" rel=\"nofollow noopener\" target=\"_blank\">Alex Pereira revienta el UFC 320<img decoding=\"async\" src=\"https:\/\/www.europesays.com\/es\/wp-content\/uploads\/2025\/10\/ab5b8e1d-7a07-496b-9700-51d0d36d133b_320x180.jpeg\" alt=\"Alex Pereira revienta el UFC 320\"\/><\/a><a class=\"elementos-rel-t2\" href=\"https:\/\/www.estadiodeportivo.com\/ufc\/proximo-rival-ilia-topuria-20251004-514986.html\" title=\"El pr\u00f3ximo rival de Ilia Topuria\" rel=\"nofollow noopener\" target=\"_blank\">El pr\u00f3ximo rival de Ilia Topuria<img decoding=\"async\" src=\"https:\/\/www.europesays.com\/es\/wp-content\/uploads\/2025\/10\/104533ad-7342-4950-8c5f-3ee48bd53791_320x180.jpeg\" alt=\"El pr\u00f3ximo rival de Ilia Topuria\"\/><\/a><\/p>\n<p class=\"parrafo\">A todo ello se une<strong><a href=\"https:\/\/www.estadiodeportivo.com\/ufc\/ilia-topuria-conor-mcgregor-citan-casa-blanca-forman-lio-20250926-513824.html\" class=\"intext-link\" rel=\"nofollow noopener\" target=\"_blank\"> la propuesta de Ilia Topuria <\/a><\/strong>de estar presente tambi\u00e9n en ese evento tan deseado. Aunque inicialmente fue un reto que lanz\u00f3 en redes, ha cobrado fuerza y <strong>no ser\u00eda descartable ver tambi\u00e9n al actual n\u00famero uno libra por libra de la UFC peleando ante el propio Donad Trump.<\/strong> Lo que est\u00e1 claro es que, viendo los que opositan a ese evento, va a ser de esc\u00e1ndalo.<\/p>\n","protected":false},"excerpt":{"rendered":"El UFC 320 confirmaba este pasado fin de semana en Las Vegas la venganza de Alex Pereira ante&hellip;\n","protected":false},"author":2,"featured_media":160041,"comment_status":"","ping_status":"","sticky":false,"template":"","format":"standard","meta":{"footnotes":""},"categories":[276],"tags":[2034,2909,353,168,352,25,24,284,1523,743,744,23,167,343],"class_list":{"0":"post-160040","1":"post","2":"type-post","3":"status-publish","4":"format-standard","5":"has-post-thumbnail","7":"category-ufc","8":"tag-alex-pereira","9":"tag-conor-mcgregor","10":"tag-dana-white","11":"tag-deportes","12":"tag-donald-trump","13":"tag-es","14":"tag-espana","15":"tag-estadio-deportivo","16":"tag-ilia-topuria","17":"tag-mma","18":"tag-polideportivo","19":"tag-spain","20":"tag-sports","21":"tag-ufc"},"share_on_mastodon":{"url":"","error":""},"_links":{"self":[{"href":"https:\/\/www.europesays.com\/es\/wp-json\/wp\/v2\/posts\/160040","targetHints":{"allow":["GET"]}}],"collection":[{"href":"https:\/\/www.europesays.com\/es\/wp-json\/wp\/v2\/posts"}],"about":[{"href":"https:\/\/www.europesays.com\/es\/wp-json\/wp\/v2\/types\/post"}],"author":[{"embeddable":true,"href":"https:\/\/www.europesays.com\/es\/wp-json\/wp\/v2\/users\/2"}],"replies":[{"embeddable":true,"href":"https:\/\/www.europesays.com\/es\/wp-json\/wp\/v2\/comments?post=160040"}],"version-history":[{"count":0,"href":"https:\/\/www.europesays.com\/es\/wp-json\/wp\/v2\/posts\/160040\/revisions"}],"wp:featuredmedia":[{"embeddable":true,"href":"https:\/\/www.europesays.com\/es\/wp-json\/wp\/v2\/media\/160041"}],"wp:attachment":[{"href":"https:\/\/www.europesays.com\/es\/wp-json\/wp\/v2\/media?parent=160040"}],"wp:term":[{"taxonomy":"category","embeddable":true,"href":"https:\/\/www.europesays.com\/es\/wp-json\/wp\/v2\/categories?post=160040"},{"taxonomy":"post_tag","embeddable":true,"href":"https:\/\/www.europesays.com\/es\/wp-json\/wp\/v2\/tags?post=160040"}],"curies":[{"name":"wp","href":"https:\/\/api.w.org\/{rel}","templated":true}]}}