{"id":160044,"date":"2025-10-06T22:08:16","date_gmt":"2025-10-06T22:08:16","guid":{"rendered":"https:\/\/www.europesays.com\/es\/160044\/"},"modified":"2025-10-06T22:08:16","modified_gmt":"2025-10-06T22:08:16","slug":"si-la-uefa-actua-lo-analizaremos","status":"publish","type":"post","link":"https:\/\/www.europesays.com\/es\/160044\/","title":{"rendered":"\u201cSi la UEFA act\u00faa, lo analizaremos&#8230;\u201d"},"content":{"rendered":"<p data-gtm-element-container=\"modulo-texto-link\" class=\"paragraph\">El mejor baloncesto de Europa arranca este martes sin poder desprenderse de la problem\u00e1tica israel\u00ed. Hasta tres conjuntos participan en la Euroliga y la Eurocup, organizadas por los propios clubs. Por el momento, los organismos se han puesto de perfil a la espera de acontecimientos. \u201cNo nos gusta que la pol\u00edtica est\u00e9 metida en el deporte, pero seguimos analizando la situaci\u00f3n. Como siempre, vamos a ver c\u00f3mo reacciona, qu\u00e9 hace el mundo del deporte. Si la UEFA u otra organizaci\u00f3n toma un camino, lo analizaremos y hablaremos con nuestros equipos. Lo m\u00e1s importante, claro, es la seguridad de los clubs, los jugadores y los aficionados\u201d, dijo el CEO de la Euroliga, Paulius Motiejunas.<\/p>\n<p data-gtm-element-container=\"modulo-texto-link\" class=\"paragraph\">Esperar a lo que hagan otros organismos o el Comit\u00e9 Ol\u00edmpico Internacional (COI), quien ya ha dejado claro que el comit\u00e9 del pa\u00eds de Netanyahu no ha incumplido la Carta Ol\u00edmpica, para actuar en consecuencia. El efecto domin\u00f3 o tomar la direcci\u00f3n que marque el viento, piensa el baloncesto.<\/p>\n<p>    Lee tambi\u00e9n<\/p>\n<p data-gtm-element-container=\"modulo-texto-link\" class=\"paragraph\">Curiosamente, el FC <a href=\"https:\/\/www.lavanguardia.com\/deportes\/resultados\/laliga-primera-division\/calendario\/barcelona\" target=\"_blank\" rel=\"noopener noreferrer nofollow\">Barcelona<\/a> debuta ante uno de esos tres equipos, el Hapoel Tel Aviv (18:00), y lo har\u00e1 en Sofia (Bulgaria) ante la imposibilidad -ya desde hace varias campa\u00f1as- de poder jugar en su pa\u00eds. M\u00e1s all\u00e1 de lo deportivo, que sit\u00faa como favoritos a los clubs griegos (Olympiakos y Panathinaikos) al tener la motivaci\u00f3n extra de que la final a cuatro tendr\u00e1 lugar en Atenas (22 al 24 de mayo), en esta edici\u00f3n, que se ampl\u00eda de 18 a 20 conjuntos, participar\u00e1 por primera vez un club no adscrito a la FIBA, el Dubai SC, que ha tirado la casa por la venta con fichajes como el ex madridista Dzanan Musa, el let\u00f3n Davis Bertans o el serbio Filip Petrusev. El <a href=\"https:\/\/www.lavanguardia.com\/deportes\/resultados\/laliga-primera-division\/calendario\/real-madrid?utm_source=google&amp;utm_medium=search&amp;utm_campaign=enlace_cuerpo_automatico\" target=\"_blank\" rel=\"noopener noreferrer nofollow\">Real Madrid<\/a> y el <a href=\"https:\/\/www.lavanguardia.com\/deportes\/resultados\/laliga-primera-division\/calendario\/valencia\" target=\"_blank\" rel=\"noopener noreferrer nofollow\">Valencia<\/a>, flamenta ganador de la Supercopa de Espa\u00f1a, ser\u00e1n los otros clubs ACB en liza. El hist\u00f3rico Maccabi es el otro israel\u00ed de la competici\u00f3n y el Hapoel Jerusalen compite en la Eurocup, en la que el Manresa ser\u00e1 su rival el 15 de octubre. El partido pol\u00edtico Fem Manresa ya ha pedido la suspensi\u00f3n de este encuentro por \u201cblanquear\u201d las acciones israel\u00edes.<\/p>\n<p data-gtm-element-container=\"modulo-texto-link\" class=\"paragraph\">En <a href=\"https:\/\/www.lavanguardia.com\/deportes\/resultados\/laliga-primera-division\" target=\"_blank\" rel=\"noopener noreferrer nofollow\">la Liga<\/a> de Campeones, la competici\u00f3n FIBA, se est\u00e1n produciendo m\u00e1s movimientos. El primero en alzar la voz fue Valerio Antonini, presidente del Trapani Shark italiano, equipo encuadrado en el grupo D junto al Tofas Bursa, el CB Canarias y el Bnei Herzliya de Israel. \u201cCreo que lo que est\u00e1 ocurriendo en Israel es un genocidio sin precedentes \u2014defendi\u00f3 Antonini, preguntado al respecto en un directo en Facebook\u2014, y no podemos avalar tener que jugar contra un equipo israel\u00ed y quiz\u00e1 dar la mano a jugadores de un pa\u00eds que est\u00e1 cometiendo semejante masacre\u201d. El otro equipo en liza ser\u00e1 el Hapoel Holon.<\/p>\n<p data-gtm-element-container=\"modulo-texto-link\" class=\"paragraph\">Como sucedi\u00f3 en La Vuelta, el conflicto puede multiplicarse por la reacci\u00f3n del p\u00fablico cuando un equipo israel\u00ed visite su pabell\u00f3n. Es el mayor temor de unas competiciones que son el caviar del baloncesto.<\/p>\n","protected":false},"excerpt":{"rendered":"El mejor baloncesto de Europa arranca este martes sin poder desprenderse de la problem\u00e1tica israel\u00ed. Hasta tres conjuntos&hellip;\n","protected":false},"author":2,"featured_media":160045,"comment_status":"","ping_status":"","sticky":false,"template":"","format":"standard","meta":{"footnotes":""},"categories":[269],"tags":[299,298,168,25,24,23,167],"class_list":{"0":"post-160044","1":"post","2":"type-post","3":"status-publish","4":"format-standard","5":"has-post-thumbnail","7":"category-baloncesto","8":"tag-baloncesto","9":"tag-basketball","10":"tag-deportes","11":"tag-es","12":"tag-espana","13":"tag-spain","14":"tag-sports"},"share_on_mastodon":{"url":"","error":""},"_links":{"self":[{"href":"https:\/\/www.europesays.com\/es\/wp-json\/wp\/v2\/posts\/160044","targetHints":{"allow":["GET"]}}],"collection":[{"href":"https:\/\/www.europesays.com\/es\/wp-json\/wp\/v2\/posts"}],"about":[{"href":"https:\/\/www.europesays.com\/es\/wp-json\/wp\/v2\/types\/post"}],"author":[{"embeddable":true,"href":"https:\/\/www.europesays.com\/es\/wp-json\/wp\/v2\/users\/2"}],"replies":[{"embeddable":true,"href":"https:\/\/www.europesays.com\/es\/wp-json\/wp\/v2\/comments?post=160044"}],"version-history":[{"count":0,"href":"https:\/\/www.europesays.com\/es\/wp-json\/wp\/v2\/posts\/160044\/revisions"}],"wp:featuredmedia":[{"embeddable":true,"href":"https:\/\/www.europesays.com\/es\/wp-json\/wp\/v2\/media\/160045"}],"wp:attachment":[{"href":"https:\/\/www.europesays.com\/es\/wp-json\/wp\/v2\/media?parent=160044"}],"wp:term":[{"taxonomy":"category","embeddable":true,"href":"https:\/\/www.europesays.com\/es\/wp-json\/wp\/v2\/categories?post=160044"},{"taxonomy":"post_tag","embeddable":true,"href":"https:\/\/www.europesays.com\/es\/wp-json\/wp\/v2\/tags?post=160044"}],"curies":[{"name":"wp","href":"https:\/\/api.w.org\/{rel}","templated":true}]}}