{"id":160046,"date":"2025-10-06T22:09:15","date_gmt":"2025-10-06T22:09:15","guid":{"rendered":"https:\/\/www.europesays.com\/es\/160046\/"},"modified":"2025-10-06T22:09:15","modified_gmt":"2025-10-06T22:09:15","slug":"mas-de-uno-gijon-deportes-30-09-25","status":"publish","type":"post","link":"https:\/\/www.europesays.com\/es\/160046\/","title":{"rendered":"M\u00e1s de Uno Gij\u00f3n Deportes 30\/09\/25"},"content":{"rendered":"<p>CON JUAN GANCEDO<\/p>\n<p>Jornada de descanso y de reflexi\u00f3n en el Sporting, tras sufrir ante el Albacete la cuarta derrota consecutiva. Los rojiblancos empezar\u00e1n ma\u00f1ana a preparar el partido del domingo en Castell\u00f3n, en el que volver\u00e1n Rosas y Corredera tras cumplir sanci\u00f3n y es duda Curbelo, que ya hace trabajo parcial con el grupo. Cristian Joel, con un problema renal, ser\u00e1 operado esta semana y estar\u00e1 un par de meses de baja. Analizamos la actualidad del Sporting con Edu Pidal, Director de &#8216;Radioestadio Noche&#8217; tras el doloroso 3-4 del domingo.<\/p>\n<p class=\"articleSignature-name\"> Juan Gancedo <\/p>\n<p class=\"articleSignature-datecontent\">Gij\u00f3n | <strong>30.09.2025 14:16 <\/strong><\/p>\n","protected":false},"excerpt":{"rendered":"CON JUAN GANCEDO Jornada de descanso y de reflexi\u00f3n en el Sporting, tras sufrir ante el Albacete la&hellip;\n","protected":false},"author":2,"featured_media":160047,"comment_status":"","ping_status":"","sticky":false,"template":"","format":"standard","meta":{"footnotes":""},"categories":[268],"tags":[168,25,24,280,282,281,23,167],"class_list":{"0":"post-160046","1":"post","2":"type-post","3":"status-publish","4":"format-standard","5":"has-post-thumbnail","7":"category-futbol","8":"tag-deportes","9":"tag-es","10":"tag-espana","11":"tag-football","12":"tag-futbol","13":"tag-soccer","14":"tag-spain","15":"tag-sports"},"share_on_mastodon":{"url":"","error":""},"_links":{"self":[{"href":"https:\/\/www.europesays.com\/es\/wp-json\/wp\/v2\/posts\/160046","targetHints":{"allow":["GET"]}}],"collection":[{"href":"https:\/\/www.europesays.com\/es\/wp-json\/wp\/v2\/posts"}],"about":[{"href":"https:\/\/www.europesays.com\/es\/wp-json\/wp\/v2\/types\/post"}],"author":[{"embeddable":true,"href":"https:\/\/www.europesays.com\/es\/wp-json\/wp\/v2\/users\/2"}],"replies":[{"embeddable":true,"href":"https:\/\/www.europesays.com\/es\/wp-json\/wp\/v2\/comments?post=160046"}],"version-history":[{"count":0,"href":"https:\/\/www.europesays.com\/es\/wp-json\/wp\/v2\/posts\/160046\/revisions"}],"wp:featuredmedia":[{"embeddable":true,"href":"https:\/\/www.europesays.com\/es\/wp-json\/wp\/v2\/media\/160047"}],"wp:attachment":[{"href":"https:\/\/www.europesays.com\/es\/wp-json\/wp\/v2\/media?parent=160046"}],"wp:term":[{"taxonomy":"category","embeddable":true,"href":"https:\/\/www.europesays.com\/es\/wp-json\/wp\/v2\/categories?post=160046"},{"taxonomy":"post_tag","embeddable":true,"href":"https:\/\/www.europesays.com\/es\/wp-json\/wp\/v2\/tags?post=160046"}],"curies":[{"name":"wp","href":"https:\/\/api.w.org\/{rel}","templated":true}]}}