{"id":160050,"date":"2025-10-06T22:16:08","date_gmt":"2025-10-06T22:16:08","guid":{"rendered":"https:\/\/www.europesays.com\/es\/160050\/"},"modified":"2025-10-06T22:16:08","modified_gmt":"2025-10-06T22:16:08","slug":"lebron-james-anuncia-una-decision-el-martes-que-aviva-rumores-de-su-retiro","status":"publish","type":"post","link":"https:\/\/www.europesays.com\/es\/160050\/","title":{"rendered":"LeBron James Anuncia Una \u00abDecisi\u00f3n\u00bb El Martes Que Aviva Rumores De Su Retiro"},"content":{"rendered":"<p data-type=\"paragraph\" data=\"[object Object]\">LeBron James, de 40 a\u00f1os y en v\u00edsperas de comenzar su 23\u00aa temporada en la NBA a finales de octubre, anunci\u00f3 que el martes revelar\u00e1 una \u00abdecisi\u00f3n\u00bb, sin especificar si se trata del fin de su legendaria carrera, cuyo futuro sigue siendo una inc\u00f3gnita.<\/p>\n<p data-type=\"paragraph\" data=\"[object Object]\" class=\"emotion-1akm6h5-Paragraph e1e4oisd0\">En un mensaje en las redes sociales, la estrella de Los Angeles Lakers public\u00f3 el avance de una entrevista que se emitir\u00e1 el martes a las 16H00 GMT en la que compartir\u00e1 \u00abla decisi\u00f3n de las decisiones\u00bb.<\/p>\n<p data-type=\"paragraph\" data=\"[object Object]\" class=\"emotion-1akm6h5-Paragraph e1e4oisd0\">Su mensaje establece un paralelismo con \u00abThe Decision\u00bb (\u00abLa decisi\u00f3n\u00bb), la famosa explicaci\u00f3n de su marcha en 2010 de Cleveland a Miami, donde conquist\u00f3 dos de sus cuatro t\u00edtulos en la NBA.<\/p>\n<p data-type=\"paragraph\" data=\"[object Object]\" class=\"emotion-1akm6h5-Paragraph e1e4oisd0\">El Rey, que cumplir\u00e1 41 a\u00f1os en diciembre, ha alimentado los rumores sobre su retirada al final de la temporada que comenzar\u00e1 el 21 de octubre.<\/p>\n<p data-type=\"paragraph\" data=\"[object Object]\" class=\"emotion-1akm6h5-Paragraph e1e4oisd0\">\u00abEstoy feliz de poder seguir practicando este deporte que tanto me gusta durante una nueva temporada\u00bb, explic\u00f3 James durante la jornada de prensa de los Lakers el 29 de septiembre.<\/p>\n<p data-type=\"paragraph\" data=\"[object Object]\" class=\"emotion-1akm6h5-Paragraph e1e4oisd0\">\u00abPase lo que pase, estoy muy involucrado porque no s\u00e9 cu\u00e1ndo terminar\u00e1, aunque el final se acerque\u00bb, a\u00f1adi\u00f3 el que muchos consideran el mejor basquetbolista de la historia.<\/p>\n<p data-type=\"paragraph\" data=\"[object Object]\" class=\"emotion-1akm6h5-Paragraph e1e4oisd0\">rg\/cyj\/raa\/pm<\/p>\n","protected":false},"excerpt":{"rendered":"LeBron James, de 40 a\u00f1os y en v\u00edsperas de comenzar su 23\u00aa temporada en la NBA a finales&hellip;\n","protected":false},"author":2,"featured_media":123368,"comment_status":"","ping_status":"","sticky":false,"template":"","format":"standard","meta":{"footnotes":""},"categories":[93],"tags":[4597,168,25,24,1725,23,167,116,4450],"class_list":{"0":"post-160050","1":"post","2":"type-post","3":"status-publish","4":"format-standard","5":"has-post-thumbnail","7":"category-deportes","8":"tag-basquet","9":"tag-deportes","10":"tag-es","11":"tag-espana","12":"tag-nba","13":"tag-spain","14":"tag-sports","15":"tag-synd","16":"tag-usa"},"share_on_mastodon":{"url":"","error":""},"_links":{"self":[{"href":"https:\/\/www.europesays.com\/es\/wp-json\/wp\/v2\/posts\/160050","targetHints":{"allow":["GET"]}}],"collection":[{"href":"https:\/\/www.europesays.com\/es\/wp-json\/wp\/v2\/posts"}],"about":[{"href":"https:\/\/www.europesays.com\/es\/wp-json\/wp\/v2\/types\/post"}],"author":[{"embeddable":true,"href":"https:\/\/www.europesays.com\/es\/wp-json\/wp\/v2\/users\/2"}],"replies":[{"embeddable":true,"href":"https:\/\/www.europesays.com\/es\/wp-json\/wp\/v2\/comments?post=160050"}],"version-history":[{"count":0,"href":"https:\/\/www.europesays.com\/es\/wp-json\/wp\/v2\/posts\/160050\/revisions"}],"wp:featuredmedia":[{"embeddable":true,"href":"https:\/\/www.europesays.com\/es\/wp-json\/wp\/v2\/media\/123368"}],"wp:attachment":[{"href":"https:\/\/www.europesays.com\/es\/wp-json\/wp\/v2\/media?parent=160050"}],"wp:term":[{"taxonomy":"category","embeddable":true,"href":"https:\/\/www.europesays.com\/es\/wp-json\/wp\/v2\/categories?post=160050"},{"taxonomy":"post_tag","embeddable":true,"href":"https:\/\/www.europesays.com\/es\/wp-json\/wp\/v2\/tags?post=160050"}],"curies":[{"name":"wp","href":"https:\/\/api.w.org\/{rel}","templated":true}]}}