{"id":160051,"date":"2025-10-06T22:17:09","date_gmt":"2025-10-06T22:17:09","guid":{"rendered":"https:\/\/www.europesays.com\/es\/160051\/"},"modified":"2025-10-06T22:17:09","modified_gmt":"2025-10-06T22:17:09","slug":"cubana-visita-a-sus-abuelos-que-casi-sin-salir-de-casa-cogieron-dengue","status":"publish","type":"post","link":"https:\/\/www.europesays.com\/es\/160051\/","title":{"rendered":"Cubana visita a sus abuelos que, casi sin salir de casa, cogieron dengue"},"content":{"rendered":"<p>Una cubana identificada en TikTok como @briana_matancera comparti\u00f3 un testimonio en el que relata c\u00f3mo el dengue ha afectado a sus abuelos en el reparto Naranjal, en Matanzas, pese a que, seg\u00fan explic\u00f3, apenas salen de su casa.<\/p>\n<p>\u201cEl dengue tiene invadida la provincia de Matanzas, y este es el caso: hasta mis abuelos, que ni tan siquiera salen a la calle, lo cogieron\u201d, dijo en el video, mientras mostraba im\u00e1genes de las calles cercanas y fosas desbordadas que, seg\u00fan coment\u00f3, podr\u00edan estar relacionadas con la proliferaci\u00f3n de mosquitos. \u201cLes grab\u00e9 un poco de recorrido y les grab\u00e9 las fosas desbordadas para que ustedes vean que por eso tiene que haber tantos mosquitos que nos pican y nos proporcionan la enfermedad\u201d, explic\u00f3.<\/p>\n<p>La joven cont\u00f3 que visit\u00f3 a sus abuelos con su hijo, compr\u00f3 jugos y panecillos para ayudarlos en la recuperaci\u00f3n y pas\u00f3 la tarde con ellos. \u201cPara eso solo mandan abundante l\u00edquido y paracetamol para el dolor, nada m\u00e1s\u201d, agreg\u00f3.<\/p>\n<p>El testimonio se difunde en medio de una compleja situaci\u00f3n epidemiol\u00f3gica en Cuba, marcada por la <a href=\"https:\/\/www.cibercuba.com\/noticias\/2025-10-04-u207888-e207888-s27061-nid312297-cuba-enfrenta-crisis-arbovirosis-combinadas\" rel=\"nofollow noopener\" target=\"_blank\">circulaci\u00f3n simult\u00e1nea de dengue, chikungunya y virus de Oropouche<\/a>, una crisis de salud p\u00fablica que a\u00fan no es reconocida oficialmente por el Ministerio de Salud P\u00fablica como \u201carbovirosis combinadas\u201d, pese a la evidencia m\u00e9dica y cient\u00edfica disponible.<\/p>\n<p>En Matanzas, los contagios se han disparado desde julio y varios municipios han sido identificados como zonas afectadas. Mientras las autoridades locales admiten la expansi\u00f3n del dengue y del chikungunya, han <a href=\"https:\/\/www.cibercuba.com\/noticias\/2025-10-04-u1-e207888-s27061-nid312288-autoridades-matanzas-niegan-fallecidos-pese\" rel=\"nofollow noopener\" target=\"_blank\">negado oficialmente la existencia de fallecidos<\/a> vinculados a los brotes, aunque persiste el silencio institucional sobre algunos diagn\u00f3sticos concretos.<\/p>\n<p>Los problemas tambi\u00e9n alcanzan a la atenci\u00f3n m\u00e9dica. En el hospital de C\u00e1rdenas, pacientes y familiares han se\u00f1alado que <a href=\"https:\/\/www.cibercuba.com\/noticias\/2025-10-03-u1-e209363-s27061-nid312259-autoridades-niegan-suspension-pruebas-laboratorio\" rel=\"nofollow noopener\" target=\"_blank\">deben costear reactivos y medicamentos<\/a> por su cuenta debido a la falta de insumos, a pesar de los desmentidos del sistema de salud provincial.<\/p>\n<p>Adem\u00e1s de C\u00e1rdenas, otros cinco municipios \u2014incluyendo Col\u00f3n, Jovellanos y Pedro Betancourt\u2014 presentan alta incidencia de casos. Las acciones de control vectorial, sin embargo, se ven limitadas por la escasez de insecticidas, bazucas y personal, seg\u00fan <a href=\"https:\/\/www.cibercuba.com\/noticias\/2025-09-25-u1-e207888-s27061-nid312155-explosion-casos-dengue-chikungunya-seis-municipios-matanzas\" rel=\"nofollow noopener\" target=\"_blank\">han reconocido las propias autoridades sanitarias<\/a>.<\/p>\n<p>El video de la usuaria ha generado m\u00faltiples comentarios de apoyo, recomendaciones sobre hidrataci\u00f3n y mensajes afectuosos para su familia. En la grabaci\u00f3n, ella concluye: \u201cEllos se levantan los \u00e1nimos nada m\u00e1s que nos ven llegar\u201d, en referencia al impacto emocional positivo de su visita y la presencia del bisnieto.<\/p>\n","protected":false},"excerpt":{"rendered":"Una cubana identificada en TikTok como @briana_matancera comparti\u00f3 un testimonio en el que relata c\u00f3mo el dengue ha&hellip;\n","protected":false},"author":2,"featured_media":160052,"comment_status":"","ping_status":"","sticky":false,"template":"","format":"standard","meta":{"footnotes":""},"categories":[92],"tags":[47550,2216,1293,18606,25,24,165,4363,4360,166,23,5889,1018],"class_list":{"0":"post-160051","1":"post","2":"type-post","3":"status-publish","4":"format-standard","5":"has-post-thumbnail","7":"category-salud","8":"tag-ancianos-cubanos","9":"tag-dengue","10":"tag-enfermedades","11":"tag-epidemias","12":"tag-es","13":"tag-espana","14":"tag-health","15":"tag-matanzas","16":"tag-noticias-de-cuba","17":"tag-salud","18":"tag-spain","19":"tag-tiktok","20":"tag-videos"},"share_on_mastodon":{"url":"","error":""},"_links":{"self":[{"href":"https:\/\/www.europesays.com\/es\/wp-json\/wp\/v2\/posts\/160051","targetHints":{"allow":["GET"]}}],"collection":[{"href":"https:\/\/www.europesays.com\/es\/wp-json\/wp\/v2\/posts"}],"about":[{"href":"https:\/\/www.europesays.com\/es\/wp-json\/wp\/v2\/types\/post"}],"author":[{"embeddable":true,"href":"https:\/\/www.europesays.com\/es\/wp-json\/wp\/v2\/users\/2"}],"replies":[{"embeddable":true,"href":"https:\/\/www.europesays.com\/es\/wp-json\/wp\/v2\/comments?post=160051"}],"version-history":[{"count":0,"href":"https:\/\/www.europesays.com\/es\/wp-json\/wp\/v2\/posts\/160051\/revisions"}],"wp:featuredmedia":[{"embeddable":true,"href":"https:\/\/www.europesays.com\/es\/wp-json\/wp\/v2\/media\/160052"}],"wp:attachment":[{"href":"https:\/\/www.europesays.com\/es\/wp-json\/wp\/v2\/media?parent=160051"}],"wp:term":[{"taxonomy":"category","embeddable":true,"href":"https:\/\/www.europesays.com\/es\/wp-json\/wp\/v2\/categories?post=160051"},{"taxonomy":"post_tag","embeddable":true,"href":"https:\/\/www.europesays.com\/es\/wp-json\/wp\/v2\/tags?post=160051"}],"curies":[{"name":"wp","href":"https:\/\/api.w.org\/{rel}","templated":true}]}}