{"id":160061,"date":"2025-10-06T22:22:11","date_gmt":"2025-10-06T22:22:11","guid":{"rendered":"https:\/\/www.europesays.com\/es\/160061\/"},"modified":"2025-10-06T22:22:11","modified_gmt":"2025-10-06T22:22:11","slug":"hay-que-dar-mas-visibilidad-a-las-fiestas","status":"publish","type":"post","link":"https:\/\/www.europesays.com\/es\/160061\/","title":{"rendered":"Hay que dar m\u00e1s visibilidad a las fiestas"},"content":{"rendered":"<p>            Natalia Chueca y Paula Ortiz sellan la paz tras la pol\u00e9mica por el preg\u00f3n en Zaragoza: \u00abHay que dar m\u00e1s visibilidad a las fiestas\u00bb                <\/p>\n<p>Natalia Chueca y Paula Ortiz sellan la paz tras la pol\u00e9mica por el preg\u00f3n en Zaragoza: \u00abHay que dar m\u00e1s visibilidad a las fiestas\u00bb<\/p>\n<p class=\"epigraph\">La alcaldesa de Zaragoza y la cineasta deciden \u00abzanjar la pol\u00e9mica\u00bb con \u00abrespeto mutuo a la libertad de expresi\u00f3n\u00bb<\/p>\n<p class=\"paragraph\">\u00abPresiento que este es el comienzo de una hermosa amistad\u00bb. El cierre de la m\u00edtica \u2018Casablanca\u2019 se podr\u00eda aplicar a la forma en la que se ha puesto fin a varias horas de r\u00e9plicas y contrarr\u00e9plicas, por una cicatriz mal cerrada <a href=\"https:\/\/www.heraldo.es\/noticias\/aragon\/zaragoza\/fiestas-del-pilar\/2025\/10\/06\/natalia-chueca-sobre-el-critico-pregon-de-paula-ortiz-en-los-pilares-de-zaragoza-hay-que-ser-elegante-en-esta-vida-y-no-lo-fue-1859506.html\" title=\"Natalia Chueca, sobre el cr\u00edtico preg\u00f3n de Paula Ortiz en los Pilares de Zaragoza: &quot;Hay que ser elegante en esta vida y no lo fue&quot;\" rel=\"nofollow noopener\" target=\"_blank\">entre la alcaldesa de Zaragoza y una de las pregoneras de las Fiestas del Pilar<\/a>. Natalia Chueca y Paula Ortiz sellaron la paz tras seis horas de dimes y diretes, en los que la pol\u00e9mica fue creciendo a nivel local y nacional, como una bola de nieve que se desliza por una ladera. Hasta que las dos pactaron romperla para que dejara de rodar.<\/p>\n<p>            Conforme a los criterios de<br \/>\n            <a class=\"trustproject_img\" id=\"trustproject_img\" href=\"https:\/\/thetrustproject.org\/\" target=\"_blank\" rel=\"nofollow noopener\" aria-label=\"Trust Project\"><img decoding=\"async\" loading=\"lazy\" src=\"https:\/\/www.heraldo.es\/images\/Trust-Logo-Horizontal.svg\" alt=\"Logo Trust Project\" width=\"200\" height=\"34\"\/><\/a><\/p>\n<p>                <img decoding=\"async\" loading=\"lazy\" src=\"https:\/\/www.europesays.com\/es\/wp-content\/uploads\/2025\/08\/monica-fuentes.jpeg\" class=\"author-image\" width=\"120\" height=\"120\" alt=\"M\u00f3nica Fuentes\"\/><\/p>\n<p>        <a href=\"https:\/\/www.henneo.com\/\" title=\"Grupo Henneo\" class=\"logo\" rel=\"nofollow noopener\" target=\"_blank\"><br \/>\n            <img decoding=\"async\" src=\"https:\/\/www.heraldo.es\/images\/logo_henneo_gris.svg\" alt=\"Logo Henneo\" width=\"559\" height=\"389\" loading=\"lazy\"\/><br \/>\n        <\/a><\/p>\n<p>\u00a9 HERALDO DE ARAGON EDITORA, S.L.U.<br \/>Tel\u00e9fono 976 765 000 \/ &#8211; P\u00ba. Independencia, 29, 50001 Zaragoza &#8211; CIF: B99288763 &#8211; Inscrita en el Registro Mercantil de Zaragoza al Tomo 3796, Libro 0, Folio 177, Secci\u00f3n 8, Hoja Z-50564<br \/>Queda prohibida toda reproducci\u00f3n sin permiso escrito de la empresa a los efectos del art\u00edculo 32.1, p\u00e1rrafo segundo, de la Ley de Propiedad Intelectual<\/p>\n<p>\n                P\u00ba Independencia, 29, 50001 Zaragoza<br \/> Tel\u00e9fono 976 765 000\n            <\/p>\n<p>                    Actualmente tu navegador no permite ejecutar JavaScript. Para poder disfrutar de nuestro contenido es necesario que lo permita.<br \/>\n                                        <img decoding=\"async\" loading=\"lazy\" alt=\"Heraldo logo\" src=\"https:\/\/dkumiip2e9ary.cloudfront.net\/xalok\/heraldo\/especiales\/hola-de-nuevo\/logo-heraldo.svg\" width=\"215\" height=\"43\"\/><\/p>\n","protected":false},"excerpt":{"rendered":"Natalia Chueca y Paula Ortiz sellan la paz tras la pol\u00e9mica por el preg\u00f3n en Zaragoza: \u00abHay que&hellip;\n","protected":false},"author":2,"featured_media":160062,"comment_status":"","ping_status":"","sticky":false,"template":"","format":"standard","meta":{"footnotes":""},"categories":[8],"tags":[17,18,25,24,13,14,43,11,19,20,3883,9,10,15,16,1526,23,12,21,22,47551,491],"class_list":{"0":"post-160061","1":"post","2":"type-post","3":"status-publish","4":"format-standard","5":"has-post-thumbnail","7":"category-espana","8":"tag-breaking-news","9":"tag-breakingnews","10":"tag-es","11":"tag-espana","12":"tag-featured-news","13":"tag-featurednews","14":"tag-fiestas","15":"tag-headlines","16":"tag-latest-news","17":"tag-latestnews","18":"tag-natalia","19":"tag-news","20":"tag-noticias","21":"tag-noticias-destacadas","22":"tag-noticiasdestacadas","23":"tag-polemica","24":"tag-spain","25":"tag-titulares","26":"tag-ultimas-noticias","27":"tag-ultimasnoticias","28":"tag-visibilidad","29":"tag-zaragoza"},"share_on_mastodon":{"url":"","error":""},"_links":{"self":[{"href":"https:\/\/www.europesays.com\/es\/wp-json\/wp\/v2\/posts\/160061","targetHints":{"allow":["GET"]}}],"collection":[{"href":"https:\/\/www.europesays.com\/es\/wp-json\/wp\/v2\/posts"}],"about":[{"href":"https:\/\/www.europesays.com\/es\/wp-json\/wp\/v2\/types\/post"}],"author":[{"embeddable":true,"href":"https:\/\/www.europesays.com\/es\/wp-json\/wp\/v2\/users\/2"}],"replies":[{"embeddable":true,"href":"https:\/\/www.europesays.com\/es\/wp-json\/wp\/v2\/comments?post=160061"}],"version-history":[{"count":0,"href":"https:\/\/www.europesays.com\/es\/wp-json\/wp\/v2\/posts\/160061\/revisions"}],"wp:featuredmedia":[{"embeddable":true,"href":"https:\/\/www.europesays.com\/es\/wp-json\/wp\/v2\/media\/160062"}],"wp:attachment":[{"href":"https:\/\/www.europesays.com\/es\/wp-json\/wp\/v2\/media?parent=160061"}],"wp:term":[{"taxonomy":"category","embeddable":true,"href":"https:\/\/www.europesays.com\/es\/wp-json\/wp\/v2\/categories?post=160061"},{"taxonomy":"post_tag","embeddable":true,"href":"https:\/\/www.europesays.com\/es\/wp-json\/wp\/v2\/tags?post=160061"}],"curies":[{"name":"wp","href":"https:\/\/api.w.org\/{rel}","templated":true}]}}