{"id":160067,"date":"2025-10-06T22:25:19","date_gmt":"2025-10-06T22:25:19","guid":{"rendered":"https:\/\/www.europesays.com\/es\/160067\/"},"modified":"2025-10-06T22:25:19","modified_gmt":"2025-10-06T22:25:19","slug":"el-pp-pone-el-foco-en-el-socialista-david-serrada-ante-la-iniciativa-popular-que-elimina-la-proteccion-legal-a-la-tauromaquia","status":"publish","type":"post","link":"https:\/\/www.europesays.com\/es\/160067\/","title":{"rendered":"El PP pone el foco en el socialista David Serrada ante la iniciativa popular que elimina la protecci\u00f3n legal a la tauromaquia"},"content":{"rendered":"<p><img fetchpriority=\"high\" class=\"v-a-img\" src=\"https:\/\/www.europesays.com\/es\/wp-content\/uploads\/2025\/10\/WhatsApp Image 2025-10-06 at 10.50.12-RAg50rwBHgMwh3bDfkkrnSM-1200x840@Gaceta Salamanca.jpg\" loading=\"eager\" decoding=\"async\" alt=\"Los diputados del PP Mar\u00eda Jes\u00fas Moro, Jos\u00e9 Antonio Berm\u00fadez de Castro y Pedro Samuel Mart\u00edn.\"  width=\"1200\" height=\"840\"\/><\/p>\n<p>Los diputados del PP Mar\u00eda Jes\u00fas Moro, Jos\u00e9 Antonio Berm\u00fadez de Castro y Pedro Samuel Mart\u00edn.          LAYA        <\/p>\n<p>Los diputados nacionales reclaman al diputado del PSOE que rechace o se abstenga para proteger un sector clave para la provincia y una fiesta que es patrimonio de los espa\u00f1oles<\/p>\n<p><a class=\"v-mdl-ath__fig-a\" href=\"https:\/\/www.lagacetadesalamanca.es\/autor\/carlos-rincon-6180.html\" title=\"Carlos Rinc\u00f3n\" rel=\"nofollow noopener\" target=\"_blank\"><br \/>\n<img decoding=\"async\" class=\"v-mdl-ath__img\" src=\"https:\/\/www.europesays.com\/es\/wp-content\/uploads\/2025\/08\/autor-6180-foto-1.png\" alt=\"Carlos Rinc\u00f3n\"\/><br \/>\n<\/a><\/p>\n<p class=\"v-mdl-ath__p v-mdl-ath__p--6\">\nLunes, 6 de octubre 2025, 12:16<\/p>\n<p class=\"v-p\">El <strong>Congreso de los Diputados<\/strong> debatir\u00e1 este martes la Iniciativa Legislativa Popular (ILP) para eliminar la protecci\u00f3n legal que tiene actualmente la tauromaquia en Espa\u00f1a con su consideraci\u00f3n de patrimonio cultural desde 2013. En esta votaci\u00f3n los diputados del Partido Popular por Salamanca han querido fijar el foco en el voto del parlamentario socialista <strong>David Serrada.<\/strong><\/p>\n<p class=\"v-p\">\u00abPuede frenar este nuevo ataque a la fiesta de los toros si vota en contra o se abstiene\u00bb, ha incidido el diputado popular por Salamanca <strong>Jos\u00e9 Antonio Berm\u00fadez de Castro<\/strong>, acompa\u00f1ado por <strong>Mar\u00eda Jes\u00fas Moro y Pedro Samuel Mart\u00edn<\/strong>. \u00abEn Francia y Portugal, iniciativas semejantes han sido rechazadas por sus parlamentos con el voto en contra de los diputados socialistas. Por eso le pedimos al diputado Serrada que no vote en contra del sentido mayoritario, que no vote en contra de los intereses de Salamanca y se pronuncie en contra de la iniciativa legislativa popular que va en contra de la tauromaquia. Nosotros respetamos a quienes no les gustan los toros, pero tambi\u00e9n exigimos respeto a nuestra cultura y a nuestras tradiciones\u00bb, ha se\u00f1alado.<\/p>\n<p class=\"v-p\">\u00abM\u00e1s all\u00e1 de los partidos independentistas que se oponen a la fiesta de los toros por ser precisamente una expresi\u00f3n de la cultura espa\u00f1ola, la tauromaquia no debe tener ideolog\u00eda porque es cultura y es de todos los espa\u00f1oles. Defender la tauromaquia es defender nuestras tradiciones y nuestra libertad cultural. Defender la tauromaquia es defender al mundo rural y su futuro. Y es tambi\u00e9n defender a nuestra tierra, a Salamanca\u00bb, ha destacado.<\/p>\n<p class=\"v-p\">Salamanca es la provincia espa\u00f1ola con mayor porcentaje de su territorio de fincas adehesadas y con mayor n\u00famero de toros bravos del mundo. Alrededor de 50.000 hect\u00e1reas de la provincia est\u00e1n dedicadas a la cr\u00eda del toro de lidia. M\u00e1s de 170 hierros de la ganader\u00eda charra est\u00e1n vinculados a la tauromaquia, siendo adem\u00e1s la tercera provincia espa\u00f1ola con mayor n\u00famero de festejos taurinos, muchos unidos a las fiestas de los pueblos y con un carnaval \u00fanico en el mundo como es el <strong>Carnaval del Toro de Ciudad Rodrigo<\/strong>, ha destacado el diputado nacional. <\/p>\n<p class=\"v-p\">\u00abSabemos que existe una corriente antitaurina en Espa\u00f1a fomentada por los partidos independentistas y por partidos radicales. Pero tambi\u00e9n sabemos una cosa, y eso es lo importante, que el <strong>Partido Socialista<\/strong> puede parar esta censura\u00bb, ha subrayado Berm\u00fadez de Castro.<\/p>\n<p>Reporta un error<\/p>\n","protected":false},"excerpt":{"rendered":"Los diputados del PP Mar\u00eda Jes\u00fas Moro, Jos\u00e9 Antonio Berm\u00fadez de Castro y Pedro Samuel Mart\u00edn. LAYA Los&hellip;\n","protected":false},"author":2,"featured_media":160068,"comment_status":"","ping_status":"","sticky":false,"template":"","format":"standard","meta":{"footnotes":""},"categories":[277],"tags":[1575,373,2429,168,16584,25,24,19104,38113,2748,1150,7108,956,588,39629,11825,23,167,625,374],"class_list":{"0":"post-160067","1":"post","2":"type-post","3":"status-publish","4":"format-standard","5":"has-post-thumbnail","7":"category-toreo","8":"tag-ante","9":"tag-bullfighting","10":"tag-david","11":"tag-deportes","12":"tag-elimina","13":"tag-es","14":"tag-espana","15":"tag-foco","16":"tag-iniciativa","17":"tag-legal","18":"tag-pone","19":"tag-popular","20":"tag-pp","21":"tag-proteccion","22":"tag-serrada","23":"tag-socialista","24":"tag-spain","25":"tag-sports","26":"tag-tauromaquia","27":"tag-toreo"},"share_on_mastodon":{"url":"","error":""},"_links":{"self":[{"href":"https:\/\/www.europesays.com\/es\/wp-json\/wp\/v2\/posts\/160067","targetHints":{"allow":["GET"]}}],"collection":[{"href":"https:\/\/www.europesays.com\/es\/wp-json\/wp\/v2\/posts"}],"about":[{"href":"https:\/\/www.europesays.com\/es\/wp-json\/wp\/v2\/types\/post"}],"author":[{"embeddable":true,"href":"https:\/\/www.europesays.com\/es\/wp-json\/wp\/v2\/users\/2"}],"replies":[{"embeddable":true,"href":"https:\/\/www.europesays.com\/es\/wp-json\/wp\/v2\/comments?post=160067"}],"version-history":[{"count":0,"href":"https:\/\/www.europesays.com\/es\/wp-json\/wp\/v2\/posts\/160067\/revisions"}],"wp:featuredmedia":[{"embeddable":true,"href":"https:\/\/www.europesays.com\/es\/wp-json\/wp\/v2\/media\/160068"}],"wp:attachment":[{"href":"https:\/\/www.europesays.com\/es\/wp-json\/wp\/v2\/media?parent=160067"}],"wp:term":[{"taxonomy":"category","embeddable":true,"href":"https:\/\/www.europesays.com\/es\/wp-json\/wp\/v2\/categories?post=160067"},{"taxonomy":"post_tag","embeddable":true,"href":"https:\/\/www.europesays.com\/es\/wp-json\/wp\/v2\/tags?post=160067"}],"curies":[{"name":"wp","href":"https:\/\/api.w.org\/{rel}","templated":true}]}}