{"id":160075,"date":"2025-10-06T22:35:11","date_gmt":"2025-10-06T22:35:11","guid":{"rendered":"https:\/\/www.europesays.com\/es\/160075\/"},"modified":"2025-10-06T22:35:11","modified_gmt":"2025-10-06T22:35:11","slug":"maite-rosende-traba-premio-a-la-ilustracion-de-obra-literaria-necesitamos-una-sociedad-con-personas-criticas-y-los-libros-ayudan","status":"publish","type":"post","link":"https:\/\/www.europesays.com\/es\/160075\/","title":{"rendered":"Maite Rosende, &#8216;Traba&#8217;, Premio a la Ilustraci\u00f3n de Obra Literaria: \u00abNecesitamos una sociedad con personas cr\u00edticas y los libros ayudan\u00bb"},"content":{"rendered":"<p><a class=\"v-mdl-ath__fig-a\" href=\"https:\/\/www.diariovasco.com\/autor\/jon-agirre-4521.html\" title=\"Jon Agirre\" rel=\"nofollow noopener\" target=\"_blank\"><br \/>\n<img decoding=\"async\" class=\"v-mdl-ath__img\" src=\"https:\/\/www.europesays.com\/es\/wp-content\/uploads\/2025\/09\/autor-4521-foto-1.jpeg\" alt=\"Jon Agirre\"\/><br \/>\n<\/a><\/p>\n<p class=\"v-mdl-ath__p v-mdl-ath__p--6\">\nMartes, 7 de octubre 2025, 02:00<\/p>\n<p class=\"v-p\">Muy agradecida\u00bbpor el reconocimiento a su obra &#8216;Traba&#8217; (Denonartean), Premio Euskadi a la Ilustraci\u00f3n de Obra Literaria y, sobre todo, feliz porque como sociedad \u00abcada vez se entiende mejor\u00bb el trabajo de ilustraci\u00f3n, Maite Rosende (Donostia, 1991) aprovech\u00f3 ayer para reivindicar la labor de los creadores. \u00abTodav\u00eda queda camino por recorrer, las condiciones laborales no siempre son las mejores y a veces continuar es dif\u00edcil. En un momento en el que vivimos con tanta ansiedad y tristeza personalmente me cuesta mucho crear. A veces me pregunto para qu\u00e9 creo, que qu\u00e9 hago con pinturas y libros. Luego pienso que los libros ayudan a que pensemos, a que seamos cr\u00edticos. Y le encuentro sentido\u00bb. Algo de ese positivismo se refleja en la obra, calificada como \u00abuna invitaci\u00f3n a la alegr\u00eda de vivir\u00bb.<\/p>\n<p class=\"v-p\">En muchos casos el trabajo de los ilustradores suele quedar en un segundo plano sobre los escritores y reconocimientos como el Premio Euskadi son \u00abun espaldarazo\u00bb, seg\u00fan cont\u00f3 Rosende. Se suma al Premio Etxepare que recibi\u00f3 la donostiarra el a\u00f1o pasado por el \u00e1lbum &#8216;Mamuki&#8217; \u2013creado junto a Nerea Ariznabarreta\u2013, aunque no por ello se siente un referente para otros. \u00abNo pienso en ello\u00bb, responde entre risas. Tampoco quiere lanzar las campanas al vuelo porque recalca que la situaci\u00f3n en un sector como el suyo \u00abes muy inestable, irregular y cambiante\u00bb. <\/p>\n<p><a href=\"http:\/\/www.diariovasco.com\/culturas\/libros\/haurrak-oso-irakurle-zorrotzak-dira-eragiten-duzun-20251007000658-nt.html#vtm_modulosEngag=mod-rel:culturas:noticia:1:cmp:2-not\" class=\"v-a-link\" title=\"\u00abHaurrak oso irakurle zorrotzak dira, eragiten duzun hori ez duzu beste inon lortzen\u00bb\" rel=\"nofollow noopener\" target=\"_blank\"><br \/>\n<img decoding=\"async\" loading=\"lazy\" class=\"v-a-img\" src=\"https:\/\/www.europesays.com\/es\/wp-content\/uploads\/2025\/10\/109132394-khrH--366x256@Diario Vasco.jpg\" alt=\"\u00abHaurrak oso irakurle zorrotzak dira, eragiten duzun hori ez duzu beste inon lortzen\u00bb\"\/><br \/>\n<\/a><\/p>\n<p><a href=\"http:\/\/www.diariovasco.com\/culturas\/libros\/sari-honekin-euskal-kulturaren-taldean-debutatu-dudala-20251007201916-nt.html#vtm_modulosEngag=mod-rel:culturas:noticia:2:cmp:2-not\" class=\"v-a-link\" title=\"\u00abSari honekin euskal kulturaren taldean debutatu dudala sentitzen dut\u00bb\" rel=\"nofollow noopener\" target=\"_blank\"><br \/>\n<img decoding=\"async\" loading=\"lazy\" class=\"v-a-img\" src=\"https:\/\/www.europesays.com\/es\/wp-content\/uploads\/2025\/10\/109132399-kGEG--366x256@Diario Vasco.jpg\" alt=\"\u00abSari honekin euskal kulturaren taldean debutatu dudala sentitzen dut\u00bb\"\/><br \/>\n<\/a><\/p>\n<p class=\"v-p\">El jurado destac\u00f3 la \u00abpropuesta valiente, tanto por la elecci\u00f3n crom\u00e1tica como por la figuraci\u00f3n\u00bb de las im\u00e1genes y la donostiarra explic\u00f3 que limitar el n\u00famero de colores con los que trabajar le facilita crear o llevar a cabo la idea que tiene en mente. \u00abSi cojo cinco me ayuda vsiualmente, en la composici\u00f3n y a la hora de crear im\u00e1genes\u00bb. En este caso ha optado por los tres colores b\u00e1sicos, el negro y el morado.<\/p>\n<p class=\"v-p\">De estas \u00faltimas el fallo valora su \u00abfiguraci\u00f3n\u00bb y cierto \u00abtoque expresionista\u00bb, que ha ido muy de la mano del texto. Se nota en el resultado, opina el jurado, ya que \u00abse integran magistralmente\u00bb. Y con un trazo \u00ablimpio y personal\u00bb.<\/p>\n<p>Reporta un error<\/p>\n","protected":false},"excerpt":{"rendered":"Martes, 7 de octubre 2025, 02:00 Muy agradecida\u00bbpor el reconocimiento a su obra &#8216;Traba&#8217; (Denonartean), Premio Euskadi a&hellip;\n","protected":false},"author":2,"featured_media":160076,"comment_status":"","ping_status":"","sticky":false,"template":"","format":"standard","meta":{"footnotes":""},"categories":[172],"tags":[25500,224,6621,146,147,25,24,225,23],"class_list":{"0":"post-160075","1":"post","2":"type-post","3":"status-publish","4":"format-standard","5":"has-post-thumbnail","7":"category-libros","8":"tag-ayudan","9":"tag-books","10":"tag-criticas","11":"tag-entertainment","12":"tag-entretenimiento","13":"tag-es","14":"tag-espana","15":"tag-libros","16":"tag-spain"},"share_on_mastodon":{"url":"","error":""},"_links":{"self":[{"href":"https:\/\/www.europesays.com\/es\/wp-json\/wp\/v2\/posts\/160075","targetHints":{"allow":["GET"]}}],"collection":[{"href":"https:\/\/www.europesays.com\/es\/wp-json\/wp\/v2\/posts"}],"about":[{"href":"https:\/\/www.europesays.com\/es\/wp-json\/wp\/v2\/types\/post"}],"author":[{"embeddable":true,"href":"https:\/\/www.europesays.com\/es\/wp-json\/wp\/v2\/users\/2"}],"replies":[{"embeddable":true,"href":"https:\/\/www.europesays.com\/es\/wp-json\/wp\/v2\/comments?post=160075"}],"version-history":[{"count":0,"href":"https:\/\/www.europesays.com\/es\/wp-json\/wp\/v2\/posts\/160075\/revisions"}],"wp:featuredmedia":[{"embeddable":true,"href":"https:\/\/www.europesays.com\/es\/wp-json\/wp\/v2\/media\/160076"}],"wp:attachment":[{"href":"https:\/\/www.europesays.com\/es\/wp-json\/wp\/v2\/media?parent=160075"}],"wp:term":[{"taxonomy":"category","embeddable":true,"href":"https:\/\/www.europesays.com\/es\/wp-json\/wp\/v2\/categories?post=160075"},{"taxonomy":"post_tag","embeddable":true,"href":"https:\/\/www.europesays.com\/es\/wp-json\/wp\/v2\/tags?post=160075"}],"curies":[{"name":"wp","href":"https:\/\/api.w.org\/{rel}","templated":true}]}}