{"id":160077,"date":"2025-10-06T22:39:12","date_gmt":"2025-10-06T22:39:12","guid":{"rendered":"https:\/\/www.europesays.com\/es\/160077\/"},"modified":"2025-10-06T22:39:12","modified_gmt":"2025-10-06T22:39:12","slug":"de-un-descenso-anecdotico-a-un-poker-de-titulos","status":"publish","type":"post","link":"https:\/\/www.europesays.com\/es\/160077\/","title":{"rendered":"de un descenso anecd\u00f3tico a un p\u00f3ker de t\u00edtulos"},"content":{"rendered":"<p class=\"ft-text\"><strong>Hansi Flick <\/strong>ha arrancado su <a class=\"ft-link ft-link--decoration\" href=\"https:\/\/www.sport.es\/es\/noticias\/barca\/oficial-hansi-flick-renueva-barca-117635967\" rel=\"nofollow noopener\" target=\"_blank\">segunda temporada como entrenador del FC Barcelona<\/a>. Para muchos, el rendimiento en este a\u00f1o ayudar\u00e1 a determinar si un proyecto deportivo se consolida o si, tras un curso exitoso, aquello fue una excepci\u00f3n. Lo dif\u00edcil no es llegar a la cima, es mantenerse.<\/p>\n<p class=\"ft-text\">Aprovechando el segundo par\u00f3n de selecciones y, a pesar de que todav\u00eda es extremadamente pronto para extraer conclusiones, echamos la vista atr\u00e1s para comprobar c\u00f3mo le fue al t\u00e9cnico alem\u00e1n en sus segundas campa\u00f1as al frente de los diferentes equipos que ha dirigido: <strong>buenos precedentes, pero tambi\u00e9n otros fueron mejorables<\/strong>.<\/p>\n<p>Inicios modestos<\/p>\n<p class=\"ft-text\">Antes de retirarse como futbolista, decidi\u00f3 asumir las riendas del <strong>Victoria Bammental <\/strong>ejerciendo de futbolista y de entrenador. En su primer curso, el 1996\/97 <strong>salv\u00f3 al equipo del descenso<\/strong> dej\u00e1ndolo en 11\u00aa posici\u00f3n de la cuarta divisi\u00f3n alemana. El a\u00f1o siguiente, no obstante, qued\u00f3 relegado hasta la <strong>\u00faltima posici\u00f3n bajando hasta la modesta quinta divisi\u00f3n<\/strong>.<\/p>\n<p class=\"ft-text\">Su siguiente experiencia en los banquillos fue en el <strong>Hoffenheim <\/strong>y en la temporada 2000\/01 <strong>subi\u00f3 al equipo a la cuarta divisi\u00f3n<\/strong>, consolidando el proyecto el curso siguiente en la 13\u00aa posici\u00f3n de la nueva categor\u00eda. Tras ello, se convirti\u00f3 en el entrenador asistente del Salzburgo en la 2006\/07 para, a continuaci\u00f3n, ser el segundo de Joachim L\u00f6w en la selecci\u00f3n alemana hasta el Mundial 2014. Pas\u00f3 a ser el director deportivo de Alemania y, posteriormente, el director general de deportes del Hoffenheim.<\/p>\n<p>El salto a la \u00e9lite<\/p>\n<p class=\"ft-text\">La etapa del <strong>Bayern de M\u00fanich <\/strong>dio comienzo en 2019, aunque en noviembre fue nombrado entrenador interino tras la destituci\u00f3n de Niko Kovac. Aquel curso <strong>gan\u00f3 el triplete<\/strong>: Champions, Liga y Copa. Una temporada de ensue\u00f1o. Para enmarcar. En la 2020\/21 <strong>revalid\u00f3 la Bundesliga, adem\u00e1s de la Supercopa de Alemania, la Supercopa de Europa y el Mundial de Clubs<\/strong>. Sin embargo, cay\u00f3 eliminado en la segunda ronda de la Copa y en Champions fue derrotado por el Paris Saint-Germain en los cuartos de final.<\/p>\n<p class=\"ft-text\">En abril, poco antes de ganar el campeonato liguero, anunci\u00f3 su voluntad de dar por finalizado su etapa en el conjunto b\u00e1varo y un mes despu\u00e9s se oficializ\u00f3 su nuevo cargo como <strong>seleccionador alem\u00e1n<\/strong>. En el primer a\u00f1o, hizo un<strong> pleno a siete victorias<\/strong> en los encuentros clasificatorios para el Mundial de Qatar 2022. Sin embargo, en el torneo, los germanos quedaron<strong> eliminados en la fase de grupos<\/strong> consumando el fin de un ciclo en el combinado nacional.<\/p>\n<p class=\"ft-text\">Ahora, tras un primer a\u00f1o muy exitoso en el <strong>FC Barcelona<\/strong>, ganando la <strong>Liga<\/strong>, la <strong>Copa <\/strong>y la <strong>Supercopa de Espa\u00f1a <\/strong>-adem\u00e1s de alcanzar las semifinales de la Champions League-, arranca un segundo curso en el que igualar lo logrado la temporada pasada ser\u00e1 muy complicado. El list\u00f3n est\u00e1 muy elevado y Flick deber\u00e1 reinventarse para mantener su dominio nacional y lograr dar un complicado paso m\u00e1s en Europa.<\/p>\n","protected":false},"excerpt":{"rendered":"Hansi Flick ha arrancado su segunda temporada como entrenador del FC Barcelona. Para muchos, el rendimiento en este&hellip;\n","protected":false},"author":2,"featured_media":160078,"comment_status":"","ping_status":"","sticky":false,"template":"","format":"standard","meta":{"footnotes":""},"categories":[93],"tags":[47554,988,168,6258,25,24,4970,13342,16247,23,167],"class_list":{"0":"post-160077","1":"post","2":"type-post","3":"status-publish","4":"format-standard","5":"has-post-thumbnail","7":"category-deportes","8":"tag-anecdotico","9":"tag-anos","10":"tag-deportes","11":"tag-descenso","12":"tag-es","13":"tag-espana","14":"tag-flick","15":"tag-hansi-flick","16":"tag-segundos","17":"tag-spain","18":"tag-sports"},"share_on_mastodon":{"url":"","error":""},"_links":{"self":[{"href":"https:\/\/www.europesays.com\/es\/wp-json\/wp\/v2\/posts\/160077","targetHints":{"allow":["GET"]}}],"collection":[{"href":"https:\/\/www.europesays.com\/es\/wp-json\/wp\/v2\/posts"}],"about":[{"href":"https:\/\/www.europesays.com\/es\/wp-json\/wp\/v2\/types\/post"}],"author":[{"embeddable":true,"href":"https:\/\/www.europesays.com\/es\/wp-json\/wp\/v2\/users\/2"}],"replies":[{"embeddable":true,"href":"https:\/\/www.europesays.com\/es\/wp-json\/wp\/v2\/comments?post=160077"}],"version-history":[{"count":0,"href":"https:\/\/www.europesays.com\/es\/wp-json\/wp\/v2\/posts\/160077\/revisions"}],"wp:featuredmedia":[{"embeddable":true,"href":"https:\/\/www.europesays.com\/es\/wp-json\/wp\/v2\/media\/160078"}],"wp:attachment":[{"href":"https:\/\/www.europesays.com\/es\/wp-json\/wp\/v2\/media?parent=160077"}],"wp:term":[{"taxonomy":"category","embeddable":true,"href":"https:\/\/www.europesays.com\/es\/wp-json\/wp\/v2\/categories?post=160077"},{"taxonomy":"post_tag","embeddable":true,"href":"https:\/\/www.europesays.com\/es\/wp-json\/wp\/v2\/tags?post=160077"}],"curies":[{"name":"wp","href":"https:\/\/api.w.org\/{rel}","templated":true}]}}