{"id":160087,"date":"2025-10-06T22:44:09","date_gmt":"2025-10-06T22:44:09","guid":{"rendered":"https:\/\/www.europesays.com\/es\/160087\/"},"modified":"2025-10-06T22:44:09","modified_gmt":"2025-10-06T22:44:09","slug":"guerra-israel-el-vaticano-bendice-las-manifestaciones-contra-la-carniceria-de-gaza-es-senal-de-que-no-estamos-condenados-a-la-indiferencia-internacional","status":"publish","type":"post","link":"https:\/\/www.europesays.com\/es\/160087\/","title":{"rendered":"Guerra Israel : El Vaticano bendice las manifestaciones contra la \u201ccarnicer\u00eda\u201d de Gaza: \u201cEs se\u00f1al de que no estamos condenados a la indiferencia\u201d | Internacional"},"content":{"rendered":"<p class=\"\">El Vaticano ve con buenos ojos <a href=\"https:\/\/elpais.com\/internacional\/2025-10-04\/el-apoyo-a-palestina-inunda-las-calles-de-europa.html\" target=\"_self\" rel=\"nofollow noopener\" title=\"https:\/\/elpais.com\/internacional\/2025-10-04\/el-apoyo-a-palestina-inunda-las-calles-de-europa.html\">las masivas manifestaciones<\/a> e iniciativas de la sociedad civil organizadas en el mundo a favor de Gaza y contra la ofensiva de Israel, a la que llama \u201ccarnicer\u00eda\u201d sin muchos rodeos: \u201dEs se\u00f1al de que no estamos condenados a la indiferencia. Debemos tomar en serio ese deseo de paz, ese deseo de compromiso\u2026 Nuestro futuro depende de ello, el futuro de nuestro mundo depende de ello\u201d. As\u00ed lo ha expresado el <a href=\"https:\/\/elpais.com\/internacional\/2025-05-02\/maniobras-de-desgaste-contra-los-dos-principales-papables-un-video-de-tagle-cantando-imagine-y-falsos-achaques-de-parolin.html\" target=\"_self\" rel=\"nofollow noopener\" title=\"https:\/\/elpais.com\/internacional\/2025-05-02\/maniobras-de-desgaste-contra-los-dos-principales-papables-un-video-de-tagle-cantando-imagine-y-falsos-achaques-de-parolin.html\">secretario de Estado de la Santa Sede, Pietro Parolin<\/a>, en una sorprendente entrevista publicada este lunes <a href=\"https:\/\/www.vaticannews.va\/es\/vaticano\/news\/2025-10\/pietro-parolin-7-de-octubre-y-gaza-istrael-entrevista.html\" target=\"_self\" rel=\"nofollow noopener\" title=\"https:\/\/www.vaticannews.va\/es\/vaticano\/news\/2025-10\/pietro-parolin-7-de-octubre-y-gaza-istrael-entrevista.html\">en el Osservatore Romano<\/a>, el diario vaticano. <\/p>\n<p class=\"\">Sorprendente porque no es habitual que la Santa Sede se manifieste en t\u00e9rminos tan claros y contundentes, con cr\u00edticas directas o poco disimuladas a Israel, a Estados Unidos y a la comunidad internacional. Y porque interviene de lleno en apoyo de las movilizaciones populares, que en algunos casos, como en la propia Italia, han sido criticadas o ridiculizadas por gobiernos y autoridades. Es m\u00e1s, relativiza los incidentes que se registraron en Italia como obra de \u201cpocos facinerosos\u201d, mientras precisamente el Gobierno de derecha de Giorgia Meloni puso el foco en ellos para desacreditar las protestas. En cambio, Parolin dice claramente que la Iglesia se coloca de su lado y los creyentes no pueden ser meros espectadores. <\/p>\n<p class=\"\">Ante quienes en la propia Iglesia consideran que no es bueno \u201cbajar a la calle\u201d, como le pregunta el periodista, el n\u00famero dos del Vaticano replica: \u201cPensar que nuestro papel, como cristianos, es encerrarnos en sacrist\u00edas, me parece profundamente err\u00f3neo. La oraci\u00f3n tambi\u00e9n exige compromiso, testimonio y decisiones concretas\u201d. <\/p>\n<p class=\"\">Parolin recuerda que \u201cla fe cristiana o se encarna o no es&#8230; Somos seguidores de un Dios que se hizo hombre asumiendo nuestra humanidad y nos ha testimoniado que no podemos ser indiferentes a lo que sucede a nuestro alrededor y tampoco lejos de nosotros\u201d. Por eso, aunque <a href=\"https:\/\/elpais.com\/internacional\/2025-10-06\/el-periodista-de-el-pais-en-la-flotilla-de-gaza-no-hay-medicos-para-animales-como-vosotros-nos-dijeron-los-guardias-israelies.html\" target=\"_self\" rel=\"nofollow noopener\" title=\"https:\/\/elpais.com\/internacional\/2025-10-06\/el-periodista-de-el-pais-en-la-flotilla-de-gaza-no-hay-medicos-para-animales-como-vosotros-nos-dijeron-los-guardias-israelies.html\">no cita expresamente la flotilla humanitaria<\/a>, apoya \u201cel compromiso concreto, la movilizaci\u00f3n de las conciencias, las iniciativas de paz, la sensibilizaci\u00f3n, incluso a costa de parecer \u2018fuera del mundo\u2019, incluso a costa del riesgo: hay una mayor\u00eda silenciosa \u2014incluidos muchos j\u00f3venes\u2014 que no se rinde ante esta inhumanidad\u201d.<\/p>\n<p class=\"\">Es un <a href=\"https:\/\/elpais.com\/sociedad\/2025-09-14\/el-papa-en-su-primera-entrevista-estoy-aprendiendo-mucho-y-me-siento-desafiado-pero-no-abrumado-tuve-que-saltar-a-la-piscina-muy-rapidamente.html\" target=\"_self\" rel=\"nofollow noopener\" title=\"https:\/\/elpais.com\/sociedad\/2025-09-14\/el-papa-en-su-primera-entrevista-estoy-aprendiendo-mucho-y-me-siento-desafiado-pero-no-abrumado-tuve-que-saltar-a-la-piscina-muy-rapidamente.html\">movimiento interesante de Le\u00f3n XIV<\/a>, hasta ahora muy prudente pero que <a href=\"https:\/\/elpais.com\/sociedad\/2025-09-15\/leon-xiv-el-desaparecido.html\" target=\"_self\" rel=\"nofollow noopener\" title=\"https:\/\/elpais.com\/sociedad\/2025-09-15\/leon-xiv-el-desaparecido.html\">empieza a ense\u00f1ar sus cartas<\/a>: hace asumir a Parolin un protagonismo que con Francisco no ten\u00eda (pues lo ten\u00eda el papa argentino), con un papel m\u00e1s pol\u00edtico, como complemento de un pont\u00edfice m\u00e1s espiritual. El secretario de Estado, que dirige la diplomacia vaticana, alaba las movilizaciones populares poni\u00e9ndolas en contraste con la pasividad de la comunidad internacional: \u201cSin duda, puede hacer mucho m\u00e1s de lo que hace actualmente. No basta con simplemente decir que lo que est\u00e1 sucediendo es inaceptable y luego seguir permitiendo que suceda. Es necesario plantearse preguntas serias sobre si es l\u00edcito, por ejemplo, seguir suministrando armas que se utilizan contra la poblaci\u00f3n civil (\u2026) Me parece evidente que la comunidad internacional se ve por desgracia impotente y que los pa\u00edses en condiciones de influir verdaderamente en la situaci\u00f3n no lo han hecho para detener la carnicer\u00eda en marcha\u201d.<\/p>\n<p class=\"\">En v\u00edsperas del segundo aniversario del ataque terrorista de Ham\u00e1s del 7 de octubre de 2023, Parolin comienza la entrevista con una condena sin paliativos de una \u201cmasacre indigna e inhumana\u201d y pide la liberaci\u00f3n de los rehenes. Pero a continuaci\u00f3n critica severamente a Israel: \u201cQuien ha sido atacado tiene derecho a defenderse, pero incluso la leg\u00edtima defensa debe respetar el principio de proporcionalidad. Desafortunadamente, la guerra resultante ha tenido consecuencias desastrosas e inhumanas&#8230; Estoy conmocionado y angustiado por el recuento diario de muertes en Palestina, decenas, a veces cientos, al d\u00eda, innumerables ni\u00f1os cuyo \u00fanico delito parece ser haber nacido all\u00ed: \u00a1corremos el riesgo de acostumbrarnos a esta carnicer\u00eda! Personas asesinadas mientras intentan alcanzar un trozo de pan, sepultadas bajo los escombros de sus casas, bombardeadas en hospitales, en ciudades de tiendas de campa\u00f1a, personas desplazadas obligadas a trasladarse de una parte a otra de ese estrecho y superpoblado territorio\u201d. El alto prelado vaticano considera \u201cinaceptable e injustificable reducir a los seres humanos a meras \u2018v\u00edctimas colaterales\u201d y se\u00f1ala que Israel \u201cno tiene en cuenta que se enfrenta a una poblaci\u00f3n inerme y que ha llegado al l\u00edmite de sus fuerzas\u201d.<\/p>\n<p class=\"\">Parolin tambi\u00e9n condena el antisemitismo como \u201cun c\u00e1ncer\u201d que debe ser erradicado: \u201cNing\u00fan jud\u00edo deber\u00eda ser atacado ni discriminado por ser jud\u00edo, y ning\u00fan palestino deber\u00eda ser atacado ni discriminado por ser palestino, porque \u2014como lamentablemente escuchamos\u2014 es un \u2018terrorista en potencia\u201d. Tampoco deja de se\u00f1alar que hay \u201cnumerosas voces\u201d cr\u00edticas con el actual gobierno israel\u00ed \u201cen Gaza y el resto de Palestina, donde \u2014no olvidemos\u2014 el expansionismo, a menudo violento, de los colonos busca imposibilitar la creaci\u00f3n de un Estado palestino\u201d. Sobre esta cuesti\u00f3n, el n\u00famero dos vaticano recuerda que la Santa Sede ya reconoci\u00f3 el Estado palestino hace diez a\u00f1os. \u201cVemos con satisfacci\u00f3n el hecho de que varios pa\u00edses hayan reconocido el Estado de Palestina. Sin embargo, no podemos no notar con preocupaci\u00f3n que las declaraciones y decisiones israel\u00edes van en la direcci\u00f3n contraria: pretenden impedir para siempre el posible nacimiento de un verdadero Estado palestino\u201d.<\/p>\n<p class=\"\">Sobre el plan de paz que Donald Trump ha puesto sobre la mesa y se est\u00e1 negociando en este momento, Parolin opina que \u201ccualquier plan que involucre al pueblo palestino en las decisiones sobre su futuro y permita poner fin a esta masacre, liberando a los rehenes y poniendo fin a la matanza diaria de cientos de personas, ser\u00e1 bienvenido y apoyado\u201d.<\/p>\n","protected":false},"excerpt":{"rendered":"El Vaticano ve con buenos ojos las masivas manifestaciones e iniciativas de la sociedad civil organizadas en el&hellip;\n","protected":false},"author":2,"featured_media":160088,"comment_status":"","ping_status":"","sticky":false,"template":"","format":"standard","meta":{"footnotes":""},"categories":[42],"tags":[17,18,38664,68,352,629,13,14,73,69,11,61,62,63,64,74,19,20,16735,9,10,15,16,400,12631,1255,12,21,22,65,66,67],"class_list":{"0":"post-160087","1":"post","2":"type-post","3":"status-publish","4":"format-standard","5":"has-post-thumbnail","7":"category-internacional","8":"tag-breaking-news","9":"tag-breakingnews","10":"tag-ciudad-del-vaticano","11":"tag-conflicto-arabe-israeli","12":"tag-donald-trump","13":"tag-estados-unidos","14":"tag-featured-news","15":"tag-featurednews","16":"tag-franja-gaza","17":"tag-guerra","18":"tag-headlines","19":"tag-internacional","20":"tag-international","21":"tag-international-news","22":"tag-internationalnews","23":"tag-israel","24":"tag-latest-news","25":"tag-latestnews","26":"tag-manifestaciones","27":"tag-news","28":"tag-noticias","29":"tag-noticias-destacadas","30":"tag-noticiasdestacadas","31":"tag-papa-leon-xiv","32":"tag-santa-sede","33":"tag-territorios-palestinos","34":"tag-titulares","35":"tag-ultimas-noticias","36":"tag-ultimasnoticias","37":"tag-world","38":"tag-world-news","39":"tag-worldnews"},"share_on_mastodon":{"url":"","error":""},"_links":{"self":[{"href":"https:\/\/www.europesays.com\/es\/wp-json\/wp\/v2\/posts\/160087","targetHints":{"allow":["GET"]}}],"collection":[{"href":"https:\/\/www.europesays.com\/es\/wp-json\/wp\/v2\/posts"}],"about":[{"href":"https:\/\/www.europesays.com\/es\/wp-json\/wp\/v2\/types\/post"}],"author":[{"embeddable":true,"href":"https:\/\/www.europesays.com\/es\/wp-json\/wp\/v2\/users\/2"}],"replies":[{"embeddable":true,"href":"https:\/\/www.europesays.com\/es\/wp-json\/wp\/v2\/comments?post=160087"}],"version-history":[{"count":0,"href":"https:\/\/www.europesays.com\/es\/wp-json\/wp\/v2\/posts\/160087\/revisions"}],"wp:featuredmedia":[{"embeddable":true,"href":"https:\/\/www.europesays.com\/es\/wp-json\/wp\/v2\/media\/160088"}],"wp:attachment":[{"href":"https:\/\/www.europesays.com\/es\/wp-json\/wp\/v2\/media?parent=160087"}],"wp:term":[{"taxonomy":"category","embeddable":true,"href":"https:\/\/www.europesays.com\/es\/wp-json\/wp\/v2\/categories?post=160087"},{"taxonomy":"post_tag","embeddable":true,"href":"https:\/\/www.europesays.com\/es\/wp-json\/wp\/v2\/tags?post=160087"}],"curies":[{"name":"wp","href":"https:\/\/api.w.org\/{rel}","templated":true}]}}