{"id":160155,"date":"2025-10-06T23:50:15","date_gmt":"2025-10-06T23:50:15","guid":{"rendered":"https:\/\/www.europesays.com\/es\/160155\/"},"modified":"2025-10-06T23:50:15","modified_gmt":"2025-10-06T23:50:15","slug":"la-influencer-anuncia-que-esta-embarazada-por-segunda-vez","status":"publish","type":"post","link":"https:\/\/www.europesays.com\/es\/160155\/","title":{"rendered":"La influencer anuncia que est\u00e1 embarazada por segunda vez"},"content":{"rendered":"<p class=\"ft-text\">Buenas noticias para la familia Remohi Lozano.<strong> La conocida influencer valenciana <\/strong><a class=\"ft-link ft-link--decoration\" href=\"https:\/\/www.levante-emv.com\/tags\/marta-lozano\/\" target=\"_blank\" rel=\"nofollow noopener\"><strong>Marta Lozano<\/strong><\/a><strong> ha compartido en sus <\/strong><a class=\"ft-link ft-link--decoration\" href=\"https:\/\/www.levante-emv.com\/tags\/redes-sociales\/\" target=\"_blank\" rel=\"nofollow noopener\"><strong>redes sociales<\/strong><\/a><strong> que va a ser mam\u00e1 por segunda vez. <\/strong>Con un emotivo v\u00eddeo en el que se ve a Loren, su primer hijo fruto de su relaci\u00f3n con Lorenzo Remohi, golpeando su tripa saludando a su futuro hermanito o hermanita, la celebrity ha compartido la noticia con su mill\u00f3n de seguidores. \u00ab<strong>El amor se multiplica<\/strong>\u00ab, ha escrito junto al v\u00eddeo, grabado en familia en la playa.<\/p>\n<p>Cientos de mensajes en menos de 15 minutos<\/p>\n<p class=\"ft-text\">El post de Lozano<strong> ha corrido como la p\u00f3lvora y se cuentan en cientos los comentarios que ha recibido en menos de un cuarto de hora<\/strong>. Muchos rostros conocidos del mundo &#8216;influencer&#8217; no han tardado en felicitar a la valenciana por su embarazo, algo que tambi\u00e9n han hecho muchos de sus fans an\u00f3nimos.<\/p>\n<p class=\"ft-text\">Marta Lozano es<strong> una de las influencers m\u00e1s conocidas del momento.<\/strong> <a class=\"ft-link ft-link--decoration\" href=\"https:\/\/www.levante-emv.com\/sociedad\/2022\/05\/28\/boda-marta-lozano-preparativos-influencers-javea-66642499.html\" target=\"_blank\" rel=\"nofollow noopener\">Se cas\u00f3 en X\u00e0bia con su pareja, Lorenzo Remoh\u00ed, en mayo de 2022<\/a>. Un a\u00f1o m\u00e1s tarde, en octubre de 2023, anunci\u00f3 que esperaba a su primer hijo.<strong> <\/strong><a class=\"ft-link ft-link--decoration\" href=\"https:\/\/www.levante-emv.com\/sociedad\/2024\/04\/17\/marta-lozano-hijo-influencer-valenciana-dv-101186715.html\" target=\"_blank\" rel=\"nofollow noopener\"><strong>El peque\u00f1o Loren naci\u00f3 el 16 de abril del pasado a\u00f1o<\/strong><\/a><strong>. <\/strong>Nacida, crecida y asentada en Val\u00e8ncia, <a class=\"ft-link ft-link--decoration\" href=\"https:\/\/www.levante-emv.com\/fallas\/2024\/01\/27\/revive-integramente-discurso-marta-lozano-97414193.html\" target=\"_blank\" rel=\"nofollow noopener\">fue mantenedora de la Fallera Mayor de 2024, Mar\u00eda Estela Arlandis<\/a>. Adem\u00e1s, Lozano <strong>tiene una faceta de empresaria con su marca de cosm\u00e9ticos The Glow Filter.<\/strong><\/p>\n","protected":false},"excerpt":{"rendered":"Buenas noticias para la familia Remohi Lozano. La conocida influencer valenciana Marta Lozano ha compartido en sus redes&hellip;\n","protected":false},"author":2,"featured_media":160156,"comment_status":"","ping_status":"","sticky":false,"template":"","format":"standard","meta":{"footnotes":""},"categories":[91],"tags":[1733,36242,146,147,25,24,367,2183,14101,14494,776,1922,47574,23],"class_list":{"0":"post-160155","1":"post","2":"type-post","3":"status-publish","4":"format-standard","5":"has-post-thumbnail","7":"category-entretenimiento","8":"tag-amor","9":"tag-embarazada","10":"tag-entertainment","11":"tag-entretenimiento","12":"tag-es","13":"tag-espana","14":"tag-familia","15":"tag-influencers","16":"tag-lozano","17":"tag-marta","18":"tag-playa","19":"tag-redes-sociales","20":"tag-segundo-hijo","21":"tag-spain"},"share_on_mastodon":{"url":"","error":""},"_links":{"self":[{"href":"https:\/\/www.europesays.com\/es\/wp-json\/wp\/v2\/posts\/160155","targetHints":{"allow":["GET"]}}],"collection":[{"href":"https:\/\/www.europesays.com\/es\/wp-json\/wp\/v2\/posts"}],"about":[{"href":"https:\/\/www.europesays.com\/es\/wp-json\/wp\/v2\/types\/post"}],"author":[{"embeddable":true,"href":"https:\/\/www.europesays.com\/es\/wp-json\/wp\/v2\/users\/2"}],"replies":[{"embeddable":true,"href":"https:\/\/www.europesays.com\/es\/wp-json\/wp\/v2\/comments?post=160155"}],"version-history":[{"count":0,"href":"https:\/\/www.europesays.com\/es\/wp-json\/wp\/v2\/posts\/160155\/revisions"}],"wp:featuredmedia":[{"embeddable":true,"href":"https:\/\/www.europesays.com\/es\/wp-json\/wp\/v2\/media\/160156"}],"wp:attachment":[{"href":"https:\/\/www.europesays.com\/es\/wp-json\/wp\/v2\/media?parent=160155"}],"wp:term":[{"taxonomy":"category","embeddable":true,"href":"https:\/\/www.europesays.com\/es\/wp-json\/wp\/v2\/categories?post=160155"},{"taxonomy":"post_tag","embeddable":true,"href":"https:\/\/www.europesays.com\/es\/wp-json\/wp\/v2\/tags?post=160155"}],"curies":[{"name":"wp","href":"https:\/\/api.w.org\/{rel}","templated":true}]}}