{"id":160173,"date":"2025-10-07T00:12:16","date_gmt":"2025-10-07T00:12:16","guid":{"rendered":"https:\/\/www.europesays.com\/es\/160173\/"},"modified":"2025-10-07T00:12:16","modified_gmt":"2025-10-07T00:12:16","slug":"oncologos-hematologos-y-medicos-de-primaria-presentan-recomendaciones-para-mejorar-el-seguimiento-y-manejo-de-adolescentes-y-adultos-jovenes-supervivientes-de-cancer","status":"publish","type":"post","link":"https:\/\/www.europesays.com\/es\/160173\/","title":{"rendered":"Onc\u00f3logos, hemat\u00f3logos y m\u00e9dicos de primaria presentan recomendaciones para mejorar el seguimiento y manejo de adolescentes y adultos j\u00f3venes supervivientes de c\u00e1ncer"},"content":{"rendered":"<ul>&#13;<\/p>\n<li style=\"text-align: justify;\" data-mce-word-list=\"1\"><strong>SEOM, SEHOP, SEOR, SEHH, SEMERGEN y SEMG <\/strong><strong>unen esfuerzos para establecer pautas que reduzcan secuelas a largo plazo, mejoren la calidad de vida y fortalezcan la transici\u00f3n a la vida adulta de los supervivientes de c\u00e1ncer entre los 15 y 39 a\u00f1os.<\/strong><\/li>\n<p>&#13;<\/p>\n<li style=\"text-align: justify;\" data-mce-word-list=\"1\"><strong>Los expertos apuestan por la creaci\u00f3n de equipos multidisciplinares que integren onc\u00f3logos m\u00e9dicos, pedi\u00e1tricos y radioter\u00e1picos, hemat\u00f3logos, radi\u00f3logos, psic\u00f3logos, trabajadores sociales, dietistas, enfermer\u00eda especializada y Atenci\u00f3n Primaria.<\/strong><\/li>\n<p>&#13;\n<\/ul>\n<p style=\"text-align: justify;\"><strong>Madrid, 6 de octubre de 2025.- <\/strong>El c\u00e1ncer en adolescentes y adultos j\u00f3venes (AYACS, por sus siglas en ingl\u00e9s) constituye un reto sanitario de creciente relevancia. Gracias a los avances terap\u00e9uticos, la supervivencia en este grupo de edad \u2014definido entre los 15 y los 39 a\u00f1os\u2014 ha aumentado de forma sostenida. Sin embargo, estas personas se enfrentan a un horizonte marcado por secuelas f\u00edsicas, psicol\u00f3gicas y sociales que pueden manifestarse a\u00f1os despu\u00e9s del tratamiento. Ante esta realidad, un grupo de expertos pertenecientes a seis sociedades cient\u00edficas ha elaborado un documento de consenso que establece recomendaciones pr\u00e1cticas para mejorar su seguimiento, manejo y calidad de vida.<\/p>\n<p style=\"text-align: justify;\">El trabajo, publicado en la revista Clinical and Translational Oncology (CTO), re\u00fane la visi\u00f3n de la Sociedad Espa\u00f1ola de Oncolog\u00eda M\u00e9dica (SEOM), la Sociedad Espa\u00f1ola de Hematolog\u00eda y Oncolog\u00eda Pedi\u00e1trica (SEHOP), la Sociedad Espa\u00f1ola de Oncolog\u00eda Radioter\u00e1pica (SEOR), la Sociedad Espa\u00f1ola de Hematolog\u00eda y Hemoterapia (SEHH), la Sociedad Espa\u00f1ola de M\u00e9dicos de Atenci\u00f3n Primaria (SEMERGEN) y la Sociedad Espa\u00f1ola de M\u00e9dicos Generales y de Familia (SEMG), y ha contado tambi\u00e9n con la colaboraci\u00f3n de cardi\u00f3logos y psicoonc\u00f3logos.<\/p>\n<p style=\"text-align: justify;\">Los especialistas se\u00f1alan que los AYACS tienen necesidades muy diferentes a las de los pacientes pedi\u00e1tricos y adultos. Durante la adolescencia y la juventud se desarrollan etapas cr\u00edticas de crecimiento personal, acad\u00e9mico, laboral y social. La aparici\u00f3n de toxicidades tard\u00edas \u2014cardiovasculares, metab\u00f3licas, neurocognitivas, \u00f3seas o reproductivas\u2014 puede condicionar gravemente este proceso. A ello se suman los riesgos de segundas neoplasias y un mayor impacto en la salud mental y la integraci\u00f3n social.<\/p>\n<p style=\"text-align: justify;\">Desde la <strong>Sociedad Espa\u00f1ola de Oncolog\u00eda M\u00e9dica (SEOM)<\/strong>, el <strong>Dr. Jos\u00e9 Alejandro P\u00e9rez-Fidalgo<\/strong>, autor principal del trabajo y onc\u00f3logo m\u00e9dico del Hospital Cl\u00ednico Universitario de Valencia, insiste en que \u201clos AYACS constituyen una poblaci\u00f3n especial de personas que, pese a haber superado su enfermedad oncol\u00f3gica, dado que han sido expuestos a m\u00faltiples<\/p>\n<p style=\"text-align: justify;\">tratamientos, pueden presentar comorbilidades y riesgo de toxicidades tard\u00edas. Debido a esta situaci\u00f3n, necesitan un control espec\u00edfico\u201d.\u00a0<\/p>\n<p style=\"text-align: justify;\">Seg\u00fan el Dr. P\u00e9rez-Fidalgo, \u201chasta la fecha, existe una importante escasez de gu\u00edas cl\u00ednicas y estrategias interdisciplinares que ayuden y orienten a los profesionales a realizar un seguimiento apropiado. No existen apenas pautas sobre qu\u00e9 pruebas, cada cu\u00e1nto tiempo y durante cu\u00e1ntos a\u00f1os se debe seguir a estos pacientes. Con la publicaci\u00f3n de este documento de consenso, se ha dado un gran paso para establecer pautas que gu\u00eden a los profesionales\u201d.<\/p>\n<p style=\"text-align: justify;\">\u201cEs necesario disponer de registros epidemiol\u00f3gicos espec\u00edficos de c\u00e1ncer en adolescentes y supervivientes, que cubran todo el territorio nacional y comunidades aut\u00f3nomas, ya que se desconoce la incidencia en nuestro pa\u00eds\u201d, apuntan desde la<strong> Sociedad Espa\u00f1ola de Hematolog\u00eda y Oncolog\u00eda Pedi\u00e1trica (SEHOP)<\/strong> la <strong>Dra. Adela Ca\u00f1ete<\/strong>, su presidenta, y la <strong>Dra. Carmen Garrido<\/strong> y la <strong>Dra. Maitane Andi\u00f3n<\/strong>, autoras del estudio. \u201cAl no conocer la incidencia real \u2013matizan\u2013, tampoco conocemos las secuelas y la morbimortalidad asociada a los tratamientos y la misma enfermedad. La creaci\u00f3n de equipos coordinados en el Sistema Nacional de Salud para el seguimiento de supervivientes y la prevenci\u00f3n de secuelas es una necesidad real que reclamamos los profesionales y los mismos afectados\u201d.<\/p>\n<p style=\"text-align: justify;\">La<strong> Sociedad Espa\u00f1ola de Oncolog\u00eda Radioter\u00e1pica (SEOR)<\/strong> enfatiza el papel clave del onc\u00f3logo radioter\u00e1pico en ayudar a establecer las pautas de seguimiento a largo plazo de estos pacientes. Desde SEOR, subrayan que \u201clos tratamientos de radioterapia han mejorado considerablemente con los avances tecnol\u00f3gicos en los \u00faltimos 10 a\u00f1os en cuanto a la precisi\u00f3n de la administraci\u00f3n del tratamiento. La complejidad de los tratamientos de hoy en d\u00eda nos obliga a individualizar completamente el seguimiento de los pacientes tratados con radioterapia en funci\u00f3n de los \u00f3rganos sanos irradiados y las dosis recibidas por cada uno de ellos, ya que en funci\u00f3n de esto los riesgos a largo plazo ser\u00e1n distintos. Estas dosis recibidas pueden variar considerablemente seg\u00fan las t\u00e9cnicas utilizadas en cada caso, aunque estas sean t\u00e9cnicas precisas y modernas, como la radioterapia con protones o la radioterapia volum\u00e9trica en arco, que son las m\u00e1s utilizadas a d\u00eda de hoy\u201d.<\/p>\n<p style=\"text-align: justify;\">Por su parte, la <strong>Sociedad Espa\u00f1ola de Hematolog\u00eda y Hemoterapia (SEHH)<\/strong> es consciente de que muchos adolescentes y adultos j\u00f3venes han superado leucemias, linfomas y otros c\u00e1nceres hematol\u00f3gicos gracias a los avances terap\u00e9uticos de las \u00faltimas d\u00e9cadas. \u201cNo obstante, estos pacientes pueden arrastrar secuelas f\u00edsicas y emocionales durante a\u00f1os, lo que exige un seguimiento estructurado, coordinado y a largo plazo. Este consenso multidisciplinar supone un paso decisivo para ofrecerles una atenci\u00f3n m\u00e1s integral, con especial atenci\u00f3n a la prevenci\u00f3n de segundas neoplasias, el manejo de toxicidades tard\u00edas y el apoyo psicosocial necesario para retomar sus proyectos vitales con plenitud\u201d, apunta la <strong>Dra. Mar\u00eda Victoria Mateos<\/strong>, presidenta de la SEHH.<\/p>\n<p style=\"text-align: justify;\"><strong>Reto en Atenci\u00f3n Primaria <\/strong><\/p>\n<p style=\"text-align: justify;\">El papel de la Atenci\u00f3n Primaria en el manejo y seguimiento de los AYACS es estrat\u00e9gico. En opini\u00f3n del Dr. <strong>Francesc Xavier D\u00edaz Carrasco<\/strong>, coordinador del Grupo de Trabajo del<\/p>\n<p style=\"text-align: justify;\">Ni\u00f1o y el Adolescente de SEMERGEN, \u201cel seguimiento de adolescentes y adultos j\u00f3venes supervivientes de c\u00e1ncer es un reto relevante en Atenci\u00f3n Primaria, que resulta esencial para detectar toxicidades tard\u00edas e infradiagnosticadas. La Atenci\u00f3n Primaria garantiza la continuidad asistencial tras el alta hospitalaria y ofrece un seguimiento integral \u2013f\u00edsico, metab\u00f3lico, neurocognitivo y psicol\u00f3gico\u2013 gracias a la visi\u00f3n longitudinal del m\u00e9dico de Familia. Adem\u00e1s, desde el primer nivel asistencia se fomentan h\u00e1bitos saludables, se coordina con otros especialistas y se monitoriza riesgos como el tabaquismo, el sedentarismo o la malnutrici\u00f3n. La cercan\u00eda de los profesionales de Atenci\u00f3n Primaria al entorno familiar facilita la detecci\u00f3n de las necesidades psicosociales y educativas. As\u00ed, contribuimos a la equidad y mejora sostenida de la calidad de vida de los supervivientes AYAC\u201d.<\/p>\n<p style=\"text-align: justify;\">Para la <strong>Dra. Pilar Rodr\u00edguez<\/strong>, presidenta de la Sociedad Espa\u00f1ola de M\u00e9dicos Generales y de Familia (SEMG), \u201cla Medicina de Familia acompa\u00f1a de forma continua y cercana a los adolescentes y adultos j\u00f3venes supervivientes de c\u00e1ncer, detectando precozmente complicaciones y promoviendo h\u00e1bitos saludables. Su papel estrat\u00e9gico en la coordinaci\u00f3n multidisciplinar garantiza la mejor calidad de vida para esta poblaci\u00f3n vulnerable\u201d.<\/p>\n<p style=\"text-align: justify;\"><strong>Recomendaciones <\/strong><\/p>\n<p style=\"text-align: justify;\">Entre las recomendaciones que recoge el documento de consenso se encuentran:<\/p>\n<ul style=\"text-align: justify;\">&#13;<\/p>\n<li data-mce-word-list=\"1\">La creaci\u00f3n de equipos multidisciplinares que integren onc\u00f3logos m\u00e9dicos, radioter\u00e1picos y pedi\u00e1tricos, hemat\u00f3logos, radi\u00f3logos, psic\u00f3logos, trabajadores sociales, dietistas, enfermer\u00eda especializada y Atenci\u00f3n Primaria.<\/li>\n<p>&#13;\n<\/ul>\n<ul style=\"text-align: justify;\">&#13;<\/p>\n<li data-mce-word-list=\"1\">La necesidad de garantizar la transici\u00f3n fluida entre los servicios pedi\u00e1tricos y los de adultos, evitando la fragmentaci\u00f3n asistencial.<\/li>\n<p>&#13;\n<\/ul>\n<ul style=\"text-align: justify;\">&#13;<\/p>\n<li data-mce-word-list=\"1\">La entrega de un informe oncol\u00f3gico al alta hospitalaria, que incluya la historia de la enfermedad, tratamientos recibidos, calendario de revisiones, pruebas recomendadas y signos de alerta que deben motivar consulta inmediata.<\/li>\n<p>&#13;\n<\/ul>\n<ul style=\"text-align: justify;\">&#13;<\/p>\n<li data-mce-word-list=\"1\">La incorporaci\u00f3n temprana de evaluaciones neuropsicol\u00f3gicas y apoyo en salud mental, que se prolongue a lo largo de la vida adulta.<\/li>\n<p>&#13;\n<\/ul>\n<ul style=\"text-align: justify;\">&#13;<\/p>\n<li data-mce-word-list=\"1\">La vigilancia espec\u00edfica de factores de riesgo cardiovascular, metab\u00f3lico y \u00f3seo, as\u00ed como programas de detecci\u00f3n precoz de segundas neoplasias.<\/li>\n<p>&#13;\n<\/ul>\n<ul style=\"text-align: justify;\">&#13;<\/p>\n<li data-mce-word-list=\"1\">La inclusi\u00f3n de educaci\u00f3n sanitaria adaptada, que fomente estilos de vida saludables: dieta equilibrada, ejercicio f\u00edsico regular, control de peso y tensi\u00f3n arterial, adem\u00e1s de evitar el consumo de alcohol y tabaco.<\/li>\n<p>&#13;\n<\/ul>\n<p style=\"text-align: justify;\">Asimismo, los autores insisten en que los AYACS deben recibir acompa\u00f1amiento para retomar sus proyectos vitales, desde la reincorporaci\u00f3n acad\u00e9mica y laboral hasta la construcci\u00f3n de una vida familiar y social plena. El apoyo psicol\u00f3gico y la promoci\u00f3n de la resiliencia son fundamentales para minimizar el impacto emocional del c\u00e1ncer en estas etapas.<\/p>\n<p style=\"text-align: justify;\">El documento tambi\u00e9n hace un llamamiento a impulsar la investigaci\u00f3n en esta poblaci\u00f3n. Persisten importantes lagunas en el conocimiento de las toxicidades a largo plazo y en las mejores estrategias para prevenirlas o mitigarlas. En palabras de los especialistas, \u201clos supervivientes de c\u00e1ncer en la adolescencia y juventud no pueden ser considerados \u00fanicamente pacientes curados, son personas con necesidades espec\u00edficas que requieren un seguimiento integral y coordinado para garantizar su plena integraci\u00f3n social y la mejor calidad de vida posible\u201d.<\/p>\n<p style=\"text-align: justify;\">Las recomendaciones de este consenso, que sit\u00faa a Espa\u00f1a a la vanguardia internacional en la atenci\u00f3n de los largos supervivientes de c\u00e1ncer en edades tempranas, sientan las bases no solo para guiar a los especialistas implicados en el seguimiento y manejo de los AYAS sino para constituir una base de colaboraci\u00f3n entre sociedades cient\u00edficas que permitan un mejor cuidado de esta poblaci\u00f3n vulnerable.<\/p>\n<p style=\"text-align: justify;\">El documento de consenso se ha publicado en open access para facilitar su acceso y difusi\u00f3n. Puede acceder al art\u00edculo:<\/p>\n<p style=\"text-align: justify;\"><a href=\"https:\/\/mcusercontent.com\/b0d8b14b096130daf62d315a8\/files\/d8eda5da-325d-ab55-8e2b-b709be1d0582\/s12094_025_04047_0.01.pdf\" rel=\"nofollow noopener\" target=\"_blank\"><a href=\"https:\/\/mcusercontent.com\/b0d8b14b096130daf62d315a8\/files\/d8eda5da-325d-ab55-8e2b-b709be1d0582\/s12094_025_04047_0.01.pdf\" target=\"_blank\" rel=\"noopener nofollow\">https:\/\/mcusercontent.com\/b0d8b14b096130daf62d315a8\/files\/d8eda5da-325d-ab55-8e2b-b709be1d0582\/s12094_025_04047_0.01.pdf<\/a><\/p>\n<p style=\"text-align: justify;\"><a href=\"https:\/\/seom.org\/images\/NdP_Documento_consenso_Recomendaciones_AYACS_FINAL.pdf\" target=\"_blank\" rel=\"nofollow noopener\"><img decoding=\"async\" src=\"https:\/\/www.europesays.com\/es\/wp-content\/uploads\/2025\/10\/icono_pdf.png\" alt=\"icono pdf\"\/>\u00a0Nota de prensa<\/a><\/p>\n","protected":false},"excerpt":{"rendered":"&#13; SEOM, SEHOP, SEOR, SEHH, SEMERGEN y SEMG unen esfuerzos para establecer pautas que reduzcan secuelas a largo&hellip;\n","protected":false},"author":2,"featured_media":160174,"comment_status":"","ping_status":"","sticky":false,"template":"","format":"standard","meta":{"footnotes":""},"categories":[92],"tags":[12543,47583,1066,8105,47587,8106,47582,3298,19733,38692,47591,33325,47588,47581,3384,25,24,165,47592,1667,47579,4863,6241,9785,47584,3613,44754,1817,47590,597,4298,47586,36167,166,47585,23,8768,26620,47580,47589,1064,1077],"class_list":{"0":"post-160173","1":"post","2":"type-post","3":"status-publish","4":"format-standard","5":"has-post-thumbnail","7":"category-salud","8":"tag-adenocarcinoma","9":"tag-bolsa-de-empleo-oncologia","10":"tag-cancer","11":"tag-cancer-de-colon","12":"tag-cancer-de-estomago","13":"tag-cancer-de-mama","14":"tag-cancer-de-piel","15":"tag-cancer-de-prostata","16":"tag-cancer-de-pulmon","17":"tag-cancer-de-vejiga","18":"tag-cancer-pancreas","19":"tag-carcinoma","20":"tag-cervix","21":"tag-cifras-sobre-el-cancer","22":"tag-colorrectal","23":"tag-es","24":"tag-espana","25":"tag-health","26":"tag-hodgkin","27":"tag-informacion","28":"tag-informacion-sobre-cancer","29":"tag-linfoma","30":"tag-melanoma","31":"tag-metastasis","32":"tag-ofertas-de-trabajo-oncologia-medica","33":"tag-oncologia","34":"tag-oncologia-medica","35":"tag-pacientes","36":"tag-pacientes-con-cancer","37":"tag-prevencion","38":"tag-quimioterapia","39":"tag-quimioterapia-efectos-secundarios","40":"tag-radioterapia","41":"tag-salud","42":"tag-sintomas-del-cancer","43":"tag-spain","44":"tag-supervivencia","45":"tag-tipos","46":"tag-tipos-de-cancer","47":"tag-tramiento","48":"tag-tratamiento","49":"tag-tumores"},"share_on_mastodon":{"url":"","error":""},"_links":{"self":[{"href":"https:\/\/www.europesays.com\/es\/wp-json\/wp\/v2\/posts\/160173","targetHints":{"allow":["GET"]}}],"collection":[{"href":"https:\/\/www.europesays.com\/es\/wp-json\/wp\/v2\/posts"}],"about":[{"href":"https:\/\/www.europesays.com\/es\/wp-json\/wp\/v2\/types\/post"}],"author":[{"embeddable":true,"href":"https:\/\/www.europesays.com\/es\/wp-json\/wp\/v2\/users\/2"}],"replies":[{"embeddable":true,"href":"https:\/\/www.europesays.com\/es\/wp-json\/wp\/v2\/comments?post=160173"}],"version-history":[{"count":0,"href":"https:\/\/www.europesays.com\/es\/wp-json\/wp\/v2\/posts\/160173\/revisions"}],"wp:featuredmedia":[{"embeddable":true,"href":"https:\/\/www.europesays.com\/es\/wp-json\/wp\/v2\/media\/160174"}],"wp:attachment":[{"href":"https:\/\/www.europesays.com\/es\/wp-json\/wp\/v2\/media?parent=160173"}],"wp:term":[{"taxonomy":"category","embeddable":true,"href":"https:\/\/www.europesays.com\/es\/wp-json\/wp\/v2\/categories?post=160173"},{"taxonomy":"post_tag","embeddable":true,"href":"https:\/\/www.europesays.com\/es\/wp-json\/wp\/v2\/tags?post=160173"}],"curies":[{"name":"wp","href":"https:\/\/api.w.org\/{rel}","templated":true}]}}