{"id":160200,"date":"2025-10-07T00:39:11","date_gmt":"2025-10-07T00:39:11","guid":{"rendered":"https:\/\/www.europesays.com\/es\/160200\/"},"modified":"2025-10-07T00:39:11","modified_gmt":"2025-10-07T00:39:11","slug":"el-secretario-de-transporte-de-trump-sugiere-que-el-cierre-del-gobierno-puede-comprometer-la-seguridad-aerea-a-partir-del-domingo","status":"publish","type":"post","link":"https:\/\/www.europesays.com\/es\/160200\/","title":{"rendered":"El secretario de Transporte de Trump sugiere que el cierre del Gobierno puede comprometer la seguridad a\u00e9rea a partir del domingo"},"content":{"rendered":"<p class=\"ft-text ft-helper-closenews\">La <strong>seguridad a\u00e9rea de Estados Unidos<\/strong> puede verse <strong>comprometida<\/strong> a partir del <strong>domingo<\/strong> a consecuencia del <strong>cierre parcial del Gobierno<\/strong>. As\u00ed lo ha asegurado el <strong>secretario de Transporte de Donald Trump, Sean Duffy,<\/strong> que en unas pol\u00e9micas declaraciones este lunes ha sugerido que los controladores a\u00e9reos pueden llegar a sus trascendentales trabajos m\u00e1s <strong>estresados o cansados <\/strong>despu\u00e9s del domingo, cuando el gobierno se quedar\u00e1 s<strong>in dinero para garantizar sus sueldos.<\/strong><\/p>\n<p class=\"ft-text\">Los <strong>m\u00e1s de 13.000 controladore<\/strong>s a\u00e9reos de EEUU son parte del personal de infraestructuras cr\u00edticas que se considera indispensable y que, durante un cierre como el que se inici\u00f3 en EEUU, deben seguir trabajando, aunque\u00a0ven diferido el cobro de su salario hasta que el Congreso logre un acuerdo para financiar las operaciones de la Administraci\u00f3n.<\/p>\n<p class=\"ft-text\">En una rueda de prensa en el aeropuerto de Newark (Nueva Jersey), Duffy ha dicho que inicialmente el Gobierno ha encontrado la manera de pagar los sueldos de los controladores hasta el domingo, d\u00eda 12, pero despu\u00e9s es cuando cree que puede haber problemas.<\/p>\n<p class=\"ft-text\">\u201cVan estar<strong> pensando en c\u00f3mo pagar las facturas<\/strong> a las vez que est\u00e1n controlando el espacio a\u00e9reo y eso no me gusta\u201d, ha dicho Duffy. \u201cQueremos que dejen sus problemas personales en la puerta cuando entrar en una torre o unas instalaciones\u201d.<\/p>\n<p class=\"ft-text\">El secretario de Transporte tambi\u00e9n ha asegurado que algunos controladores le han dicho que tendr\u00e1n que <strong>coger trabajos \u201ccomo conductores de Uber\u201d<\/strong> para ganar \u201cel <strong>dinero extra para pagar las facturas<\/strong>\u201d y ha avisado de que llegar\u00e1n a las torres de control \u201ccansados, exhaustos\u201d.<\/p>\n<p class=\"ft-text\">Duffy ha dicho que ya ha empezado a notarse un <strong>\u201cligero ascenso\u201d <\/strong>en el n\u00famero de controladores a\u00e9reos que est\u00e1n llamando al trabajo y <strong>declar\u00e1ndose enfermos. <\/strong>Aunque no ha facilitado n\u00fameros espec\u00edficos, el titular de Transportes ha dicho que si ese fen\u00f3meno sigue increment\u00e1ndose puede haber retrasos.<\/p>\n<p class=\"ft-text\">A principios de <strong>2019<\/strong> el alto n\u00famero de controladores a\u00e9reos que llamaron declar\u00e1ndose enfermos y los problemas que sus ausencias plantearon al tr\u00e1fico a\u00e9reo en EEUU fueron uno de los factores que\u00a0que ayudaron a poner fin al cierre parcial de Gobierno entonces, que se inici\u00f3 en diciembre de 2018 y dur\u00f3 35 d\u00edas. En algunos aeropuertos <strong>se limitaron los vuelos<\/strong> y en otros hubo <strong>considerables retrasos y cancelaciones.\u00a0<\/strong><\/p>\n<p class=\"ft-text\">Aquellos problemas fueron considerados por la Casa Blanca, tambi\u00e9n gobernada entonces por Trump, como un catalizador para buscar un acuerdo que permiti\u00f3 volver a \u00ababrir\u00bb el Gobierno.<\/p>\n<p class=\"ft-text\">En su rueda de prensa Duffy tambi\u00e9n ha dicho que el domingo se acabar\u00e1n los fondos para un programa que da subsidios que garantizan <strong>servicio a\u00e9reo a comunidades peque\u00f1as.<\/strong><\/p>\n<p data-close=\"closedContent\" class=\"subscribeHideForDisplay\">Suscr\u00edbete para seguir leyendo<\/p>\n","protected":false},"excerpt":{"rendered":"La seguridad a\u00e9rea de Estados Unidos puede verse comprometida a partir del domingo a consecuencia del cierre parcial&hellip;\n","protected":false},"author":2,"featured_media":160201,"comment_status":"","ping_status":"","sticky":false,"template":"","format":"standard","meta":{"footnotes":""},"categories":[42],"tags":[22182,17,18,1565,115,629,13,14,582,11,61,62,63,64,19,20,9,10,15,16,11781,585,12,5535,9569,936,21,22,65,66,67],"class_list":{"0":"post-160200","1":"post","2":"type-post","3":"status-publish","4":"format-standard","5":"has-post-thumbnail","7":"category-internacional","8":"tag-aerea","9":"tag-breaking-news","10":"tag-breakingnews","11":"tag-cierre","12":"tag-eeuu","13":"tag-estados-unidos","14":"tag-featured-news","15":"tag-featurednews","16":"tag-gobierno","17":"tag-headlines","18":"tag-internacional","19":"tag-international","20":"tag-international-news","21":"tag-internationalnews","22":"tag-latest-news","23":"tag-latestnews","24":"tag-news","25":"tag-noticias","26":"tag-noticias-destacadas","27":"tag-noticiasdestacadas","28":"tag-problemas","29":"tag-seguridad","30":"tag-titulares","31":"tag-transporte","32":"tag-transporte-aereo","33":"tag-trump","34":"tag-ultimas-noticias","35":"tag-ultimasnoticias","36":"tag-world","37":"tag-world-news","38":"tag-worldnews"},"share_on_mastodon":{"url":"","error":""},"_links":{"self":[{"href":"https:\/\/www.europesays.com\/es\/wp-json\/wp\/v2\/posts\/160200","targetHints":{"allow":["GET"]}}],"collection":[{"href":"https:\/\/www.europesays.com\/es\/wp-json\/wp\/v2\/posts"}],"about":[{"href":"https:\/\/www.europesays.com\/es\/wp-json\/wp\/v2\/types\/post"}],"author":[{"embeddable":true,"href":"https:\/\/www.europesays.com\/es\/wp-json\/wp\/v2\/users\/2"}],"replies":[{"embeddable":true,"href":"https:\/\/www.europesays.com\/es\/wp-json\/wp\/v2\/comments?post=160200"}],"version-history":[{"count":0,"href":"https:\/\/www.europesays.com\/es\/wp-json\/wp\/v2\/posts\/160200\/revisions"}],"wp:featuredmedia":[{"embeddable":true,"href":"https:\/\/www.europesays.com\/es\/wp-json\/wp\/v2\/media\/160201"}],"wp:attachment":[{"href":"https:\/\/www.europesays.com\/es\/wp-json\/wp\/v2\/media?parent=160200"}],"wp:term":[{"taxonomy":"category","embeddable":true,"href":"https:\/\/www.europesays.com\/es\/wp-json\/wp\/v2\/categories?post=160200"},{"taxonomy":"post_tag","embeddable":true,"href":"https:\/\/www.europesays.com\/es\/wp-json\/wp\/v2\/tags?post=160200"}],"curies":[{"name":"wp","href":"https:\/\/api.w.org\/{rel}","templated":true}]}}