{"id":160211,"date":"2025-10-07T00:57:11","date_gmt":"2025-10-07T00:57:11","guid":{"rendered":"https:\/\/www.europesays.com\/es\/160211\/"},"modified":"2025-10-07T00:57:11","modified_gmt":"2025-10-07T00:57:11","slug":"dos-derrotas-que-le-dejan-muy-tocado-el-barca-se-pide-explicaciones-abc","status":"publish","type":"post","link":"https:\/\/www.europesays.com\/es\/160211\/","title":{"rendered":"Dos derrotas que le dejan muy tocado: el Bar\u00e7a se pide explicaciones &#8211; ABC"},"content":{"rendered":"<ol>\n<li><a href=\"https:\/\/news.google.com\/rss\/articles\/CBMirAFBVV95cUxQVHhvd3Rfb1V1QV9SX1pHeTNGX1IzZHhFN2pqSFdPYlR5ZkdPdUpyZzVxdE5WU3dib0txbDFxeUdUSmpZa0pldUlGX0tFQWlvYmx0ZVhpblc4eXZQODlsQ1VOU29UWWpONXhqSDVZUFJ6WHlXdl9LOTg5NmVlWmktWkEwLVhJQmxMRmE3R1ZhQmRDLXVEVkZCWFM3dHdiQzhhT1dySnd1MkEzaGk10gGyAUFVX3lxTE5hanVsdVR0TjFrQnZ1QTNTcGhmUHlkX2g0N090S3IyM3ZUVlFUaXVQNjgxeW5xTTVxZEVYQVdXRW95bWpVaGhVeDliRW42N2JoUVhsMERuem1Kcm9jUVQ4SGtNQzREY0Zya1FrTTdWcGVmLUtaU3JyX2RWeG4yWUYxRE5QaXExSkZfMUthVHhNalU1RG5zR280ei1yWWpTZEZlVFU1R0hWQXVpb0lPVW9WMnc?oc=5\" target=\"_blank\" rel=\"nofollow noopener\">Dos derrotas que le dejan muy tocado: el Bar\u00e7a se pide explicaciones<\/a>&nbsp;&nbsp;ABC<\/li>\n<li><a href=\"https:\/\/news.google.com\/rss\/articles\/CBMimgFBVV95cUxQbndBVGVFd1NpZE9tVTFiTmRuYlhYSjlwN0hYOWQwS0hTSWFSUk01dUpHa25palBQV2I5aXowSzVLd1lOM2hjT2dTRmc2dEgwM1ctT2ZERzUyRlcyTFhxN0ktQlk5NncwaE94Qnk5MnBsOHFWVFNYc0VuT0c4UDIzYzdKcHYyeVkxaC1WU0NYYy0tcGtMZlFWYnNB?oc=5\" target=\"_blank\" rel=\"nofollow noopener\">El ataque condena a la defensa en el Barcelona | F\u00fatbol | Deportes<\/a>&nbsp;&nbsp;EL PA\u00cdS<\/li>\n<li><a href=\"https:\/\/news.google.com\/rss\/articles\/CBMilgFBVV95cUxPU25YNXhxU1FPYVU5c05fWWM3WS1IdWVyVkt2eU82R3I0RjNjcHhFZEZfVVh6OGZ3STY3dnVfM1VnNnBJOXlRbERORm8tRWxGM1VURUYxRmJ5alBaeVpPZ1F2TUROS1JjamhjMTl3UWMzZFBZdnNoekF1Nk5aa3J2Yk80UFNvUHpnMjJUa3NXdGRZeGZjT3c?oc=5\" target=\"_blank\" rel=\"nofollow noopener\">Causas y se\u00f1alados de la semana tr\u00e1gica cul\u00e9<\/a>&nbsp;&nbsp;MARCA<\/li>\n<li><a href=\"https:\/\/news.google.com\/rss\/articles\/CBMifkFVX3lxTE1JZVpGb25uM2NZNUhvRXE5TWhZNW5uMXhRVHVqS0M2VWhqeU00cVI1Y1RPbm5TY3JjaVhjTjFNNjBIZ1N4Tkp5VjJXbnhpSHJOYjd2dWlpMmJ0a3E3UU1CWHpyaTN6QmNVcUtWRTA4TmlQMXZ0REttMV9WQkhHZw?oc=5\" target=\"_blank\" rel=\"nofollow noopener\">\u2018Shit october\u2019, por Llu\u00eds Canut<\/a>&nbsp;&nbsp;La Vanguardia<\/li>\n<li><a href=\"https:\/\/news.google.com\/rss\/articles\/CBMisAFBVV95cUxPUTNodVJLRUdMUERKbW9CbzRQVU5HRFRKZlNiOEpwTVdFc244c0pNRzVvM2FRVU80dWt6Zmp3dEVQYW9IOFJBa3pDRldSWmc4djNoeHBrUVRHcUlza2NORE1KbldBYlVzQXVBQjRPM2FnNkhabWt5R3hYZTFNbkt2aXRKSWxoTEdnem1CeXFLbTd0RWxNa1B3ckVadVhjVzFUOFpPVXNRN0xUUVlrelZZbNIBvgFBVV95cUxOYzc4UjNEbVZYdXRhRkRmWURWX0hJNHFEU0hjYS1yRWlXRkxncXkxRDM3TUJHTVF5NC02QmpTUE5VcFdxTFRNUjRKRGtPdE9YNkFRMnVPUmtpOThWWTV0RU1YQVkxdTl2UmkybENYZklSSFNDQXByWGdOVkx2eURIRkdiWGl1NGo4emVmMm0xdldWc2NGNlJxcTdzZmZYMFVOVFNMcHQ4d2llNXREanJTZ1hkM0tna3lsMktpbEpB?oc=5\" target=\"_blank\" rel=\"nofollow noopener\">Las cinco alarmas del Bar\u00e7a que sonaron en Sevilla<\/a>&nbsp;&nbsp;Mundo Deportivo<\/li>\n<\/ol>\n","protected":false},"excerpt":{"rendered":"Dos derrotas que le dejan muy tocado: el Bar\u00e7a se pide explicaciones&nbsp;&nbsp;ABC El ataque condena a la defensa&hellip;\n","protected":false},"author":2,"featured_media":160212,"comment_status":"","ping_status":"","sticky":false,"template":"","format":"standard","meta":{"footnotes":""},"categories":[93],"tags":[2296,4795,168,47599,1563,25,24,4836,34,23,167,13050],"class_list":{"0":"post-160211","1":"post","2":"type-post","3":"status-publish","4":"format-standard","5":"has-post-thumbnail","7":"category-deportes","8":"tag-barca","9":"tag-dejan","10":"tag-deportes","11":"tag-derrotas","12":"tag-dos","13":"tag-es","14":"tag-espana","15":"tag-explicaciones","16":"tag-pide","17":"tag-spain","18":"tag-sports","19":"tag-tocado"},"share_on_mastodon":{"url":"","error":""},"_links":{"self":[{"href":"https:\/\/www.europesays.com\/es\/wp-json\/wp\/v2\/posts\/160211","targetHints":{"allow":["GET"]}}],"collection":[{"href":"https:\/\/www.europesays.com\/es\/wp-json\/wp\/v2\/posts"}],"about":[{"href":"https:\/\/www.europesays.com\/es\/wp-json\/wp\/v2\/types\/post"}],"author":[{"embeddable":true,"href":"https:\/\/www.europesays.com\/es\/wp-json\/wp\/v2\/users\/2"}],"replies":[{"embeddable":true,"href":"https:\/\/www.europesays.com\/es\/wp-json\/wp\/v2\/comments?post=160211"}],"version-history":[{"count":0,"href":"https:\/\/www.europesays.com\/es\/wp-json\/wp\/v2\/posts\/160211\/revisions"}],"wp:featuredmedia":[{"embeddable":true,"href":"https:\/\/www.europesays.com\/es\/wp-json\/wp\/v2\/media\/160212"}],"wp:attachment":[{"href":"https:\/\/www.europesays.com\/es\/wp-json\/wp\/v2\/media?parent=160211"}],"wp:term":[{"taxonomy":"category","embeddable":true,"href":"https:\/\/www.europesays.com\/es\/wp-json\/wp\/v2\/categories?post=160211"},{"taxonomy":"post_tag","embeddable":true,"href":"https:\/\/www.europesays.com\/es\/wp-json\/wp\/v2\/tags?post=160211"}],"curies":[{"name":"wp","href":"https:\/\/api.w.org\/{rel}","templated":true}]}}