{"id":160268,"date":"2025-10-07T01:52:36","date_gmt":"2025-10-07T01:52:36","guid":{"rendered":"https:\/\/www.europesays.com\/es\/160268\/"},"modified":"2025-10-07T01:52:36","modified_gmt":"2025-10-07T01:52:36","slug":"el-cisne-los-sauces-enciende-las-alarmas","status":"publish","type":"post","link":"https:\/\/www.europesays.com\/es\/160268\/","title":{"rendered":"El Cisne Los Sauces enciende las alarmas"},"content":{"rendered":"<p>No est\u00e1 teniendo un buen inicio de temporada el<strong>\u00a0<a target=\"_blank\" href=\"https:\/\/www.diariodepontevedra.es\/tags\/club-cisne-balonmano\/\" rel=\"nofollow noopener\">Club Cisne Los Sauces<\/a><\/strong> que, adem\u00e1s de las dos derrotas cosechadas en las dos primeras jornadas\u00a0de liga, est\u00e1 siendo v\u00edctima de preocupantes lesiones. Primero fue <strong>V\u00edctor Fern\u00e1ndez<\/strong> y el pasado s\u00e1bado en Sevilla fueron <strong>Alberto Delgado y Linhares<\/strong> los que tuvieron que abandonar el partido, siendo la lesi\u00f3n del primero la de mayor gravedad y la que m\u00e1s preocupa.<\/p>\n<p>Restaba poco para finalizar el encuentro cuando en un contraataque el <strong>extremo blanco<\/strong> qued\u00f3 tirado en el suelo dentro del \u00e1rea rival. Desde el primer momento sus gestos se\u00f1alando su <strong>rodilla <\/strong>demostraron que pod\u00eda ser una lesi\u00f3n de gravedad y la preocupaci\u00f3n fue mayor cuando sus compa\u00f1eros tuvieron que cargarle para ayudarlo a llegar al banquillo, al no ser capaz de apoyar la pierna en el suelo.<\/p>\n<p>Delgado acudi\u00f3 el pasado domingo a urgencias para hacer una <strong>radiograf\u00eda<\/strong>, pero las im\u00e1genes no aportaron claridad, por lo que el jugador est\u00e1 a la espera de poder someterse a una <strong>resonancia <\/strong>con la que esperar conocer el alcance de una lesi\u00f3n que preocupa en el club blanco, ya que todo hace indicar que podr\u00eda ser de <strong>larga duraci\u00f3n<\/strong>, afectando a uno de los jugadores m\u00e1s importantes de la plantilla como ya ocurri\u00f3 con<strong> V\u00edctor Fern\u00e1ndez <\/strong>que se someter\u00e1 un<strong> tratamiento conservador para su lesi\u00f3n de ligamento<\/strong>.<\/p>\n<p>Tras el encuentro ante el Proin<strong> Iv\u00e1n Calvo<\/strong> mostr\u00f3 su preocupaci\u00f3n sobre la lesi\u00f3n de su compa\u00f1ero. El capit\u00e1n blanco asegur\u00f3 que \u00abno pinta bien la cosa con respecto a las lesiones esta temporada. De los \u00faltimos tres partidos tenemos <strong>dos lesionados de gravedad<\/strong>. Primero fue el mazazo de la lesi\u00f3n de V\u00edctor Fern\u00e1ndez y ahora parece que la lesi\u00f3n de Delgado va a ser grave, por las sensaciones que nos dice que tiene\u00bb, una afirmaci\u00f3n que tambi\u00e9n hizo el primera l\u00ednea<strong> Iago Costas<\/strong> que a\u00f1adi\u00f3 que \u00abhabr\u00e1 que esperar a las pruebas que se le realicen la pr\u00f3xima semana -por esta semana-, pero la cosa pinta mal\u00bb.<\/p>\n<p>Linhares, el otro damnificado<\/p>\n<p>Sin embargo sobre la pista sevillana el Cisne Los Sauces no solo perdi\u00f3 a Delgado, si no que el primera l\u00ednea <strong>Guilherme Linhares<\/strong> tambi\u00e9n tuvo que abandonar el encuentro, ayudado por sus compa\u00f1eros, tras una jugada de ataque en la segunda mitad. El primera l\u00ednea blanco se levant\u00f3 por su propio pie, pero con visibles gestos de dolor y se dirigi\u00f3 al banquillo ayudado por su compa\u00f1eros.\u00a0<\/p>\n<p>En este caso, a diferencia de Delgado, la situaci\u00f3n parece m\u00e1s favorable y no hay tanta preocupaci\u00f3n sobre ella. Incluso Iv\u00e1n Calvo aseguraba tras el encuentro que \u00absolo <strong>parece una sobrecarga<\/strong>\u00bb y el jugador ser\u00e1 visto esta semana por el <strong>fisioterapeuta <\/strong>para valorar su situaci\u00f3n y ver como se encuentra.<\/p>\n<p>Por lo de pronto la mayor de las preocupaciones recae sobre Alberto Delgado ya que, a la espera de las pruebas, todo hace pensar que se puede tratar de una lesi\u00f3n de larga duraci\u00f3n. As\u00ed mismo el Cisne Los Sauces se encuentra tambi\u00e9n pendiente de Linhares, todo ello en medio de un inicio de temporada que est\u00e1 marcado por la<strong> plaga de lesiones<\/strong> que parece afectar al equipo y que adem\u00e1s se suma a la <strong>din\u00e1mica de resultados<\/strong>, con <strong>dos derrotas en las dos primeras jornadas<\/strong> de liga.<\/p>\n<p>Una situaci\u00f3n que el Cisne Los Sauces quiere comenzar a revertir cuanto antes. Y es que despu\u00e9s de caer en el derbi ante el <strong>OAR Coru\u00f1a<\/strong> en la primera jornada y de la derrota sufrida en <strong>Sevilla <\/strong>el pasado s\u00e1bado, Iv\u00e1n Calvo es consciente de que \u00abtenemos que empezar a sumar puntos cuanto antes para evitar males mayores\u00bb. \u00abEso nos dar\u00e1 tranquilidad y espero que podamos hacerlo la pr\u00f3xima semana, sin ir m\u00e1s lejos\u00bb, a\u00f1adi\u00f3 el capit\u00e1n blanco.<\/p>\n<p>Y es que los blancos se han encontrado con un inicio en el que los<strong> minutos de desconexi\u00f3n<\/strong> durante los partidos le han pasado factura y, como asegur\u00f3 Iago Costas, \u00aben esta categor\u00eda no puede tener ni cinco, ni tan siquiera un minuto de desconexi\u00f3n ya que cualquier equipo lo aprovecha\u00bb.<\/p>\n","protected":false},"excerpt":{"rendered":"No est\u00e1 teniendo un buen inicio de temporada el\u00a0Club Cisne Los Sauces que, adem\u00e1s de las dos derrotas&hellip;\n","protected":false},"author":2,"featured_media":160269,"comment_status":"","ping_status":"","sticky":false,"template":"","format":"standard","meta":{"footnotes":""},"categories":[278],"tags":[376,16343,168,25,24,375,8252,1146,23,167],"class_list":{"0":"post-160268","1":"post","2":"type-post","3":"status-publish","4":"format-standard","5":"has-post-thumbnail","7":"category-balonmano","8":"tag-balonmano","9":"tag-club-cisne-balonmano","10":"tag-deportes","11":"tag-es","12":"tag-espana","13":"tag-handball","14":"tag-lesion","15":"tag-pontevedra","16":"tag-spain","17":"tag-sports"},"share_on_mastodon":{"url":"","error":""},"_links":{"self":[{"href":"https:\/\/www.europesays.com\/es\/wp-json\/wp\/v2\/posts\/160268","targetHints":{"allow":["GET"]}}],"collection":[{"href":"https:\/\/www.europesays.com\/es\/wp-json\/wp\/v2\/posts"}],"about":[{"href":"https:\/\/www.europesays.com\/es\/wp-json\/wp\/v2\/types\/post"}],"author":[{"embeddable":true,"href":"https:\/\/www.europesays.com\/es\/wp-json\/wp\/v2\/users\/2"}],"replies":[{"embeddable":true,"href":"https:\/\/www.europesays.com\/es\/wp-json\/wp\/v2\/comments?post=160268"}],"version-history":[{"count":0,"href":"https:\/\/www.europesays.com\/es\/wp-json\/wp\/v2\/posts\/160268\/revisions"}],"wp:featuredmedia":[{"embeddable":true,"href":"https:\/\/www.europesays.com\/es\/wp-json\/wp\/v2\/media\/160269"}],"wp:attachment":[{"href":"https:\/\/www.europesays.com\/es\/wp-json\/wp\/v2\/media?parent=160268"}],"wp:term":[{"taxonomy":"category","embeddable":true,"href":"https:\/\/www.europesays.com\/es\/wp-json\/wp\/v2\/categories?post=160268"},{"taxonomy":"post_tag","embeddable":true,"href":"https:\/\/www.europesays.com\/es\/wp-json\/wp\/v2\/tags?post=160268"}],"curies":[{"name":"wp","href":"https:\/\/api.w.org\/{rel}","templated":true}]}}