{"id":160270,"date":"2025-10-07T02:00:26","date_gmt":"2025-10-07T02:00:26","guid":{"rendered":"https:\/\/www.europesays.com\/es\/160270\/"},"modified":"2025-10-07T02:00:26","modified_gmt":"2025-10-07T02:00:26","slug":"una-falta-de-respeto-todas-las-noticias-de-palencia","status":"publish","type":"post","link":"https:\/\/www.europesays.com\/es\/160270\/","title":{"rendered":"\u00abUna falta de respeto\u00bb | Todas las noticias de Palencia"},"content":{"rendered":"<p>Lo que parec\u00eda que iba a ser un partido normal, correspondiente a la jornada 1 de la Divisi\u00f3n de Honor Plata femenina, termin\u00f3 siendo un encuentro con mucha pol\u00e9mica extradeportiva. El choque entre el BM Legan\u00e9s y el Fuentes Carrionas finaliz\u00f3 con victoria por 45-20 a favor de los locales, sin embargo, lo m\u00e1s llamativo fueron los testimonios de ambos clubes y afici\u00f3n sobre el estado de uno de los \u00e1rbitros.<\/p>\n<p>Seg\u00fan el comunicado del Fuentes Carrionas, uno de los colegiados \u00abmostraba claros s\u00edntomas de haber consumido alcohol\u00bb. Incluso, antes de llegar, el colegiado incumpli\u00f3 los tiempos reglamentarios de preparaci\u00f3n, ya que lleg\u00f3 \u00a0a las instalaciones con apenas 15 minutos de antelaci\u00f3n.<br \/>Adem\u00e1s, durante el propio partido protagoniz\u00f3 \u00abactitudes impropias\u00bb. Seg\u00fan el club norte\u00f1o \u00abmantuvo conversaciones con jugadoras en momentos de juego, perdi\u00f3 atenci\u00f3n al partido y \u00a0pronunci\u00f3 expresiones por pinganillo totalmente fuera de lugar\u00bb.<\/p>\n<p>Varias jugadoras que pasaron por su lado pudieron escuchar frases como \u00abhe venido aqu\u00ed para pitar esta puta mierda de partido\u00bb.<br \/>Pese a todo, lo que m\u00e1s malestar produjo dentro del club es que las incidencias no fueron recogidas en el acta arbitral.<\/p>\n<p>Ante esta situaci\u00f3n, el Fuentes Carrionas considera estos hechos \u00abuna falta de respeto hacia los equipos, jugadoras y aficiones, poniendo en riesgo la seguridad de las deportistas, ya que da\u00f1an la imagen de este deporte\u00bb.<\/p>\n<p>Por ello, desde la entidad se ha solicitado al Comit\u00e9 T\u00e9cnico de \u00c1rbitros de la Real Federaci\u00f3n Espa\u00f1ola de Balonmano que investiguen lo ocurrido, \u00abadopt\u00e1ndose las medidas necesarias para que no vuelva a repetirse\u00bb.<\/p>\n<p>\u00abNuestro club seguir\u00e1 defendiendo los valores del respeto, la seriedad y el juego limpio, pilares fundamentales del balonmano y del deporte en general\u00bb, finalizan en el comunicado.<br \/>\u00abDesde el Fuentes Carrionas no estamos buscando una sanci\u00f3n ejemplar, sino que nuestra reclamaci\u00f3n est\u00e1 orientada a evitar este tipo de situaciones\u00bb, destaca el entrenador del equipo, Iker D\u00edaz, en declaraciones a Diario Palentino. El t\u00e9cnico subraya que lo que m\u00e1s le molest\u00f3 fue \u00abla negativa a reflejar lo que ocurri\u00f3 en el acta por parte del otro \u00e1rbitro\u00bb. \u00abEs algo que comentamos con el otro equipo y la gente que estaba all\u00ed por si era solo cosa nuestra, pero todos estaban de acuerdo\u00bb, indic\u00f3.<\/p>\n","protected":false},"excerpt":{"rendered":"Lo que parec\u00eda que iba a ser un partido normal, correspondiente a la jornada 1 de la Divisi\u00f3n&hellip;\n","protected":false},"author":2,"featured_media":160271,"comment_status":"","ping_status":"","sticky":false,"template":"","format":"standard","meta":{"footnotes":""},"categories":[268],"tags":[12572,376,47234,168,25,24,280,282,281,23,167],"class_list":{"0":"post-160270","1":"post","2":"type-post","3":"status-publish","4":"format-standard","5":"has-post-thumbnail","7":"category-futbol","8":"tag-arbitros","9":"tag-balonmano","10":"tag-comite-tecnico-de-arbitros","11":"tag-deportes","12":"tag-es","13":"tag-espana","14":"tag-football","15":"tag-futbol","16":"tag-soccer","17":"tag-spain","18":"tag-sports"},"share_on_mastodon":{"url":"","error":""},"_links":{"self":[{"href":"https:\/\/www.europesays.com\/es\/wp-json\/wp\/v2\/posts\/160270","targetHints":{"allow":["GET"]}}],"collection":[{"href":"https:\/\/www.europesays.com\/es\/wp-json\/wp\/v2\/posts"}],"about":[{"href":"https:\/\/www.europesays.com\/es\/wp-json\/wp\/v2\/types\/post"}],"author":[{"embeddable":true,"href":"https:\/\/www.europesays.com\/es\/wp-json\/wp\/v2\/users\/2"}],"replies":[{"embeddable":true,"href":"https:\/\/www.europesays.com\/es\/wp-json\/wp\/v2\/comments?post=160270"}],"version-history":[{"count":0,"href":"https:\/\/www.europesays.com\/es\/wp-json\/wp\/v2\/posts\/160270\/revisions"}],"wp:featuredmedia":[{"embeddable":true,"href":"https:\/\/www.europesays.com\/es\/wp-json\/wp\/v2\/media\/160271"}],"wp:attachment":[{"href":"https:\/\/www.europesays.com\/es\/wp-json\/wp\/v2\/media?parent=160270"}],"wp:term":[{"taxonomy":"category","embeddable":true,"href":"https:\/\/www.europesays.com\/es\/wp-json\/wp\/v2\/categories?post=160270"},{"taxonomy":"post_tag","embeddable":true,"href":"https:\/\/www.europesays.com\/es\/wp-json\/wp\/v2\/tags?post=160270"}],"curies":[{"name":"wp","href":"https:\/\/api.w.org\/{rel}","templated":true}]}}