{"id":160278,"date":"2025-10-07T02:09:14","date_gmt":"2025-10-07T02:09:14","guid":{"rendered":"https:\/\/www.europesays.com\/es\/160278\/"},"modified":"2025-10-07T02:09:14","modified_gmt":"2025-10-07T02:09:14","slug":"esta-es-la-portada-de-sport-de-hoy-martes-7-de-octubre-de-2025","status":"publish","type":"post","link":"https:\/\/www.europesays.com\/es\/160278\/","title":{"rendered":"Esta es la portada de SPORT de hoy martes, 7 de octubre de 2025"},"content":{"rendered":"<p class=\"ft-text\">El gran protagonista de la portada de SPORT de hoy es Hansi Flick. <strong>El t\u00e9cnico, pese a ver la derrota ante el PSG y el Sevilla, no ha perdido la confianza de la direcci\u00f3n deportiva del club azulgrana. <\/strong><\/p>\n<p><img decoding=\"async\" src=\"https:\/\/www.europesays.com\/es\/wp-content\/uploads\/2025\/10\/3b31beb7-0a61-4ff3-8640-c1ec16560c50_alta-libre-aspect-ratio_default_0.jpg\" width=\"1200\" height=\"1474\" alt=\"Esta es la portada de SPORT de hoy martes, 7 de octubre de 2025\" class=\"ft-helper-img-rd\" loading=\"lazy\" hasdataaida=\"true\"\/><\/p>\n<p class=\"ft-helper-fontColor-quaternary ft-helper-fontSize-body-S ft-helper-spacer-t-xxs\">Esta es la portada de SPORT de hoy martes, 7 de octubre de 2025  \/ SPORT.es<\/p>\n<p class=\"ft-text\"><strong>En el vuelo de vuelta de Sevilla<\/strong>, el presidente Joan Laporta le comunic\u00f3 al t\u00e9cnico alem\u00e1n que lograr\u00e1 los objetivos planeados al inicio de temporada.<\/p>\n<p class=\"ft-text\">El lunes se celebr\u00f3 el sorteo de la nueva edici\u00f3n de la Copa del Rey. El sorteo confirm\u00f3 los rivales tanto de Espanyol como de Girona. <strong>Los pericos se medir\u00e1n ante el At. Lleida y el conjunto giron\u00ed se ver\u00e1 las caras ante el Const\u00e0ncia. <\/strong><\/p>\n<p class=\"ft-text\">Este martes arranca la Champions en el f\u00fatbol femenino. El conjunto azulgrana se mide a las 21:00 ante el Bayern en un debut muy exigente.<\/p>\n<p class=\"ft-text\">En motor, Marc M\u00e1rquez finalmente no pasar\u00e1 por quir\u00f3fano. La escuder\u00eda ha confirmado que el piloto catal\u00e1n se perder\u00e1 los dos pr\u00f3ximos Grandes Premios. <strong>En ciclismo, tras la pol\u00e9mica que se vivi\u00f3 en La Vuelta, se termina el patrocinio de Israel en el Premier Tech. <\/strong><\/p>\n<p class=\"ft-text\"><strong>Todo esto y mucho m\u00e1s en sus quioscos de confianza. <\/strong><\/p>\n","protected":false},"excerpt":{"rendered":"El gran protagonista de la portada de SPORT de hoy es Hansi Flick. El t\u00e9cnico, pese a ver&hellip;\n","protected":false},"author":2,"featured_media":160279,"comment_status":"","ping_status":"","sticky":false,"template":"","format":"standard","meta":{"footnotes":""},"categories":[91],"tags":[146,147,25,24,338,23],"class_list":{"0":"post-160278","1":"post","2":"type-post","3":"status-publish","4":"format-standard","5":"has-post-thumbnail","7":"category-entretenimiento","8":"tag-entertainment","9":"tag-entretenimiento","10":"tag-es","11":"tag-espana","12":"tag-portada","13":"tag-spain"},"share_on_mastodon":{"url":"","error":""},"_links":{"self":[{"href":"https:\/\/www.europesays.com\/es\/wp-json\/wp\/v2\/posts\/160278","targetHints":{"allow":["GET"]}}],"collection":[{"href":"https:\/\/www.europesays.com\/es\/wp-json\/wp\/v2\/posts"}],"about":[{"href":"https:\/\/www.europesays.com\/es\/wp-json\/wp\/v2\/types\/post"}],"author":[{"embeddable":true,"href":"https:\/\/www.europesays.com\/es\/wp-json\/wp\/v2\/users\/2"}],"replies":[{"embeddable":true,"href":"https:\/\/www.europesays.com\/es\/wp-json\/wp\/v2\/comments?post=160278"}],"version-history":[{"count":0,"href":"https:\/\/www.europesays.com\/es\/wp-json\/wp\/v2\/posts\/160278\/revisions"}],"wp:featuredmedia":[{"embeddable":true,"href":"https:\/\/www.europesays.com\/es\/wp-json\/wp\/v2\/media\/160279"}],"wp:attachment":[{"href":"https:\/\/www.europesays.com\/es\/wp-json\/wp\/v2\/media?parent=160278"}],"wp:term":[{"taxonomy":"category","embeddable":true,"href":"https:\/\/www.europesays.com\/es\/wp-json\/wp\/v2\/categories?post=160278"},{"taxonomy":"post_tag","embeddable":true,"href":"https:\/\/www.europesays.com\/es\/wp-json\/wp\/v2\/tags?post=160278"}],"curies":[{"name":"wp","href":"https:\/\/api.w.org\/{rel}","templated":true}]}}