{"id":160284,"date":"2025-10-07T02:13:18","date_gmt":"2025-10-07T02:13:18","guid":{"rendered":"https:\/\/www.europesays.com\/es\/160284\/"},"modified":"2025-10-07T02:13:18","modified_gmt":"2025-10-07T02:13:18","slug":"el-mnac-pide-al-ministerio-de-cultura-un-informe-sobre-el-riesgo-de-trasladar-los-murales-de-sijena-cultura","status":"publish","type":"post","link":"https:\/\/www.europesays.com\/es\/160284\/","title":{"rendered":"El MNAC pide al Ministerio de Cultura un informe sobre el riesgo de trasladar los murales de Sijena | Cultura"},"content":{"rendered":"<p class=\"\">El Ministerio de Cultura se tendr\u00e1 que implicar directamente <a href=\"\" rel=\"\" title=\"\">en la pol\u00e9mica sobre el traslado de los murales rom\u00e1nicos de Sijena<\/a> dictaminados por la Justicia. El pasado viernes el presidente del Museo Nacional de Arte de Catalu\u00f1a (MNAC), Joan Oliveras, envi\u00f3 una carta <a href=\"https:\/\/elpais.com\/cultura\/2025-10-02\/el-ayuntamiento-de-sijena-acusa-a-urtasun-de-posible-obstaculizacion-a-la-devolucion-de-los-murales-romanicos.html\" target=\"_self\" rel=\"nofollow noopener\" title=\"https:\/\/elpais.com\/cultura\/2025-10-02\/el-ayuntamiento-de-sijena-acusa-a-urtasun-de-posible-obstaculizacion-a-la-devolucion-de-los-murales-romanicos.html\">al ministro Ernest Urtasun<\/a> reclam\u00e1ndole un informe sobre la idoneidad de mover las pinturas que ahora se exhiben en el museo pero que se pintaron en el siglo XII sobre las paredes de la sala capitular del monasterio de Santa Mar\u00eda de Sijena. Supon\u00eda la primera vez que el patronato del museo formulaba esa petici\u00f3n pese a la ofensiva documental que lleva realizando para impedir el traslado de las obras, argumentando la gran debilidad estructural en la que se encuentran los murales. El informe lo tendr\u00e1 que realizar el Instituto de Patrimonio Cultural (IPCE), m\u00e1xima autoridad espa\u00f1ola en conservaci\u00f3n y que ya tiene<a href=\"https:\/\/elpais.com\/cultura\/2022-02-16\/el-informe-final-del-ministerio-de-cultura-sobre-la-dama-de-elche-considera-que-su-traslado-tendria-consecuencias-catastroficas.html\" target=\"_self\" rel=\"nofollow noopener\" title=\"https:\/\/elpais.com\/cultura\/2022-02-16\/el-informe-final-del-ministerio-de-cultura-sobre-la-dama-de-elche-considera-que-su-traslado-tendria-consecuencias-catastroficas.html\"> antecedentes de informes t\u00e9cnicos que mostraban su oposici\u00f3n al traslado de obras<\/a>. La misma petici\u00f3n realizada a Urtasun se ha trasladado este lunes al Juzgado n\u00famero 2 de Primera Instancia de Huesca que tiene sobre su mesa la sentencia. <\/p>\n<p class=\"\">Lo que reclama exactamente el MNAC es un proyecto de conservaci\u00f3n que tenga en cuenta el cambio de ubicaci\u00f3n de las im\u00e1genes que vest\u00edan las paredes y los arcos de la sala capitular del monasterio de Sijena. Entienden los t\u00e9cnicos que es dif\u00edcil conseguir una adecuaci\u00f3n, porque una vez arrancados los murales estos fueron ubicados en bastidores de madera que ahora no cabr\u00edan en los arcos del monasterio de Sijena. Asimismo, con esa petici\u00f3n se obliga tambi\u00e9n a conocer las condiciones del cenobio oscense y si cumple las condiciones ambientales necesarias para prolongar el estado de una obra que ofrece s\u00edntomas de gran fragilidad. En la carta de Oliveras se destaca que la operaci\u00f3n de traslado no atiende a comparaciones y que su ejecuci\u00f3n es dif\u00edcil. Dada la dificultad t\u00e9cnica y que la tutela y la protecci\u00f3n de una obra catalogada como Bien de Inter\u00e9s Cultural (BIC) recae en el Estado, demandan un informe pericial del IPCE, seg\u00fan la documentaci\u00f3n aportada al juzgado. <\/p>\n<p class=\"\">El Ministerio de Cultura forma parte del patronato del museo catal\u00e1n junto a la Generalitat, el Ayuntamiento de Barcelona y otros representantes sociales. <a href=\"https:\/\/elpais.com\/cultura\/2025-10-02\/el-ayuntamiento-de-sijena-acusa-a-urtasun-de-posible-obstaculizacion-a-la-devolucion-de-los-murales-romanicos.html\" target=\"_self\" rel=\"nofollow noopener\" title=\"https:\/\/elpais.com\/cultura\/2025-10-02\/el-ayuntamiento-de-sijena-acusa-a-urtasun-de-posible-obstaculizacion-a-la-devolucion-de-los-murales-romanicos.html\">Su protagonismo en el litigio, sin embargo, ha sido hasta ahora escaso<\/a>. Un ejemplo es que entre la documentaci\u00f3n aportada a la jueza encargada de ejecutar la sentencia de la devoluci\u00f3n de los murales hay un informe sellado por la Generalitat y el Ayuntamiento de Barcelona que aconseja precauciones extraordinarias antes de tomar una decisi\u00f3n final, no as\u00ed de ning\u00fan t\u00e9cnico ministerial. <\/p>\n<p class=\"\">En paralelo a la carta al ministro, el MNAC tambi\u00e9n ha pedido este lunes a la jueza de Huesca que tiene que dictar la ejecuci\u00f3n de la sentencia que pida a Cultura ese informe. La participaci\u00f3n del IPCE ha sido solicitada tambi\u00e9n por el Gobierno de Arag\u00f3n y por el Ayuntamiento de Villanueva de Sijena en declaraciones de sus representantes, recuerda el museo en el documento remitido a la jueza. En la petici\u00f3n judicial, el museo catal\u00e1n reclama \u201cun dictamen pericial sobre la manera en que deben desarrollarse las muy complejas y variadas operaciones t\u00e9cnicas necesarias para la ejecuci\u00f3n de la sentencia\u201d: un proyecto de conservaci\u00f3n sobre el cambio de ubicaci\u00f3n para asegurar su preservaci\u00f3n.<\/p>\n<p class=\"\">El cambio de planes del MNAC, que argumenta que su nueva petici\u00f3n entra dentro de su estrategia judicial, llega despu\u00e9s de que <a href=\"https:\/\/elpais.com\/cultura\/2025-09-08\/el-mnac-reitera-ante-la-jueza-su-incapacidad-tecnica-para-devolver-las-pinturas-de-la-sala-capitular-de-sijena-por-su-extrema-fragilidad.html\" target=\"_self\" rel=\"nofollow noopener\" title=\"https:\/\/elpais.com\/cultura\/2025-09-08\/el-mnac-reitera-ante-la-jueza-su-incapacidad-tecnica-para-devolver-las-pinturas-de-la-sala-capitular-de-sijena-por-su-extrema-fragilidad.html\">el museo consiguiera un documento firmado por el Centro Internacional de Estudios de Conservaci\u00f3n y Restauraci\u00f3n de los Bienes Culturales (Iccrom)<\/a>, m\u00e1xima autoridad en preservaci\u00f3n de patrimonio cultural y cuya instituci\u00f3n est\u00e1 integrada por Espa\u00f1a, reclamara un informe de riesgos antes de decidir el traslado.<\/p>\n<p class=\"\">En una entrevista en SER Catalunya, Ernesto Ottone, el subdirector general de la Unesco, reconoci\u00f3 que \u201cla integridad f\u00edsica [de los murales] podr\u00eda ser afectada\u201d en caso de movimientos y recordaba que otros murales que han protagonizado traslados tambi\u00e9n han sufrido da\u00f1os por traslados. <\/p>\n","protected":false},"excerpt":{"rendered":"El Ministerio de Cultura se tendr\u00e1 que implicar directamente en la pol\u00e9mica sobre el traslado de los murales&hellip;\n","protected":false},"author":2,"featured_media":160285,"comment_status":"","ping_status":"","sticky":false,"template":"","format":"standard","meta":{"footnotes":""},"categories":[8],"tags":[4499,229,6477,17,18,209,25,24,13,14,11,1265,19,20,3453,6929,9,10,15,16,8864,6932,23,12,21,22],"class_list":{"0":"post-160284","1":"post","2":"type-post","3":"status-publish","4":"format-standard","5":"has-post-thumbnail","7":"category-espana","8":"tag-aragon","9":"tag-arte","10":"tag-arte-romanico","11":"tag-breaking-news","12":"tag-breakingnews","13":"tag-cultura","14":"tag-es","15":"tag-espana","16":"tag-featured-news","17":"tag-featurednews","18":"tag-headlines","19":"tag-huesca","20":"tag-latest-news","21":"tag-latestnews","22":"tag-mnac","23":"tag-monasterio-sijena","24":"tag-news","25":"tag-noticias","26":"tag-noticias-destacadas","27":"tag-noticiasdestacadas","28":"tag-patrimonio-artistico","29":"tag-sentencias-condenatorias","30":"tag-spain","31":"tag-titulares","32":"tag-ultimas-noticias","33":"tag-ultimasnoticias"},"share_on_mastodon":{"url":"","error":""},"_links":{"self":[{"href":"https:\/\/www.europesays.com\/es\/wp-json\/wp\/v2\/posts\/160284","targetHints":{"allow":["GET"]}}],"collection":[{"href":"https:\/\/www.europesays.com\/es\/wp-json\/wp\/v2\/posts"}],"about":[{"href":"https:\/\/www.europesays.com\/es\/wp-json\/wp\/v2\/types\/post"}],"author":[{"embeddable":true,"href":"https:\/\/www.europesays.com\/es\/wp-json\/wp\/v2\/users\/2"}],"replies":[{"embeddable":true,"href":"https:\/\/www.europesays.com\/es\/wp-json\/wp\/v2\/comments?post=160284"}],"version-history":[{"count":0,"href":"https:\/\/www.europesays.com\/es\/wp-json\/wp\/v2\/posts\/160284\/revisions"}],"wp:featuredmedia":[{"embeddable":true,"href":"https:\/\/www.europesays.com\/es\/wp-json\/wp\/v2\/media\/160285"}],"wp:attachment":[{"href":"https:\/\/www.europesays.com\/es\/wp-json\/wp\/v2\/media?parent=160284"}],"wp:term":[{"taxonomy":"category","embeddable":true,"href":"https:\/\/www.europesays.com\/es\/wp-json\/wp\/v2\/categories?post=160284"},{"taxonomy":"post_tag","embeddable":true,"href":"https:\/\/www.europesays.com\/es\/wp-json\/wp\/v2\/tags?post=160284"}],"curies":[{"name":"wp","href":"https:\/\/api.w.org\/{rel}","templated":true}]}}