{"id":160290,"date":"2025-10-07T02:23:20","date_gmt":"2025-10-07T02:23:20","guid":{"rendered":"https:\/\/www.europesays.com\/es\/160290\/"},"modified":"2025-10-07T02:23:20","modified_gmt":"2025-10-07T02:23:20","slug":"la-justicia-anula-la-inhabilitacion-de-pedro-rocha-ex-presidente-de-la-rfef","status":"publish","type":"post","link":"https:\/\/www.europesays.com\/es\/160290\/","title":{"rendered":"La Justicia anula la inhabilitaci\u00f3n de Pedro Rocha, ex presidente de la RFEF"},"content":{"rendered":"<p class=\"ft-text ft-helper-closenews\">La Justicia ordinaria ha anulado <strong>la inhabilitaci\u00f3n de Pedro Rocha<\/strong>, expresidente de la Real Federaci\u00f3n Espa\u00f1ola de F\u00fatbol, ordenada por el <strong>Tribunal Administrativo del Deporte<\/strong>. El Juzgado Central de lo Contencioso-Administrativo n\u00famero 2\u00a0ha dictado una sentencia en la que falla que e<strong>l derecho de defensa del dirigente extreme\u00f1o fue vulnerado<\/strong>, dejando sin efecto la sanci\u00f3n.<\/p>\n<p class=\"ft-text\">Rocha fue inhabilitado por varias decisiones que adopt\u00f3 cuando era presidente en funciones de la RFEF, <strong>sustituyendo al tambi\u00e9n inhabilitado Luis Rubiales<\/strong>, tras su agresi\u00f3n sexual a Jenni Hermoso. El TAD, tras una denuncia de Miguel Gal\u00e1n, estim\u00f3 que se hab\u00eda extralimitado en sus funciones, vulnerando la Ley del Deporte.<\/p>\n<p>Los motivos de la inhabilitaci\u00f3n<\/p>\n<p class=\"ft-text\">En concreto, el TAD consider\u00f3 que el despido del secretario general <strong>Andreu Camps<\/strong>, la rescisi\u00f3n del contrato con <strong>GC Legal (<\/strong>el despacho de abogados de Tom\u00e1s Gonz\u00e1lez-Cueto) y <strong>la personaci\u00f3n de la RFEF en el caso Supercopa<\/strong> fueron decisiones que exced\u00edan sus competencias, limitadas por el Estatuto de la RFEF al despacho de las gestiones ordinarias imprescindibles para el funcionamiento del organismo.<\/p>\n<p class=\"ft-text\">El juez no entra en el fondo de las decisiones que motivaron su inhabilitaci\u00f3n, sino que estima que <strong>Rocha vio vulnerado su derecho a defenderse<\/strong>, dado que <strong>el TAD no valor\u00f3 sus alegaciones <\/strong>pese a que las present\u00f3 dentro de los plazos previstos en el procedimiento.<\/p>\n<p class=\"ft-text\"><strong>El TAD deber\u00e1 ahora retomar el procedimiento a partir de ese punto<\/strong>, admitiendo dichas alegaciones y volviendo a evaluar la procedencia o no de la inhabilitaci\u00f3n de dos a\u00f1os que acord\u00f3 en julio de 2024 y que, por tanto, est\u00e1 en vigor hasta el pr\u00f3ximo mes de julio.<\/p>\n<p>Louz\u00e1n le sustituy\u00f3<\/p>\n<p class=\"ft-text\">Rocha fue inhabilitado cuando ya hab\u00eda ganado (sin oposici\u00f3n) las elecciones parciales para ser presidente de la RFEF de pleno derecho. La decisi\u00f3n del TAD provoc\u00f3 que <strong>tuviera que dejar el cargo<\/strong> y propici\u00f3 un nuevo proceso electoral que fue ganado en diciembre por <strong>Rafael Louz\u00e1n<\/strong>, actual presidente de la RFEF, con un mandato que expira en diciembre de 2028.<\/p>\n<p class=\"ft-text\">El dirigente extreme\u00f1o<strong> sigue figurando como investigado en el caso Supercopa<\/strong>, que investiga la presunta corrupci\u00f3n que se produjo durante el mandato de Rubiales como presidente de la RFEF, una \u00e9poca en la que Rocha ejerci\u00f3 como vicepresidente econ\u00f3mico.<\/p>\n<p data-close=\"closedContent\" class=\"subscribeHideForDisplay\">Suscr\u00edbete para seguir leyendo<\/p>\n","protected":false},"excerpt":{"rendered":"La Justicia ordinaria ha anulado la inhabilitaci\u00f3n de Pedro Rocha, expresidente de la Real Federaci\u00f3n Espa\u00f1ola de F\u00fatbol,&hellip;\n","protected":false},"author":2,"featured_media":160291,"comment_status":"","ping_status":"","sticky":false,"template":"","format":"standard","meta":{"footnotes":""},"categories":[268],"tags":[26123,168,25,24,280,282,17451,2158,1822,46767,281,23,167],"class_list":{"0":"post-160290","1":"post","2":"type-post","3":"status-publish","4":"format-standard","5":"has-post-thumbnail","7":"category-futbol","8":"tag-anula","9":"tag-deportes","10":"tag-es","11":"tag-espana","12":"tag-football","13":"tag-futbol","14":"tag-inhabilitacion","15":"tag-justicia","16":"tag-pedro","17":"tag-rocha","18":"tag-soccer","19":"tag-spain","20":"tag-sports"},"share_on_mastodon":{"url":"","error":""},"_links":{"self":[{"href":"https:\/\/www.europesays.com\/es\/wp-json\/wp\/v2\/posts\/160290","targetHints":{"allow":["GET"]}}],"collection":[{"href":"https:\/\/www.europesays.com\/es\/wp-json\/wp\/v2\/posts"}],"about":[{"href":"https:\/\/www.europesays.com\/es\/wp-json\/wp\/v2\/types\/post"}],"author":[{"embeddable":true,"href":"https:\/\/www.europesays.com\/es\/wp-json\/wp\/v2\/users\/2"}],"replies":[{"embeddable":true,"href":"https:\/\/www.europesays.com\/es\/wp-json\/wp\/v2\/comments?post=160290"}],"version-history":[{"count":0,"href":"https:\/\/www.europesays.com\/es\/wp-json\/wp\/v2\/posts\/160290\/revisions"}],"wp:featuredmedia":[{"embeddable":true,"href":"https:\/\/www.europesays.com\/es\/wp-json\/wp\/v2\/media\/160291"}],"wp:attachment":[{"href":"https:\/\/www.europesays.com\/es\/wp-json\/wp\/v2\/media?parent=160290"}],"wp:term":[{"taxonomy":"category","embeddable":true,"href":"https:\/\/www.europesays.com\/es\/wp-json\/wp\/v2\/categories?post=160290"},{"taxonomy":"post_tag","embeddable":true,"href":"https:\/\/www.europesays.com\/es\/wp-json\/wp\/v2\/tags?post=160290"}],"curies":[{"name":"wp","href":"https:\/\/api.w.org\/{rel}","templated":true}]}}