{"id":160310,"date":"2025-10-07T02:46:19","date_gmt":"2025-10-07T02:46:19","guid":{"rendered":"https:\/\/www.europesays.com\/es\/160310\/"},"modified":"2025-10-07T02:46:19","modified_gmt":"2025-10-07T02:46:19","slug":"el-presidente-del-sporting-de-gijon-se-reune-con-el-comite-tecnico-de-arbitros-en-las-rozas","status":"publish","type":"post","link":"https:\/\/www.europesays.com\/es\/160310\/","title":{"rendered":"El presidente del Sporting de Gij\u00f3n se re\u00fane con el Comit\u00e9 T\u00e9cnico de \u00c1rbitros en Las Rozas"},"content":{"rendered":"<p>David Guerra, presidente ejecutivo del <a href=\"https:\/\/www.elcomercio.es\/sporting\/\" data-voc-vtm-id=\"in-text-traffic\" title=\"Sporting de Gij\u00f3n\" data-mrf-link=\"www.elcomercio.es\" rel=\"nofollow noopener\" target=\"_blank\">Sporting de Gij\u00f3n<\/a>, se reunir\u00e1 este martes por la ma\u00f1ana en Madrid, en la Ciudad Deportiva de Las Rozas,  &#8230; con la directiva del <a href=\"https:\/\/www.elcomercio.es\/sporting\/comite-arbitros-sporting-gijon-almeria-20250923065418-nt.html\" data-voc-vtm-id=\"in-text-traffic\" title=\"Comit\u00e9 T\u00e9cnico de \u00c1rbitros\" data-mrf-link=\"www.elcomercio.es\" rel=\"nofollow noopener\" target=\"_blank\">Comit\u00e9 T\u00e9cnico de \u00c1rbitros<\/a> para analizar distintas cuestiones. <\/p>\n<p class=\"v-p\">Aunque parece ya un recuerdo muy lejano, sobre todo por el se\u00edsmo que ha provocado la derrota del domingo frente al Albacete, el Sporting manifest\u00f3 su malestar al CTA al principio de la semana pasada por el arbitraje sufrido contra el <a href=\"https:\/\/www.elcomercio.es\/sporting\/competicion-retira-amarilla-kevin-confirma-expulsiones-guille-20250924174819-nt.html\" data-voc-vtm-id=\"in-text-traffic\" title=\"Almer\u00eda\" data-mrf-link=\"www.elcomercio.es\" rel=\"nofollow noopener\" target=\"_blank\">Almer\u00eda<\/a>. El equipo de Asier Garitano se vio muy condicionado en este encuentro por las expulsiones de Guille y \u00c1lex Corredera, adem\u00e1s del grave error de apreciaci\u00f3n que tuvo el colegiado \u2013tambi\u00e9n el VAR\u2013 en la dura entrada que Kevin recibi\u00f3 del delantero brasile\u00f1o Thalys, quien ten\u00eda que haber sido expulsado.<\/p>\n<p class=\"v-p\">En ese contacto de hace una semana, como inform\u00f3 EL COMERCIO, el club solicit\u00f3 una reuni\u00f3n con el CTA, que preside desde este verano Fran Soto, quien ha capitaneado una importante renovaci\u00f3n en toda su estructura, para conocer con m\u00e1s detalle su funcionamientos, sus protocolos de actuaci\u00f3n y una aclaraci\u00f3n de primera mano de las jugadas pol\u00e9micas. El encuentro qued\u00f3 fijado para hoy.<\/p>\n<p class=\"v-p\">El nuevo Comit\u00e9 T\u00e9cnico de \u00c1rbitros est\u00e1 intentando impulsar una metodolog\u00eda de trabajo m\u00e1s aperturista y cercana con los clubes que sus antecesores. Tambi\u00e9n est\u00e1 depurando responsabilidades con los errores que va detectando durante las jornadas. Este fin de semana, por ejemplo, Rub\u00e9n \u00c1valos Barrera, el \u00e1rbitro que estaba al frente del VAR en el Almer\u00eda-Sporting, no fue asignado para ning\u00fan partido, pese a que los colegiados de la Sala VOR no descansan.<\/p>\n<p class=\"v-p\">Queda ahora por ver si tambi\u00e9n entra en la &#8216;nevera&#8217; el \u00e1rbitro madrile\u00f1o Manuel \u00c1ngel P\u00e9rez, al que tocaba descansar este pasado fin de semana, pero que, en teor\u00eda, tendr\u00eda que dirigir un partido en esta jornada 8. Si finalmente no es asignado, se interpretar\u00e1 que el colegiado tambi\u00e9n ha sido sancionado por lo sucedido en Almer\u00eda.<\/p>\n<p class=\"v-p\">El Sporting ya conoci\u00f3 a la nueva directiva del Comit\u00e9 T\u00e9cnico de \u00c1rbitros durante la concentraci\u00f3n que tuvieron los colegiados este verano en Asturias.<\/p>\n","protected":false},"excerpt":{"rendered":"David Guerra, presidente ejecutivo del Sporting de Gij\u00f3n, se reunir\u00e1 este martes por la ma\u00f1ana en Madrid, en&hellip;\n","protected":false},"author":2,"featured_media":160311,"comment_status":"","ping_status":"","sticky":false,"template":"","format":"standard","meta":{"footnotes":""},"categories":[268],"tags":[12572,11724,168,25,24,280,282,6023,1461,4984,47620,281,23,4782,167,4059],"class_list":{"0":"post-160310","1":"post","2":"type-post","3":"status-publish","4":"format-standard","5":"has-post-thumbnail","7":"category-futbol","8":"tag-arbitros","9":"tag-comite","10":"tag-deportes","11":"tag-es","12":"tag-espana","13":"tag-football","14":"tag-futbol","15":"tag-gijon","16":"tag-presidente","17":"tag-reune","18":"tag-rozas","19":"tag-soccer","20":"tag-spain","21":"tag-sporting","22":"tag-sports","23":"tag-tecnico"},"share_on_mastodon":{"url":"","error":""},"_links":{"self":[{"href":"https:\/\/www.europesays.com\/es\/wp-json\/wp\/v2\/posts\/160310","targetHints":{"allow":["GET"]}}],"collection":[{"href":"https:\/\/www.europesays.com\/es\/wp-json\/wp\/v2\/posts"}],"about":[{"href":"https:\/\/www.europesays.com\/es\/wp-json\/wp\/v2\/types\/post"}],"author":[{"embeddable":true,"href":"https:\/\/www.europesays.com\/es\/wp-json\/wp\/v2\/users\/2"}],"replies":[{"embeddable":true,"href":"https:\/\/www.europesays.com\/es\/wp-json\/wp\/v2\/comments?post=160310"}],"version-history":[{"count":0,"href":"https:\/\/www.europesays.com\/es\/wp-json\/wp\/v2\/posts\/160310\/revisions"}],"wp:featuredmedia":[{"embeddable":true,"href":"https:\/\/www.europesays.com\/es\/wp-json\/wp\/v2\/media\/160311"}],"wp:attachment":[{"href":"https:\/\/www.europesays.com\/es\/wp-json\/wp\/v2\/media?parent=160310"}],"wp:term":[{"taxonomy":"category","embeddable":true,"href":"https:\/\/www.europesays.com\/es\/wp-json\/wp\/v2\/categories?post=160310"},{"taxonomy":"post_tag","embeddable":true,"href":"https:\/\/www.europesays.com\/es\/wp-json\/wp\/v2\/tags?post=160310"}],"curies":[{"name":"wp","href":"https:\/\/api.w.org\/{rel}","templated":true}]}}