{"id":160317,"date":"2025-10-07T02:58:07","date_gmt":"2025-10-07T02:58:07","guid":{"rendered":"https:\/\/www.europesays.com\/es\/160317\/"},"modified":"2025-10-07T02:58:07","modified_gmt":"2025-10-07T02:58:07","slug":"sin-los-secuestrados-seguiremos-en-el-7-o-el-dia-del-gran-atentado-el-mundo","status":"publish","type":"post","link":"https:\/\/www.europesays.com\/es\/160317\/","title":{"rendered":"&quot;Sin los secuestrados, seguiremos en el 7-O&quot;, el d\u00eda del gran atentado &#8211; El Mundo"},"content":{"rendered":"<ol>\n<li><a href=\"https:\/\/news.google.com\/rss\/articles\/CBMigwFBVV95cUxNckhUSGRUc0ZiWjQzUGdacmo5SFMzMlQxLTRwa1ltNFozOUtkSGJWV0dEUmNUejQ4ckN3LW9ndGdPdFFmamNtRG5VYjY5MnliTHF3N3NnYXdQS3dqT3ZnUnpPamo3czloZkN5enI2b1VJV1FjZE9ZamVUTTRWTmRHVHlDMNIBgwFBVV95cUxPbEtiaEVvNk5kRzkwazh4Rzd4MG5EVndNYk5jLTcxRTFEc08wcW85ZEozdmxIZzBZakdrOG1HVnpUNkw3Tkh1ZHRvSmxQaG1aNFlaUUo4TndYcEt5dl9hVmJQc1pIMW5pRGxJcmhNLTlRTWVuWlVDU3JIVVJoUERuTUU4cw?oc=5\" target=\"_blank\" rel=\"nofollow noopener\">\u00abSin los secuestrados, seguiremos en el 7-O\u00bb, el d\u00eda del gran atentado<\/a>&nbsp;&nbsp;El Mundo<\/li>\n<li><a href=\"https:\/\/news.google.com\/rss\/articles\/CBMimwFBVV95cUxQbWdGR1FZNk11OU5iQUhHNzJKMmNZd093UVNrTUJoMG9oLXIxY3JiYTlod1paWkFjU21ac2RqaTVSNEc0T2kzNE45RkJNaFlTZG11d2k1U3lJdlZsV3RmbnMxWFhZdV9ZWnptQVlZUlc1THhRVkZmVnB3VUYzLUVNUXEwVWcwY0VuQU5vcXBGT2YyMmJxNGNSbm1vTQ?oc=5\" target=\"_blank\" rel=\"nofollow noopener\">El antes y despu\u00e9s de Gaza tras dos a\u00f1os del ataque de Ham\u00e1s el 7 de octubre<\/a>&nbsp;&nbsp;ABC<\/li>\n<li><a href=\"https:\/\/news.google.com\/rss\/articles\/CBMi2AFBVV95cUxPTndXVEZuWnl1RjlSVzRIclhKZEJYM3ZLcXh3NS00N21uMWpvbHVUY2hxUE1TSnoweW1adU5EU1AwTVc2bGNxWmtRR3pXb0FkeUxlTzRBdDdHVFN4SFpaUEhSWVJzSWJ0ZmZfdV92eXAxZ2dBbGtmQUtFMWRQTXQyek5iT19iaENNNmFJTi1ZN1hGZDB2WVVUdUN4T3JRLU04eEtNQWQwYTVpNUhkajhWRXljX20zVG40YTFSXzdRWkVGODNnTkFiUkhzRmZrbXVaM092Z0xwM0w?oc=5\" target=\"_blank\" rel=\"nofollow noopener\">EL PA\u00cdS TV emite este martes el programa \u2018Dos a\u00f1os de los ataques de Ham\u00e1s\u2019<\/a>&nbsp;&nbsp;EL PA\u00cdS<\/li>\n<li><a href=\"https:\/\/news.google.com\/rss\/articles\/CBMiiAJBVV95cUxPY200N25pY1lsWWxqSWFCRGFQMFpkQ2pXRTdRT2JSZWRfUVRYN0VINjRRVVlseGVmcVBJS2x4eEZmaThKdzBiUTdLOWJIcEtFZ0JHZGlzUy1kUTNmMjVSd0NQeEdVRXdGakdxWHpwVUJJbmJZLWhrVXR2b3ZWTGFQUmtIUVhzSW5abVVpZ0JnNWRHcHpNOFoxdkdhczBvVGYzeUJKV0tGOWhnRWJCRjZFR2hrd1FXRHVhaTh2cXhSLWNHQjQxdG9FR0tvd3JUaThrM3NnR2hIaE1vaUNCSHN3UnhiUm0xVzBmczZFTnJkSmkwYi0wZGhRZ2I1R1M5dk52cXQ2LWk0M1nSAYgCQVVfeXFMUGltTDNWUllKRTRiZDVYQ3dpT3VNcUR6aHRwTzJJZVBhLXhfZHdDNG5iejN6cWU5MXl3emlyLVczMXdxUC1NMGFkZ1hnNVlwYUJ6eHp5OWtpMjY2NkZRVzJLYlFFdmpNeGdyXy1FVzdxYzhHVS1XZE1xRTRIbGpXWEhsekZ6cF9ieUtseWdOYlZCQ1R2V2lUTkN2TmRQaWFRODdTcDBUa3hRYndzRzRYV1YtejItTlNZb2tjX3RZZG9uNTIxeE9meHRRakMtNWhNbm4zV1BuNTlaNzl2RTE2SGZZaG1CQ3RVbmhjRHQtLTRlOUwydldQQURZWnRUVnNqMUtlWGNLMzk2?oc=5\" target=\"_blank\" rel=\"nofollow noopener\">El duro relato de un padre con un hijo liberado por Ham\u00e1s y otro a\u00fan secuestrado: \u00abMe hicieron un juicio<\/a>&nbsp;&nbsp;LaSexta<\/li>\n<li><a href=\"https:\/\/news.google.com\/rss\/articles\/CBMitwFBVV95cUxNRkZyb2w4LU9fSGZsTjFlM2pUWG5pT3NJMTdzUWZBWkVrWTI1SThEcnBCdm0yUGI3RjFITmNmV0Q3RjlhMExCOU5ET2tYTzhjd1k1MDVLSTlTZFA1dGVseVFYRG5IVExwQlZtbTV0cG1mai16d2FuYkhtRGtPcWpNZjMySkFrcFNyRnJFU3E0QzJQRUJKNXdZU3BKMGZCYVphODJwdmd5SG1relR1YnFRYVN5aE5hcG8?oc=5\" target=\"_blank\" rel=\"nofollow noopener\">Las limitaciones de los tribunales internacionales a la hora de juzgar el genocidio israel\u00ed en Gaza<\/a>&nbsp;&nbsp;Diario P\u00fablico<\/li>\n<\/ol>\n","protected":false},"excerpt":{"rendered":"\u00abSin los secuestrados, seguiremos en el 7-O\u00bb, el d\u00eda del gran atentado&nbsp;&nbsp;El Mundo El antes y despu\u00e9s de&hellip;\n","protected":false},"author":2,"featured_media":160318,"comment_status":"","ping_status":"","sticky":false,"template":"","format":"standard","meta":{"footnotes":""},"categories":[42],"tags":[17,18,13,14,28182,75,11,61,62,63,64,74,19,20,9,44827,10,15,16,12,21,22,65,66,67],"class_list":{"0":"post-160317","1":"post","2":"type-post","3":"status-publish","4":"format-standard","5":"has-post-thumbnail","7":"category-internacional","8":"tag-breaking-news","9":"tag-breakingnews","10":"tag-featured-news","11":"tag-featurednews","12":"tag-guerra-en-israel","13":"tag-hamas","14":"tag-headlines","15":"tag-internacional","16":"tag-international","17":"tag-international-news","18":"tag-internationalnews","19":"tag-israel","20":"tag-latest-news","21":"tag-latestnews","22":"tag-news","23":"tag-nlpremium","24":"tag-noticias","25":"tag-noticias-destacadas","26":"tag-noticiasdestacadas","27":"tag-titulares","28":"tag-ultimas-noticias","29":"tag-ultimasnoticias","30":"tag-world","31":"tag-world-news","32":"tag-worldnews"},"share_on_mastodon":{"url":"","error":""},"_links":{"self":[{"href":"https:\/\/www.europesays.com\/es\/wp-json\/wp\/v2\/posts\/160317","targetHints":{"allow":["GET"]}}],"collection":[{"href":"https:\/\/www.europesays.com\/es\/wp-json\/wp\/v2\/posts"}],"about":[{"href":"https:\/\/www.europesays.com\/es\/wp-json\/wp\/v2\/types\/post"}],"author":[{"embeddable":true,"href":"https:\/\/www.europesays.com\/es\/wp-json\/wp\/v2\/users\/2"}],"replies":[{"embeddable":true,"href":"https:\/\/www.europesays.com\/es\/wp-json\/wp\/v2\/comments?post=160317"}],"version-history":[{"count":0,"href":"https:\/\/www.europesays.com\/es\/wp-json\/wp\/v2\/posts\/160317\/revisions"}],"wp:featuredmedia":[{"embeddable":true,"href":"https:\/\/www.europesays.com\/es\/wp-json\/wp\/v2\/media\/160318"}],"wp:attachment":[{"href":"https:\/\/www.europesays.com\/es\/wp-json\/wp\/v2\/media?parent=160317"}],"wp:term":[{"taxonomy":"category","embeddable":true,"href":"https:\/\/www.europesays.com\/es\/wp-json\/wp\/v2\/categories?post=160317"},{"taxonomy":"post_tag","embeddable":true,"href":"https:\/\/www.europesays.com\/es\/wp-json\/wp\/v2\/tags?post=160317"}],"curies":[{"name":"wp","href":"https:\/\/api.w.org\/{rel}","templated":true}]}}