{"id":160324,"date":"2025-10-07T03:07:07","date_gmt":"2025-10-07T03:07:07","guid":{"rendered":"https:\/\/www.europesays.com\/es\/160324\/"},"modified":"2025-10-07T03:07:07","modified_gmt":"2025-10-07T03:07:07","slug":"cuando-las-barbas-de-tu-vecino-veas-pelar-en-red-bull-pon-las-de-isack-hadjar-a-remojar","status":"publish","type":"post","link":"https:\/\/www.europesays.com\/es\/160324\/","title":{"rendered":"Cuando las barbas de tu vecino veas pelar en Red Bull, pon las de Isack Hadjar a remojar"},"content":{"rendered":"\n<p> Yuki Tsunoda es uno de los pilotos m\u00e1s ufanos de la parrilla, aunque<strong> en Marina Bay repet\u00eda una triste figura<\/strong>. Tras el sexto de Bak\u00fa parec\u00eda haber encontrado el punto al RB21. Sin embargo, fue decimotercero el s\u00e1bado y un puesto por delante este domingo, <strong>mientras <a href=\"https:\/\/www.elconfidencial.com\/deportes\/formula-1\/2024-11-26\/verstappen-red-bull-senna-prost-schumacher-hamilton_4010705\/\" target=\"_self\" rel=\"nofollow noopener\">Max Verstappen repet\u00eda podio<\/a> tras dos victorias seguidas. <\/strong> <\/p>\n<p> Tsunoda pierde argumentos para la renovaci\u00f3n, mientras que <strong>Red Bull los incrementa para hacer de su segundo monoplaza un ata\u00fad de<\/strong> cualquier piloto que no sea Max Verstappen. Bien por<strong> el sideral talento del neerland\u00e9s<\/strong>, bien porque su configuraci\u00f3n y comportamiento lleva al matadero <a href=\"https:\/\/www.elconfidencial.com\/deportes\/formula-1\/2024-05-01\/newey-verstappen-red-bull-ferrari_3874451\/\" target=\"_blank\" rel=\"nofollow noopener\">al compa\u00f1ero de Verstappen<\/a>, <strong>el asunto es todo un enigma.<\/strong> <\/p>\n<p> \u00abEs muy gratificante ver el progreso de Isack y verlo rendir al nivel que mostr\u00f3 en la \u00faltima carrera\u00bb, declaraba<a href=\"https:\/\/www.elconfidencial.com\/deportes\/formula-1\/2025-07-22\/red-bull-laurent-mekies-ferrari-formula-1_4177378\/\" target=\"_self\" rel=\"nofollow noopener\"> Laurent Mekies, el responsable de Red Bull,<\/a> tras el podio Hadjar en<strong> Pa\u00edses Bajos.<\/strong> \u00abFue una demostraci\u00f3n fant\u00e1stica del progreso que ha logrado durante la temporada, pero estamos tranquilos con el tema del piloto<strong>. <\/strong>Tenemos todas las de ganar en Red Bul\u00bb.<strong> Seg\u00fan Mekies, el panorama est\u00e1 cubierto con su cantera de pilotos.<\/strong> Aunque quienes han saltado al primer equipo desde la marcha de Sergio P\u00e9rez han sido achicharrados. Isack Hadjar podr\u00eda ser el siguiente candidato. <\/p>\n<blockquote class=\"twitter-tweet\">\n<p lang=\"en\" dir=\"ltr\">P2 IN THE SINGAPORE STREETS!!! \ud83e\udd81<a href=\"https:\/\/twitter.com\/hashtag\/F1?src=hash&amp;ref_src=twsrc%5Etfw\" rel=\"nofollow noopener\" target=\"_blank\">#F1<\/a> || <a href=\"https:\/\/twitter.com\/hashtag\/SingaporeGP?src=hash&amp;ref_src=twsrc%5Etfw\" rel=\"nofollow noopener\" target=\"_blank\">#SingaporeGP<\/a> \ud83c\uddf8\ud83c\uddec <a href=\"https:\/\/t.co\/Ahwt5UzyXB\" rel=\"nofollow\">pic.twitter.com\/Ahwt5UzyXB<\/a><\/p>\n<p>\u2014 Oracle Red Bull Racing (@redbullracing) <a href=\"https:\/\/twitter.com\/redbullracing\/status\/1974833077294870851?ref_src=twsrc%5Etfw\" rel=\"nofollow noopener\" target=\"_blank\">October 5, 2025<\/a><\/p><\/blockquote>\n<p>            A mejor equipo, peores resultados           <\/p>\n<p> \u00abHubo demasiada presi\u00f3n que ellos mismos acabaron generando, pero yo s\u00e9 que muy en el fondo <strong>est\u00e1n muy arrepentidos, y lo s\u00e9 de buena fuente\u00bb<\/strong>, declaraba este verano Checo P\u00e9rez sobre su salida. La ca\u00edda de resultados del mexicano se supli\u00f3 con <a href=\"https:\/\/www.elconfidencial.com\/deportes\/formula-1\/2025-09-05\/zandvoort-tarzan-exterior-sainz-lawson-choque_4200511\/\" target=\"_self\" rel=\"nofollow noopener\">Liam Lawson, quien dur\u00f3 dos carrera<\/a>s, sustituido por Tsunoda en Jap\u00f3n. Nadie ha mejorado al mexicano. <\/p>\n<p> Con el nip\u00f3n se esperaba <strong>derribar el mito de un Red Bull inconducible <\/strong>salvo para Verstappen. <strong>Un lastre de envergadura para la clasificaci\u00f3n de Constructores.<\/strong> En 2024 fue para McLaren, a pesar de que el neerland\u00e9s ganara el de Pilotos. En 2025, Ferrari sigue sin triunfos, pero<strong> supera en ocho puntos a Red Bull,<\/strong> cuarto en la clasificaci\u00f3n con 290 puntos a pesar de las cuatro victorias de Verstappen. De ellos, solo veinte corresponden a Tsunoda. <\/p>\n<blockquote class=\"twitter-tweet\">\n<p lang=\"en\" dir=\"ltr\">A special delivery for Yuki \ud83e\udd79 <a href=\"https:\/\/twitter.com\/tobyato_?ref_src=twsrc%5Etfw\" rel=\"nofollow noopener\" target=\"_blank\">@tobyato_<\/a> <a href=\"https:\/\/twitter.com\/hashtag\/F1?src=hash&amp;ref_src=twsrc%5Etfw\" rel=\"nofollow noopener\" target=\"_blank\">#F1<\/a> || <a href=\"https:\/\/twitter.com\/hashtag\/SingaporeGP?src=hash&amp;ref_src=twsrc%5Etfw\" rel=\"nofollow noopener\" target=\"_blank\">#SingaporeGP<\/a> \ud83c\uddf8\ud83c\uddec <a href=\"https:\/\/t.co\/7e5jsGIZ9S\" rel=\"nofollow\">pic.twitter.com\/7e5jsGIZ9S<\/a><\/p>\n<p>\u2014 Oracle Red Bull Racing (@redbullracing) <a href=\"https:\/\/twitter.com\/redbullracing\/status\/1974759454999789862?ref_src=twsrc%5Etfw\" rel=\"nofollow noopener\" target=\"_blank\">October 5, 2025<\/a><\/p><\/blockquote>\n<p> El japon\u00e9s ha empeorado su pilotaje desde que promocion\u00f3 al primer equipo. <a href=\"https:\/\/www.elconfidencial.com\/deportes\/formula-1\/2023-11-29\/norris-piastri-mclaren-formula-1_3783462\/\" target=\"_blank\" rel=\"nofollow noopener\">Dos d\u00e9cimos, un noveno<\/a> y un sexto (Bak\u00fa) son sus mejores resultados con Red Bull. El resto, desde la duod\u00e9cima a la decimos\u00e9ptima posici\u00f3n. Verstappen le ha batido en todos los par\u00e1metros, como a sus predecesores. \u00ab<strong>Es impresionante c\u00f3mo siempre saca el m\u00e1ximo rendimiento del coche, de forma consistente, en cada sesi\u00f3n, en cada gran premio<\/strong>. Es algo que no se puede hacer f\u00e1cilmente, y parece que \u00e9l s\u00ed. Lo hace con mucha facilidad\u00bb, admit\u00eda el japon\u00e9s antes de la pausa veraniega. <\/p>\n<p> \u00abPero, al mismo tiempo, no creo que sea justo compararnos, y no quiero que me comparen directamente con \u00e9l\u00bb. Curiosamente,<strong> Lando Norris <\/strong>se refer\u00eda en palabras similares sobre Verstappen en unas cuestionadas declaraciones este fin de semana. <\/p>\n<p>                \u00abLo tengo bastante claro\u00bb           <\/p>\n<p> El talento incomparable de Verstappen ya <a href=\"https:\/\/www.elconfidencial.com\/deportes\/formula-1\/2024-10-03\/ricciardo-red-bull-verstappen-marko-horner_3974872\/\" target=\"_blank\" rel=\"nofollow noopener\">le convierte en uno de los grandes de la historia.<\/a> Aunque no se trate de batirle, sino de que sus compa\u00f1eros puedan con rivales de otros equipos. <strong>Tan solo Daniel Ricciardo y Sergio P\u00e9rez desafiaron ocasionalmente a Verstappen.<\/strong> El australiano decidi\u00f3 salir por propia voluntad de Red Bull. P\u00e9rez logr\u00f3 dos victorias en la primera temporada wing car. Otras dos, en los compases iniciales de 2023, patr\u00f3n que se repiti\u00f3 en 2024, cuando logr\u00f3 cuatro podios en las cinco primeras carreras. Pero sus resultados <strong>se despe\u00f1aban seg\u00fan avanzaban <\/strong>sendas temporadas. \u00bfSe hab\u00eda olvidado de conducir? <\/p>\n<p> Tsunoda renunci\u00f3 a sus vacaciones de verano en Jap\u00f3n para estudiar en el simulador el RB21. Con resultados desiguales, aunque todav\u00eda sin superar a los McLaren, Ferrari y Mercedes. Porque exprimir al monoplaza austr\u00edaco parece un asunto esot\u00e9rico. \u00abAhora que conozco c\u00f3mo se comporta el coche, <strong>se siente como si fuera un laboratorio con muchos qu\u00edmicos<\/strong>, <a href=\"https:\/\/www.elconfidencial.com\/deportes\/formula-1\/2020-07-30\/red-bull-verstappen-albon-horner_2699636\/\" target=\"_self\" rel=\"nofollow noopener\"><strong>donde a veces todo sale bien y a veces sale mal<\/strong><\/a>\u00ab, reconoc\u00eda al subirse al RB21 en su debut de Suzuka. El japon\u00e9s hab\u00eda quinto de parrilla en Australia y noveno en China con Racing Bulls. <strong>Quince carreras despu\u00e9s de su debut, los qu\u00edmicos le siguen explotando.<\/strong> <\/p>\n<blockquote class=\"twitter-tweet\">\n<p lang=\"es\" dir=\"ltr\">Isack Hadjar &#8216;rechaza&#8217; el trofeo nuevo de Zandvoort \ud83d\ude02<\/p>\n<p>\u00abQuiero el roto porque es parte de mi podio, el otro no huele a alcohol, a champ\u00e1n&#8230;\u00bb<\/p>\n<p>\u2014 DAZN Espa\u00f1a (@DAZN_ES) <a href=\"https:\/\/twitter.com\/DAZN_ES\/status\/1963956144927568031?ref_src=twsrc%5Etfw\" rel=\"nofollow noopener\" target=\"_blank\">September 5, 2025<\/a><\/p><\/blockquote>\n<p> <a href=\"https:\/\/www.elconfidencial.com\/deportes\/formula-1\/2025-08-19\/verstappen-albon-companeros-equipo-formula-1-sainz_4193006\/\" target=\"_self\" rel=\"nofollow noopener\">Alex Albon es quien mejor ha visualizado <\/a>para el profano por qu\u00e9 Verstappen brilla donde sus compa\u00f1eros se desploman. \u00abMax tiene una sensibilidad incre\u00edblemente \u00fanica. La parte frontal es demasiado \u00e1gil para la mayor\u00eda de los pilotos. Es como poner la sensibilidad del rat\u00f3n (en un juego de ordenador) al m\u00e1ximo: <strong>se mueve demasiado de un lado a otro de la pantalla con la m\u00e1s m\u00ednima acci\u00f3n<\/strong>\u00ab. Es decir, el coche de m\u00e1ximo rendimiento te\u00f3rico para los ingenieros solo puede ser pilotado por Verstappen. A los dem\u00e1s les hace peores. <\/p>\n<p> Con sus actuales resultados y la marcha de Honda de Red Bull en 2026, no parece factible la renovaci\u00f3n de Tsunoda.<strong> El siguiente en la lista es Isack Hadjar,<\/strong> de gran evoluci\u00f3n en 2025, incluyendo el podio de Zandvoort. \u00bfC\u00f3mo se sentir\u00e1 el franc\u00e9s cuando comprueba el destino de sus predecesores? \u00abMi objetivo siempre ha sido ser piloto de Red Bull desde que firm\u00e9 con el equipo Red Bull Junior<strong>, as\u00ed que lo tengo bastante claro\u00bb,<\/strong> admit\u00eda Hadjar a la estela de su podio en Zandvoort. Tsunoda llevaba <strong>cuatro temporadas en F\u00f3rmula 1 <\/strong>antes de subir al primer equipo. El franc\u00e9s es comparativamente biso\u00f1o. As\u00ed que cuando las barbas de tu vecino veas pelar\u2026 <\/p>\n<p> Yuki Tsunoda es uno de los pilotos m\u00e1s ufanos de la parrilla, aunque<strong> en Marina Bay repet\u00eda una triste figura<\/strong>. Tras el sexto de Bak\u00fa parec\u00eda haber encontrado el punto al RB21. Sin embargo, fue decimotercero el s\u00e1bado y un puesto por delante este domingo, <strong>mientras <a href=\"https:\/\/www.elconfidencial.com\/deportes\/formula-1\/2024-11-26\/verstappen-red-bull-senna-prost-schumacher-hamilton_4010705\/\" target=\"_self\" rel=\"nofollow noopener\">Max Verstappen repet\u00eda podio<\/a> tras dos victorias seguidas. <\/strong> <\/p>\n<p>              <script async src=\"https:\/\/platform.twitter.com\/widgets.js\" charset=\"utf-8\"><\/script><\/p>\n","protected":false},"excerpt":{"rendered":"Yuki Tsunoda es uno de los pilotos m\u00e1s ufanos de la parrilla, aunque en Marina Bay repet\u00eda una&hellip;\n","protected":false},"author":2,"featured_media":160325,"comment_status":"","ping_status":"","sticky":false,"template":"","format":"standard","meta":{"footnotes":""},"categories":[270],"tags":[168,25,24,306,271,272,23,167],"class_list":{"0":"post-160324","1":"post","2":"type-post","3":"status-publish","4":"format-standard","5":"has-post-thumbnail","7":"category-formula-1","8":"tag-deportes","9":"tag-es","10":"tag-espana","11":"tag-f1","12":"tag-formula-1","13":"tag-formula1","14":"tag-spain","15":"tag-sports"},"share_on_mastodon":{"url":"","error":""},"_links":{"self":[{"href":"https:\/\/www.europesays.com\/es\/wp-json\/wp\/v2\/posts\/160324","targetHints":{"allow":["GET"]}}],"collection":[{"href":"https:\/\/www.europesays.com\/es\/wp-json\/wp\/v2\/posts"}],"about":[{"href":"https:\/\/www.europesays.com\/es\/wp-json\/wp\/v2\/types\/post"}],"author":[{"embeddable":true,"href":"https:\/\/www.europesays.com\/es\/wp-json\/wp\/v2\/users\/2"}],"replies":[{"embeddable":true,"href":"https:\/\/www.europesays.com\/es\/wp-json\/wp\/v2\/comments?post=160324"}],"version-history":[{"count":0,"href":"https:\/\/www.europesays.com\/es\/wp-json\/wp\/v2\/posts\/160324\/revisions"}],"wp:featuredmedia":[{"embeddable":true,"href":"https:\/\/www.europesays.com\/es\/wp-json\/wp\/v2\/media\/160325"}],"wp:attachment":[{"href":"https:\/\/www.europesays.com\/es\/wp-json\/wp\/v2\/media?parent=160324"}],"wp:term":[{"taxonomy":"category","embeddable":true,"href":"https:\/\/www.europesays.com\/es\/wp-json\/wp\/v2\/categories?post=160324"},{"taxonomy":"post_tag","embeddable":true,"href":"https:\/\/www.europesays.com\/es\/wp-json\/wp\/v2\/tags?post=160324"}],"curies":[{"name":"wp","href":"https:\/\/api.w.org\/{rel}","templated":true}]}}