{"id":160340,"date":"2025-10-07T03:26:13","date_gmt":"2025-10-07T03:26:13","guid":{"rendered":"https:\/\/www.europesays.com\/es\/160340\/"},"modified":"2025-10-07T03:26:13","modified_gmt":"2025-10-07T03:26:13","slug":"me-gusta-ir-de-visitante-vamos-a-ganar","status":"publish","type":"post","link":"https:\/\/www.europesays.com\/es\/160340\/","title":{"rendered":"\u00abMe gusta ir de visitante, vamos a ganar\u00bb"},"content":{"rendered":"<p class=\"voc-p\" style=\"\"><strong>Joel \u00c1lvarez<\/strong> encara la que es, probablemente, la Fight Week (semana de pelea) m\u00e1s importante de su carrera. Hacer una transici\u00f3n de divisi\u00f3n, esto es, subir de categor\u00eda de peso, suele implicar un &#8216;reseteo&#8217;, algo as\u00ed como empezar desde cero de nuevo.<strong> Pero en su caso no ser\u00e1 as\u00ed.<\/strong> El Fen\u00f3meno tendr\u00e1 la oportunidad de<a href=\"https:\/\/www.abc.es\/deportes\/mma\/joel-alvarez-ante-oportunidad-oro-cartelera-estelar-20251006171508-nt.html\" target=\"_self\" data-voc-vtm-id=\"in-text-traffic\" title=\" pelear directamente contra Vicente Luque\" rel=\"nofollow noopener\"> pelear directamente contra Vicente Luque<\/a>, un atleta que lleva 23 combates en la UFC y 16 victorias, habiendo ganado a tres excampeones de la mayor liga de MMA. Es una oportunidad de oro. <\/p>\n<p class=\"voc-p\" style=\"\">El pleito lleg\u00f3 en corto aviso, con solo tres semanas de antelaci\u00f3n, y adem\u00e1s ser\u00e1 en territorio &#8216;enemigo&#8217;, pues se enfrentar\u00e1 a un brasile\u00f1o en R\u00edo de Janeiro, algo que le motiva enormemente al peleador espa\u00f1ol. \u00abEl Ej\u00e9rcito de Pancho Villa (as\u00ed se autodenomina a su equipo) por R\u00edo, eso suena muy bien, ah\u00ed estaremos todos. Es inmejorable la arena, tengo muchas ganas. Somos la antepen\u00faltima pelea, eso va a ser una olla a presi\u00f3n, va a molar mucho\u00bb, apunta Joel \u00c1lvarez <a href=\"https:\/\/www.abc.es\/deportes\/mma\/joel-alvarez-peleador-ufc-quitado-vida-era-20251006100853-nt.html\" target=\"_self\" data-voc-vtm-id=\"in-text-traffic\" title=\"en conversaci\u00f3n con ABC\" rel=\"nofollow noopener\">en conversaci\u00f3n con ABC<\/a>. <\/p>\n<p class=\"voc-p\" style=\"\">El hecho de pelear fuera, asegura, no ser\u00e1 un impedimento, m\u00e1s bien lo contrario. \u00abMe gusta ir de visitante, en territorio hostil, eso me gusta. <strong>Presi\u00f3n ninguna, hemos tomado la pelea con tres semanas y vamos con la mentalidad de ganar cien por cien, me motiva mucho<\/strong>\u00bb, se\u00f1ala el asturiano, que parte como muy favorito en las apuestas pese a enfrentarse a un tipo muy peligroso como es Vicente Luque, todo un veterano de &#8216;guerra&#8217;.<\/p>\n<p class=\"voc-p\" style=\"\">A la hora de aceptar la pelea, Joel y su equipo pusieron todos los pros y contras en la balanza y sali\u00f3 un resultado positivo. \u00ab<strong>Esta pelea me encanta, es un &#8216;striker&#8217; y casi nunca va a derribar.<\/strong> Si me dan otro nombre como Gilbert Burns, que se tira mucho al jiujitsu brasile\u00f1o, yo no estar\u00eda en tres semanas preparado para pelear contra \u00e9l. O con Colby Covington, con gente que te vaya a luchar cuerpo a cuerpo, necesitar\u00eda un campamento y una preparaci\u00f3n diferente, no podr\u00eda haberla aceptada, pero en el caso de Luque, con su estilo, no est\u00e1n agotador como cuando te empieza alguien a luchar\u00bb, desgrana el de Gij\u00f3n.<\/p>\n<p class=\"voc-p\" style=\"\">Todo est\u00e1 preparado para que el asturiano brille en su pr\u00f3ximo combate y, en caso de lograr una victoria impactante, la inercia se tornar\u00e1 muy positiva para el futuro de Joel \u00c1lvarez dentro de la UFC. <\/p>\n<p>Reportar un error<\/p>\n","protected":false},"excerpt":{"rendered":"Joel \u00c1lvarez encara la que es, probablemente, la Fight Week (semana de pelea) m\u00e1s importante de su carrera.&hellip;\n","protected":false},"author":2,"featured_media":160341,"comment_status":"","ping_status":"","sticky":false,"template":"","format":"standard","meta":{"footnotes":""},"categories":[276],"tags":[4458,1575,2942,168,25,24,2000,9647,41540,4457,23,167,343,4709,43614],"class_list":{"0":"post-160340","1":"post","2":"type-post","3":"status-publish","4":"format-standard","5":"has-post-thumbnail","7":"category-ufc","8":"tag-alvarez","9":"tag-ante","10":"tag-combate","11":"tag-deportes","12":"tag-es","13":"tag-espana","14":"tag-ganar","15":"tag-gusta","16":"tag-hostil","17":"tag-joel","18":"tag-spain","19":"tag-sports","20":"tag-ufc","21":"tag-vamos","22":"tag-visitante"},"share_on_mastodon":{"url":"","error":""},"_links":{"self":[{"href":"https:\/\/www.europesays.com\/es\/wp-json\/wp\/v2\/posts\/160340","targetHints":{"allow":["GET"]}}],"collection":[{"href":"https:\/\/www.europesays.com\/es\/wp-json\/wp\/v2\/posts"}],"about":[{"href":"https:\/\/www.europesays.com\/es\/wp-json\/wp\/v2\/types\/post"}],"author":[{"embeddable":true,"href":"https:\/\/www.europesays.com\/es\/wp-json\/wp\/v2\/users\/2"}],"replies":[{"embeddable":true,"href":"https:\/\/www.europesays.com\/es\/wp-json\/wp\/v2\/comments?post=160340"}],"version-history":[{"count":0,"href":"https:\/\/www.europesays.com\/es\/wp-json\/wp\/v2\/posts\/160340\/revisions"}],"wp:featuredmedia":[{"embeddable":true,"href":"https:\/\/www.europesays.com\/es\/wp-json\/wp\/v2\/media\/160341"}],"wp:attachment":[{"href":"https:\/\/www.europesays.com\/es\/wp-json\/wp\/v2\/media?parent=160340"}],"wp:term":[{"taxonomy":"category","embeddable":true,"href":"https:\/\/www.europesays.com\/es\/wp-json\/wp\/v2\/categories?post=160340"},{"taxonomy":"post_tag","embeddable":true,"href":"https:\/\/www.europesays.com\/es\/wp-json\/wp\/v2\/tags?post=160340"}],"curies":[{"name":"wp","href":"https:\/\/api.w.org\/{rel}","templated":true}]}}