{"id":160344,"date":"2025-10-07T03:35:10","date_gmt":"2025-10-07T03:35:10","guid":{"rendered":"https:\/\/www.europesays.com\/es\/160344\/"},"modified":"2025-10-07T03:35:10","modified_gmt":"2025-10-07T03:35:10","slug":"la-pregunta-7-las-conexiones-entre-un-beso-un-libro-la-bomba-mas-letal-y-una-vida-que-nace-babelia","status":"publish","type":"post","link":"https:\/\/www.europesays.com\/es\/160344\/","title":{"rendered":"\u2018La pregunta 7\u2019, las conexiones entre un beso, un libro, la bomba m\u00e1s letal y una vida que nace | Babelia"},"content":{"rendered":"<p class=\"\">En 2022, <a href=\"https:\/\/elpais.com\/diario\/2003\/10\/04\/babelia\/1065225012_850215.html\" target=\"_self\" rel=\"nofollow noopener\" title=\"https:\/\/elpais.com\/diario\/2003\/10\/04\/babelia\/1065225012_850215.html\">Richard Flanagan<\/a>, escritor nacido en Tasmania hace 64 a\u00f1os, recibi\u00f3 un diagn\u00f3stico err\u00f3neo de demencia en fase temprana. Le dieron, a lo sumo, 12 meses antes de que la enfermedad avanzara en serio. En esos 12 meses escribi\u00f3 <a href=\"https:\/\/librosdelasteroide.com\/libro\/la-pregunta-7\" target=\"_self\" rel=\"nofollow noopener\" title=\"https:\/\/librosdelasteroide.com\/libro\/la-pregunta-7\">La pregunta 7<\/a>, su reciente libro de memorias, perseguido por el temor a que su retentiva se diluyera irremediablemente. Cuando termin\u00f3, le pregunt\u00f3 a su editora si en el texto se observaban signos de colapso cognitivo, porque si se daba el caso, prefer\u00eda no publicarlo. A la editora le entr\u00f3 la risa. Tiempo despu\u00e9s, el neur\u00f3logo confirm\u00f3 su opini\u00f3n, con lo que, al parecer, de momento, si la enfermedad ha despertado no se ha enterado nadie.<\/p>\n<p class=\"\">Sostiene Flanagan que recordar es un acto de creaci\u00f3n al mismo tiempo que de testimonio, y que uno sin el otro es como un \u00e1rbol sin tronco o un libro sin narraci\u00f3n. Que el libro que nos ocupa sea inventivo y testimonial, se anuncia desde el t\u00edtulo, un homenaje a <a href=\"https:\/\/elpais.com\/cultura\/2016\/12\/09\/actualidad\/1481305046_795840.html\" target=\"_self\" rel=\"nofollow noopener\" title=\"https:\/\/elpais.com\/cultura\/2016\/12\/09\/actualidad\/1481305046_795840.html\">Ch\u00e9jov<\/a>, para quien la funci\u00f3n de la literatura no era ofrecer respuestas, sino \u00fanicamente hacer las preguntas necesarias.<\/p>\n<p class=\"\">En el breve relato de Ch\u00e9jov Tareas de un matem\u00e1tico loco (que public\u00f3 con el pseud\u00f3nimo de Antosha Chejont\u00e9), un hilarante personaje plantea ocho absurdas cuestiones; la s\u00e9ptima dice as\u00ed: \u201cEl mi\u00e9rcoles 17 de junio de 1881, a las 3 de la madrugada, debi\u00f3 salir el tren de la estaci\u00f3n A por la v\u00eda f\u00e9rrea, para llegar a la estaci\u00f3n B a las 11 de la noche, pero, antes de la misma partida del tren, se recibi\u00f3 la orden de que el tren llegara a la estaci\u00f3n B a las 7 de la noche. \u00bfQui\u00e9n ama m\u00e1s prolongadamente, el hombre o la mujer?\u201d.<\/p>\n<p class=\"\">\u00bfQui\u00e9n ama m\u00e1s?, se cuestiona Flanagan: \u201c\u00bfUsted, yo, un residente de Hiroshima o un prisionero sometido a trabajos forzados?\u201d.<\/p>\n<p class=\"\">Esa es la pregunta siete, cuya respuesta trata de desvelar el autor en esta obra que ampl\u00eda lo que puede conseguir un libro de no ficci\u00f3n. Porque no se trata aqu\u00ed de un ejercicio de rememorar y evocar vivencias, veranos o relaciones familiares y afectivas. Va m\u00e1s all\u00e1: pretende llevar a cabo una reflexi\u00f3n moral, pol\u00edtica y existencial.<\/p>\n<p class=\"\">Como en las obras de <a href=\"https:\/\/elpais.com\/cultura\/2016\/10\/27\/babelia\/1477566485_771964.html\" target=\"_self\" rel=\"nofollow noopener\" title=\"https:\/\/elpais.com\/cultura\/2016\/10\/27\/babelia\/1477566485_771964.html\">Sebald<\/a>, Magris o <a href=\"https:\/\/elpais.com\/cultura\/2019\/10\/10\/actualidad\/1570699357_967043.html\" target=\"_self\" rel=\"nofollow noopener\" title=\"https:\/\/elpais.com\/cultura\/2019\/10\/10\/actualidad\/1570699357_967043.html\">Tokarczuk<\/a>, la mezcla de lo \u00edntimo y lo hist\u00f3rico, de experiencias personales y de reflexiones existenciales \u2014especialmente sobre el pasado traum\u00e1tico de la guerra\u2014 La pregunta 7 permite ser le\u00edda como una novela, como un tratado filos\u00f3fico o como un ensayo hist\u00f3rico. La pregunta 7 aborda lo grande (la historia) y lo peque\u00f1o (el individuo): un escritor que acaba perge\u00f1ando una carta de amor a sus padres y a su peque\u00f1a isla de Tasmania, invadida por los ingleses como un acto de profanaci\u00f3n de lo sagrado en el siglo XIX; un pasado brutal, lleno de violencia y masacre de abor\u00edgenes, que contin\u00faa afectando a la identidad australiana contempor\u00e1nea, unas costuras que Flanagan ya trat\u00f3 en Muerte de un gu\u00eda.<\/p>\n<p class=\"\">Flanagan articula sus memorias a partir de tres ejes: en primer lugar, el proceso creativo de la novela de <a href=\"https:\/\/elpais.com\/elpais\/2020\/02\/18\/ciencia\/1582020472_966129.html\" target=\"_self\" rel=\"nofollow noopener\" title=\"https:\/\/elpais.com\/elpais\/2020\/02\/18\/ciencia\/1582020472_966129.html\">H. G. Wells<\/a> El mundo liberado, en la que el autor brit\u00e1nico anunci\u00f3 de manera visionaria, en 1914, la composici\u00f3n de una bomba at\u00f3mica. En segundo lugar, la lectura que de esa novela llev\u00f3 a cabo a\u00f1os despu\u00e9s <a href=\"https:\/\/elpais.com\/elpais\/2016\/07\/27\/ciencia\/1469570758_950331.html\" target=\"_self\" rel=\"nofollow noopener\" title=\"https:\/\/elpais.com\/elpais\/2016\/07\/27\/ciencia\/1469570758_950331.html\">Leo Szilard<\/a>, el f\u00edsico te\u00f3rico que desarroll\u00f3 la idea de la reacci\u00f3n nuclear en cadena en 1933, base de la bomba at\u00f3mica (y quien alert\u00f3 al presidente Roosevelt del potencial militar de la energ\u00eda at\u00f3mica y la amenaza alemana, y quien se opuso al uso de la bomba contra una poblaci\u00f3n civil); y, en tercer lugar, la vida del propio Richard Flanagan, hijo de Archie Flanagan, prisionero en un campo de concentraci\u00f3n japon\u00e9s durante la Segunda Guerra Mundial, en plena construcci\u00f3n del ferrocarril Birmania-Tailandia. \u201cSalvado\u201d gracias a una bomba que precipit\u00f3 el fin de la contienda, la rendici\u00f3n de Jap\u00f3n y la liberaci\u00f3n de los presos de guerra como \u00e9l. Tan debilitado se hallaba en esas fechas que su supervivencia a otro invierno se antojaba imposible, una historia que ya cont\u00f3 Flanagan en su impresionante novela <a href=\"https:\/\/elpais.com\/cultura\/2025-08-09\/la-isla-hippy-del-sol-naciente.html\" target=\"_self\" rel=\"nofollow noopener\" title=\"https:\/\/elpais.com\/cultura\/2025-08-09\/la-isla-hippy-del-sol-naciente.html\">El camino estrecho al norte profundo<\/a> (Premio <a href=\"https:\/\/elpais.com\/cultura\/2014\/10\/15\/actualidad\/1413357224_178770.html\" target=\"_self\" rel=\"nofollow noopener\" title=\"https:\/\/elpais.com\/cultura\/2014\/10\/15\/actualidad\/1413357224_178770.html\">Man Booker 2014<\/a>).<\/p>\n<p><img decoding=\"auto\" class=\"_re lazyload a_m-h\" height=\"272\"  width=\"414\"  src=\"https:\/\/www.europesays.com\/es\/wp-content\/uploads\/2025\/10\/AV3LN4QEIZCL5KPOYMIWQFIL7E.jpg\" loading=\"lazy\"\/>Construcci\u00f3n de la l\u00ednea del Ferrocarril Tailandia-Birmania, en la que los japoneses obligaron a trabajar a 180.000 civiles asi\u00e1ticos y 60.000 prisioneros de guerra aliados.CPA Media Pte Ltd \/ Alamy \/ CORDON PRESS<\/p>\n<p class=\"\">La historia de amor de <a href=\"https:\/\/elpais.com\/cultura\/2019\/12\/05\/babelia\/1575544404_707379.html\" target=\"_self\" rel=\"nofollow noopener\" title=\"https:\/\/elpais.com\/cultura\/2019\/12\/05\/babelia\/1575544404_707379.html\">Rebecca West<\/a> y H. G. Wells est\u00e1 narrada con chispa y con la gracia de una buena novela de aventuras, mientras que el relato de la creaci\u00f3n de la bomba at\u00f3mica adquiere un tono reflexivo (en la mejor tradici\u00f3n de la novela de ideas). Ambas \u2014aventuras e ideas\u2014 se entremezclan de manera sorprendentemente natural. Sobre West y Wells: en 1912 ella ten\u00eda 19 a\u00f1os, \u00e9l 46. Ella escribi\u00f3 una rese\u00f1a demoledora contra \u00e9l y su novela Matrimonio en la revista feminista The Freewoman (\u201cel manierismo del se\u00f1or Wells resulta desquiciante\u201d); \u00e9l la invit\u00f3 a su casa para saber de d\u00f3nde sal\u00eda aquella muchacha intr\u00e9pida. Aquel hombre casado representaba todo lo que ella detestaba, pero Rebecca West acept\u00f3 el encuentro. La mujer de Wells la condujo hasta la biblioteca. Bast\u00f3 media hora de conversaci\u00f3n para que West supiera que no hab\u00eda un hombre en toda Inglaterra ni en toda Europa comparable a \u00e9l. Y Wells, por su parte, descubri\u00f3 que ella pose\u00eda todas las cualidades de las que \u00e9l carec\u00eda. Ante una estanter\u00eda llena de libros, mientras hablaban de estilo literario, se besaron. Tras el fuego, H. G. Wells hizo lo m\u00e1s sensato: huir \u2014para cometer luego la imprudencia de volver (estuvieron juntos diez a\u00f1os)\u2014. Pero ese beso provoc\u00f3 una reacci\u00f3n en cadena: ese beso es el hilo conductor de La pregunta 7. Sin ese v\u00e9rtigo er\u00f3tico, el escritor no se habr\u00eda refugiado en Suiza para escribir ese libro en el que arde el mundo, y sin ese libro Leo Szilard nunca habr\u00eda concebido una reacci\u00f3n nuclear en cadena, y sin concebir una reacci\u00f3n nuclear en cadena, el piloto <a href=\"https:\/\/elpais.com\/diario\/2000\/04\/02\/catalunya\/954637641_850215.html\" target=\"_self\" rel=\"nofollow noopener\" title=\"https:\/\/elpais.com\/diario\/2000\/04\/02\/catalunya\/954637641_850215.html\">Thomas Ferebee<\/a> no habr\u00eda accionado la palanca a las 8:15 del 6 de agosto de 1945 a 9.500 metros de altitud sobre Hiroshima, y m\u00e1s de 200.000 personas habr\u00edan seguido con vida, y el padre de Flanagan habr\u00eda muerto.<\/p>\n<blockquote class=\"a_q\">\n<p>La pregunta 7 explora la casualidad: c\u00f3mo un proyecto nacido de la ciencia, la guerra y el miedo pudo impactar tan directamente en su existencia personal y familiar<\/p>\n<\/blockquote>\n<p class=\"\">La pregunta 7 explora la casualidad: c\u00f3mo un proyecto nacido de la ciencia, la guerra y el miedo pudo impactar tan directamente en su existencia personal y familiar. Richard Flanagan naci\u00f3 en 1961. Creci\u00f3 en zonas remotas de Tasmania. Sus primeros a\u00f1os marcaron su sensibilidad ambiental y su v\u00ednculo con la naturaleza. De ni\u00f1o tuvo problemas auditivos que influyeron en su sentido del aislamiento. Luego estudi\u00f3 en la Universidad de Tasmania y obtuvo una beca Rhodes para Worcester College, Oxford.<\/p>\n<p class=\"\">Flanagan canta lo perdido, pero celebra lo ganado y, por encima de todo, desenreda las costuras de la inconmensurabilidad de la vida a base \u2014claro\u2014 de preguntas y de verg\u00fcenzas (como la suya, al recordar c\u00f3mo renunci\u00f3 a cuidar de sus padres moribundos, algo que a\u00fan le pesa). La de Flanagan es una mirada reveladora, cr\u00edtica. La estructura circular propia de las memorias favorece el tono meditativo, repleto de matices y profundidad (\u201cQuienes ven el pasado con mayor claridad siempre son quienes nunca lo vieron\u201d, \u201cQuiz\u00e1s el pasado sea el lugar hacia el que vamos y en el que nunca hemos estado\u201d), que fortalece la urdimbre literaria. \u201cPuede que la poes\u00eda\u201d, escribe Flanagan, \u201cno sea capaz de activar nada, pero una novela destruy\u00f3 Hiroshima y, sin Hiroshima, yo no existo y estas palabras se borran y yo con ellas\u201d.<\/p>\n<p class=\"\">La pregunta 7 es un canto a las posibilidades de la literatura. Obras como esta demuestran que leer es exponerse y dejarse transformar por lo que se encuentra. Por algo el octavo de los enigmas metaf\u00edsicos que planteaba el loco matem\u00e1tico de Ch\u00e9jov era este: \u201cMi suegra tiene 75 a\u00f1os y mi esposa 42. \u00bfQu\u00e9 hora es?\u201d<\/p>\n<p><a href=\"https:\/\/librosdelasteroide.com\/libro\/la-pregunta-7\" class=\"_db _pr\" rel=\"nofollow noopener\" target=\"_blank\"><img decoding=\"auto\" class=\"_re lazyload a_m-v\" height=\"652\"  width=\"414\" src=\"https:\/\/www.europesays.com\/es\/wp-content\/uploads\/2025\/10\/WZ375A6GF5EQLMXKFSVFDYQ66A.jpg\" loading=\"lazy\"\/><\/a><\/p>\n<p>Richard Flanagan<br \/>Traducci\u00f3n de Catalina Mart\u00ednez Mu\u00f1oz<br \/>Libros del Asteroide, 2025<br \/>296 p\u00e1ginas. 20,95 euros<\/p>\n<p><a href=\"https:\/\/periscopi.cat\/la-pregunta-7-2\" class=\"_db _pr\" rel=\"nofollow noopener\" target=\"_blank\"><img decoding=\"auto\" class=\"_re lazyload a_m-v\" height=\"613\"  width=\"414\" src=\"https:\/\/www.europesays.com\/es\/wp-content\/uploads\/2025\/10\/KSXLYBOTFVCIHEOIBVVF5YTCJA.jpg\" loading=\"lazy\"\/><\/a><\/p>\n<p>Richard Flanagan<br \/>Traducci\u00f3n de M\u00edriam Cano<br \/>Edicions del Periscopi, 2025 (en catal\u00e1n)<br \/>296 p\u00e1ginas. 20,95 euros<\/p>\n","protected":false},"excerpt":{"rendered":"En 2022, Richard Flanagan, escritor nacido en Tasmania hace 64 a\u00f1os, recibi\u00f3 un diagn\u00f3stico err\u00f3neo de demencia en&hellip;\n","protected":false},"author":2,"featured_media":160345,"comment_status":"","ping_status":"","sticky":false,"template":"","format":"standard","meta":{"footnotes":""},"categories":[172],"tags":[4699,224,4026,209,146,147,25,1598,24,225,13223,4027,1645,23],"class_list":{"0":"post-160344","1":"post","2":"type-post","3":"status-publish","4":"format-standard","5":"has-post-thumbnail","7":"category-libros","8":"tag-australia","9":"tag-books","10":"tag-critica-literaria","11":"tag-cultura","12":"tag-entertainment","13":"tag-entretenimiento","14":"tag-es","15":"tag-escritores","16":"tag-espana","17":"tag-libros","18":"tag-literatura-inglesa","19":"tag-narrativa","20":"tag-novela","21":"tag-spain"},"share_on_mastodon":{"url":"","error":""},"_links":{"self":[{"href":"https:\/\/www.europesays.com\/es\/wp-json\/wp\/v2\/posts\/160344","targetHints":{"allow":["GET"]}}],"collection":[{"href":"https:\/\/www.europesays.com\/es\/wp-json\/wp\/v2\/posts"}],"about":[{"href":"https:\/\/www.europesays.com\/es\/wp-json\/wp\/v2\/types\/post"}],"author":[{"embeddable":true,"href":"https:\/\/www.europesays.com\/es\/wp-json\/wp\/v2\/users\/2"}],"replies":[{"embeddable":true,"href":"https:\/\/www.europesays.com\/es\/wp-json\/wp\/v2\/comments?post=160344"}],"version-history":[{"count":0,"href":"https:\/\/www.europesays.com\/es\/wp-json\/wp\/v2\/posts\/160344\/revisions"}],"wp:featuredmedia":[{"embeddable":true,"href":"https:\/\/www.europesays.com\/es\/wp-json\/wp\/v2\/media\/160345"}],"wp:attachment":[{"href":"https:\/\/www.europesays.com\/es\/wp-json\/wp\/v2\/media?parent=160344"}],"wp:term":[{"taxonomy":"category","embeddable":true,"href":"https:\/\/www.europesays.com\/es\/wp-json\/wp\/v2\/categories?post=160344"},{"taxonomy":"post_tag","embeddable":true,"href":"https:\/\/www.europesays.com\/es\/wp-json\/wp\/v2\/tags?post=160344"}],"curies":[{"name":"wp","href":"https:\/\/api.w.org\/{rel}","templated":true}]}}