{"id":160354,"date":"2025-10-07T03:44:06","date_gmt":"2025-10-07T03:44:06","guid":{"rendered":"https:\/\/www.europesays.com\/es\/160354\/"},"modified":"2025-10-07T03:44:06","modified_gmt":"2025-10-07T03:44:06","slug":"al-menos-un-muerto-y-casi-un-millar-de-personas-atrapadas-tras-una-tormenta-en-el-everest","status":"publish","type":"post","link":"https:\/\/www.europesays.com\/es\/160354\/","title":{"rendered":"Al menos un muerto y casi un millar de personas atrapadas tras una tormenta en el Everest"},"content":{"rendered":"<p><strong>Al menos una persona ha muerto y cientos m\u00e1s han quedado atrapadas en el lado tibetano del monte Everest<\/strong>, la monta\u00f1a m\u00e1s alta del <a href=\"https:\/\/theobjective.com\/etiqueta\/china\/\" rel=\"nofollow noopener\" target=\"_blank\">planeta<\/a>, debido a una tormenta que ha azotado la zona en los \u00faltimos d\u00edas y que ha provocado m\u00e1s de 70 muertes en Nepal e India.<\/p>\n<p>Las autoridades han informado de la muerte de una persona en Laohugou, provincia de Qinghai, <strong>por hipotermia y mal de altura tras verse sorprendida por una ventisca s\u00fabita<\/strong>. La Polic\u00eda ha explicado que la continua nevada ha dificultado la operaci\u00f3n de rescate en Laohugou, una zona con una altitud media de m\u00e1s de 4.000 metros.<\/p>\n<p>Unas 200 personas segu\u00edan atrapadas en la ma\u00f1ana del lunes y otras 137 han podido ser evacuadas <strong>tras el env\u00edo de m\u00e1s de 300 trabajadores de los servicios de emergencia con dos drones<\/strong>, seg\u00fan informa la televisi\u00f3n p\u00fablica china CCTV.<\/p>\n<p>En total, <strong>alrededor de 350 personas han tenido que ser rescatadas<\/strong> en la zona del Everest coincidiendo con el inicio de la Semana Dorada de vacaciones en China, seg\u00fan recoge este lunes el peri\u00f3dico oficial del gobernante Partido Comunista Chino, Diario del Pueblo.<\/p>\n<p>Las autoridades del condado de Tingri, en el T\u00edbet, ha informado de la movilizaci\u00f3n de cientos de rescatistas y vecinos de la zona para retirar la nieve que imped\u00eda el acceso a los alpinistas, atrapados a m\u00e1s de 4.900 metros de altitud.<\/p>\n","protected":false},"excerpt":{"rendered":"Al menos una persona ha muerto y cientos m\u00e1s han quedado atrapadas en el lado tibetano del monte&hellip;\n","protected":false},"author":2,"featured_media":160355,"comment_status":"","ping_status":"","sticky":false,"template":"","format":"standard","meta":{"footnotes":""},"categories":[42],"tags":[17,18,1615,47409,13,14,11,61,62,63,64,19,20,9,10,15,16,47622,21284,12,21,22,65,66,67],"class_list":{"0":"post-160354","1":"post","2":"type-post","3":"status-publish","4":"format-standard","5":"has-post-thumbnail","7":"category-internacional","8":"tag-breaking-news","9":"tag-breakingnews","10":"tag-china","11":"tag-everest","12":"tag-featured-news","13":"tag-featurednews","14":"tag-headlines","15":"tag-internacional","16":"tag-international","17":"tag-international-news","18":"tag-internationalnews","19":"tag-latest-news","20":"tag-latestnews","21":"tag-news","22":"tag-noticias","23":"tag-noticias-destacadas","24":"tag-noticiasdestacadas","25":"tag-rescate-de-vu00edctimas","26":"tag-tibet","27":"tag-titulares","28":"tag-ultimas-noticias","29":"tag-ultimasnoticias","30":"tag-world","31":"tag-world-news","32":"tag-worldnews"},"share_on_mastodon":{"url":"","error":""},"_links":{"self":[{"href":"https:\/\/www.europesays.com\/es\/wp-json\/wp\/v2\/posts\/160354","targetHints":{"allow":["GET"]}}],"collection":[{"href":"https:\/\/www.europesays.com\/es\/wp-json\/wp\/v2\/posts"}],"about":[{"href":"https:\/\/www.europesays.com\/es\/wp-json\/wp\/v2\/types\/post"}],"author":[{"embeddable":true,"href":"https:\/\/www.europesays.com\/es\/wp-json\/wp\/v2\/users\/2"}],"replies":[{"embeddable":true,"href":"https:\/\/www.europesays.com\/es\/wp-json\/wp\/v2\/comments?post=160354"}],"version-history":[{"count":0,"href":"https:\/\/www.europesays.com\/es\/wp-json\/wp\/v2\/posts\/160354\/revisions"}],"wp:featuredmedia":[{"embeddable":true,"href":"https:\/\/www.europesays.com\/es\/wp-json\/wp\/v2\/media\/160355"}],"wp:attachment":[{"href":"https:\/\/www.europesays.com\/es\/wp-json\/wp\/v2\/media?parent=160354"}],"wp:term":[{"taxonomy":"category","embeddable":true,"href":"https:\/\/www.europesays.com\/es\/wp-json\/wp\/v2\/categories?post=160354"},{"taxonomy":"post_tag","embeddable":true,"href":"https:\/\/www.europesays.com\/es\/wp-json\/wp\/v2\/tags?post=160354"}],"curies":[{"name":"wp","href":"https:\/\/api.w.org\/{rel}","templated":true}]}}