{"id":160358,"date":"2025-10-07T03:46:14","date_gmt":"2025-10-07T03:46:14","guid":{"rendered":"https:\/\/www.europesays.com\/es\/160358\/"},"modified":"2025-10-07T03:46:14","modified_gmt":"2025-10-07T03:46:14","slug":"la-aemet-anuncia-que-las-danas-de-gran-impacto-tendran-nombre-propio","status":"publish","type":"post","link":"https:\/\/www.europesays.com\/es\/160358\/","title":{"rendered":"la Aemet anuncia que las danas de gran impacto tendr\u00e1n nombre propio"},"content":{"rendered":"<p class=\"article-text\">\n        La <strong>Agencia Estatal de Meteorolog\u00eda <\/strong>(<a href=\"https:\/\/www.eldiario.es\/temas\/aemet\/\" data-mrf-recirculation=\"links-noticia\" class=\"link\" rel=\"nofollow noopener\" target=\"_blank\">Aemet<\/a>) ha anunciado que, a partir de ahora, las danas tendr\u00e1n nombre propio al igual que sucede con las borrascas para mejorar la comunicaci\u00f3n hacia la sociedad y que se eviten confusiones al respecto, seg\u00fan el propio comunicado de prensa.\n    <\/p>\n<p>    <a href=\"https:\/\/www.eldiario.es\/sociedad\/el-tiempo\/aemet-preve-semana-calida-normal-lluvias-mediterraneo-pm_1_12659418.html\" data-mrf-recirculation=\"saber-mas\" data-dl-event=\"saber-mas\" rel=\"nofollow noopener\" target=\"_blank\"><\/p>\n<p class=\"know-more__title\">La Aemet prev\u00e9 una semana m\u00e1s c\u00e1lida de lo normal y lluvias en el Mediterr\u00e1neo<\/p>\n<p>            <img decoding=\"async\" class=\"lazy\" loading=\"lazy\" data-src=\"https:\/\/static.eldiario.es\/clip\/125e2e59-e6a3-43b9-9401-bb2d76aad31d_16-9-aspect-ratio_default_0.jpg\" src=\"data:image\/svg+xml,%3Csvg xmlns=\" http:=\"\" viewbox=\"0 0 880 495\" alt=\"La Aemet prev\u00e9 una semana m\u00e1s c\u00e1lida de lo normal y lluvias en el Mediterr\u00e1neo\"\/><\/p>\n<p>                        <\/a><\/p>\n<p class=\"article-text\">\n        En este caso, ser\u00e1n las danas que tengan previsi\u00f3n de gran impacto para evitar que se asocie este fen\u00f3meno meteorol\u00f3gico a situaciones catastr\u00f3ficas y que la comunicaci\u00f3n entre los servicios de meteorolog\u00eda y la poblaci\u00f3n.\n    <\/p>\n<p>    Evitar que se asocie todas las Danas a cat\u00e1strofes<\/p>\n<p class=\"article-text\">\n        El objetivo de la <strong>Aemet<\/strong> con este cambio de estrategia de poner nombre propio a las danas de gran impacto se produce por el hecho de mejorar la comunicaci\u00f3n hac\u00eda la ciudadan\u00eda y los medios de comunicaci\u00f3n, favorecer la preparaci\u00f3n y la respuesta de las diferentes administraciones responsable ante episodios meteorol\u00f3gicos adversos, la elaboraci\u00f3n de estudios a posteriori y evitar confusiones para que el mensaje se reciba de forma m\u00e1s eficiente.\n    <\/p>\n<blockquote class=\"twitter-tweet\" data-lang=\"es\"><p><a href=\"https:\/\/twitter.com\/X\/status\/1975160135224864879?ref_src=twsrc%5Etfw\" rel=\"nofollow noopener\" target=\"_blank\"><\/p><\/blockquote>\n<p class=\"article-text\">\n        Cabe recordar que <strong>DANA<\/strong> es un acr\u00f3nimo que hace referencia a \u201cdepresi\u00f3n aislada en niveles altos\u201d y que son \u201csistemas de evoluci\u00f3n completa y de dif\u00edcil predicci\u00f3n\u201d que en uni\u00f3n \u201ccon otros factores\u201d son capaces de \u201cgenerar precipitaciones muy intensas, localmente torrenciales y tormentas de gran impacto\u201d seg\u00fan definici\u00f3n de la propia AEMET.\n    <\/p>\n<p class=\"article-text\">\n        De hecho, la <strong>AEMET<\/strong> aclara que \u201cno siempre que una dana se sit\u00faa en nuestro entorno geogr\u00e1fico se produce una situaci\u00f3n de gran impacto\u201d y es por ello que el designar un nombre propio solo a las que sean potencialmente de gran impacto podr\u00eda ayudar a que el mensaje llegue de forma m\u00e1s eficiente y clara a la sociedad y medios.\n    <\/p>\n<p>    La primera dana se llamar\u00e1 Alice<\/p>\n<p class=\"article-text\">\n        Estas danas, de hecho, ir\u00e1n con avisos de nivel naranja o rojo por parte de la <strong>Aemet<\/strong> como fen\u00f3menos meteorol\u00f3gicos adversos que son y forman parte de \u201cla construcci\u00f3n de un sistema coordinado, claro y eficaz de comunicaci\u00f3n de riesgos meteorol\u00f3gicos\u201d y que va en l\u00ednea de est\u00e1ndares europeos.\n    <\/p>\n<p>    <a href=\"https:\/\/www.eldiario.es\/sociedad\/el-tiempo\/despues-laurence-nombres-llevaran-proximas-borrascas-azoten-geografia-tiempo-lluvia-pm_1_12144110.html\" data-mrf-recirculation=\"saber-mas-abajo\" data-dl-event=\"saber-mas-abajo\" rel=\"nofollow noopener\" target=\"_blank\"><\/p>\n<p class=\"know-more__title\">De Laurence a Martinho: as\u00ed se eligen los nombres de las borrascas que azotan Espa\u00f1a\n<\/p>\n<p>            <img decoding=\"async\" class=\"lazy\" loading=\"lazy\" data-src=\"https:\/\/static.eldiario.es\/clip\/dffb9baf-720a-4630-b275-048fe246082b_16-9-aspect-ratio_default_0.jpg\" src=\"data:image\/svg+xml,%3Csvg xmlns=\" http:=\"\" viewbox=\"0 0 880 495\" alt=\"De Laurence a Martinho: as\u00ed se eligen los nombres de las borrascas que azotan Espa\u00f1a\"\/><\/p>\n<p>                        <\/a><\/p>\n<p class=\"article-text\">\n        De esta forma, la Aemet ha publicado tambi\u00e9n la lista de 21 nombres que tendr\u00e1n las pr\u00f3ximas danas que pasar\u00e1n por el territorio y que se prev\u00e9 que generen gran impacto, siendo la primera de ellas bajo el nombre de <strong>Alice<\/strong>, seguidos de <strong>Benjam\u00edn<\/strong> y <strong>Claudia<\/strong>, para acabar con <strong>Vitor<\/strong> y <strong>Wilma<\/strong>.\n    <\/p>\n<p>                                <script async src=\"https:\/\/platform.twitter.com\/widgets.js\" charset=\"utf-8\"><\/script><\/p>\n","protected":false},"excerpt":{"rendered":"La Agencia Estatal de Meteorolog\u00eda (Aemet) ha anunciado que, a partir de ahora, las danas tendr\u00e1n nombre propio&hellip;\n","protected":false},"author":2,"featured_media":160359,"comment_status":"","ping_status":"","sticky":false,"template":"","format":"standard","meta":{"footnotes":""},"categories":[5],"tags":[2980,47625,17,18,47623,25,24,1090,13,14,3956,11,7761,19,20,47624,9,14043,10,15,16,2678,8873,1262,23,12,21,22],"class_list":{"0":"post-160358","1":"post","2":"type-post","3":"status-publish","4":"format-standard","5":"has-post-thumbnail","7":"category-titulares","8":"tag-aemet","9":"tag-borrascas","10":"tag-breaking-news","11":"tag-breakingnews","12":"tag-danas","13":"tag-es","14":"tag-espana","15":"tag-estrategia","16":"tag-featured-news","17":"tag-featurednews","18":"tag-gran","19":"tag-headlines","20":"tag-impacto","21":"tag-latest-news","22":"tag-latestnews","23":"tag-llevaran","24":"tag-news","25":"tag-nombre","26":"tag-noticias","27":"tag-noticias-destacadas","28":"tag-noticiasdestacadas","29":"tag-pm","30":"tag-propio","31":"tag-sigue","32":"tag-spain","33":"tag-titulares","34":"tag-ultimas-noticias","35":"tag-ultimasnoticias"},"share_on_mastodon":{"url":"","error":""},"_links":{"self":[{"href":"https:\/\/www.europesays.com\/es\/wp-json\/wp\/v2\/posts\/160358","targetHints":{"allow":["GET"]}}],"collection":[{"href":"https:\/\/www.europesays.com\/es\/wp-json\/wp\/v2\/posts"}],"about":[{"href":"https:\/\/www.europesays.com\/es\/wp-json\/wp\/v2\/types\/post"}],"author":[{"embeddable":true,"href":"https:\/\/www.europesays.com\/es\/wp-json\/wp\/v2\/users\/2"}],"replies":[{"embeddable":true,"href":"https:\/\/www.europesays.com\/es\/wp-json\/wp\/v2\/comments?post=160358"}],"version-history":[{"count":0,"href":"https:\/\/www.europesays.com\/es\/wp-json\/wp\/v2\/posts\/160358\/revisions"}],"wp:featuredmedia":[{"embeddable":true,"href":"https:\/\/www.europesays.com\/es\/wp-json\/wp\/v2\/media\/160359"}],"wp:attachment":[{"href":"https:\/\/www.europesays.com\/es\/wp-json\/wp\/v2\/media?parent=160358"}],"wp:term":[{"taxonomy":"category","embeddable":true,"href":"https:\/\/www.europesays.com\/es\/wp-json\/wp\/v2\/categories?post=160358"},{"taxonomy":"post_tag","embeddable":true,"href":"https:\/\/www.europesays.com\/es\/wp-json\/wp\/v2\/tags?post=160358"}],"curies":[{"name":"wp","href":"https:\/\/api.w.org\/{rel}","templated":true}]}}